{"id":989,"date":"2023-05-22T14:37:25","date_gmt":"2023-05-22T12:37:25","guid":{"rendered":"https:\/\/epedagog.edu.pl\/aktualnosci\/?p=989"},"modified":"2024-11-25T07:59:14","modified_gmt":"2024-11-25T06:59:14","slug":"asystent-nauczyciela-przedszkola-a-brak-wyksztalcenia-pedagogicznego","status":"publish","type":"post","link":"https:\/\/epedagog.edu.pl\/aktualnosci\/asystent-nauczyciela-przedszkola-a-brak-wyksztalcenia-pedagogicznego\/","title":{"rendered":"Asystent nauczyciela przedszkola a brak wykszta\u0142cenia pedagogicznego"},"content":{"rendered":"<p><span style=\"font-weight: 400;\">Czas edukacji przedszkolnej stanowi bardzo wa\u017cny etap w rozwoju dziecka, poniewa\u017c jest to czas kiedy nast\u0119puje stopniowe wdra\u017canie go w \u017cycie spo\u0142eczne. Wtedy to uczy si\u0119 funkcjonowa\u0107 poza rodzin\u0105, a tak\u017ce budowa\u0107 przynale\u017cno\u015b\u0107 w nowej grupie r\u00f3wie\u015bniczej. Dodatkowo w przedszkolu dzieci przygotowuj\u0105 si\u0119 do dalszej edukacji, mimo \u017ce pozostaje to czas beztroskiej zabawy. <\/span><b>Wskazuj\u0105c na to, jak wa\u017cny jest to okres dla malucha, nie ma w\u0105tpliwo\u015bci, \u017ce powinien on by\u0107 otoczony odpowiedni\u0105 opiek\u0105. W zwi\u0105zku z tym bardzo wa\u017cny jest poziom umiej\u0119tno\u015bci kadry przedszkolnej<\/b><span style=\"font-weight: 400;\">. W dalszej cz\u0119\u015bci artyku\u0142u odpowiemy na pytania, czy praca w przedszkolu bez wykszta\u0142cenia pedagogicznego jest mo\u017cliwa, a tak\u017ce jakie wymagania musi spe\u0142nia\u0107 pomoc przedszkolna.<\/span><\/p>\n<div id=\"ez-toc-container\" class=\"ez-toc-v2_0_76 counter-hierarchy ez-toc-counter ez-toc-custom ez-toc-container-direction\">\n<div class=\"ez-toc-title-container\">\n<p class=\"ez-toc-title\" style=\"cursor:inherit\">Spis tre\u015bci<\/p>\n<span class=\"ez-toc-title-toggle\"><a href=\"#\" class=\"ez-toc-pull-right ez-toc-btn ez-toc-btn-xs ez-toc-btn-default ez-toc-toggle\" aria-label=\"Prze\u0142\u0105cznik Spisu Tre\u015bci\"><span class=\"ez-toc-js-icon-con\"><span class=\"\"><span class=\"eztoc-hide\" style=\"display:none;\">Toggle<\/span><span class=\"ez-toc-icon-toggle-span\"><svg style=\"fill: #999;color:#999\" xmlns=\"http:\/\/www.w3.org\/2000\/svg\" class=\"list-377408\" width=\"20px\" height=\"20px\" viewBox=\"0 0 24 24\" fill=\"none\"><path d=\"M6 6H4v2h2V6zm14 0H8v2h12V6zM4 11h2v2H4v-2zm16 0H8v2h12v-2zM4 16h2v2H4v-2zm16 0H8v2h12v-2z\" fill=\"currentColor\"><\/path><\/svg><svg style=\"fill: #999;color:#999\" class=\"arrow-unsorted-368013\" xmlns=\"http:\/\/www.w3.org\/2000\/svg\" width=\"10px\" height=\"10px\" viewBox=\"0 0 24 24\" version=\"1.2\" baseProfile=\"tiny\"><path d=\"M18.2 9.3l-6.2-6.3-6.2 6.3c-.2.2-.3.4-.3.7s.1.5.3.7c.2.2.4.3.7.3h11c.3 0 .5-.1.7-.3.2-.2.3-.5.3-.7s-.1-.5-.3-.7zM5.8 14.7l6.2 6.3 6.2-6.3c.2-.2.3-.5.3-.7s-.1-.5-.3-.7c-.2-.2-.4-.3-.7-.3h-11c-.3 0-.5.1-.7.3-.2.2-.3.5-.3.7s.1.5.3.7z\"\/><\/svg><\/span><\/span><\/span><\/a><\/span><\/div>\n<nav><ul class='ez-toc-list ez-toc-list-level-1 ' ><li class='ez-toc-page-1 ez-toc-heading-level-2'><a class=\"ez-toc-link ez-toc-heading-1\" href=\"https:\/\/epedagog.edu.pl\/aktualnosci\/asystent-nauczyciela-przedszkola-a-brak-wyksztalcenia-pedagogicznego\/#Asystent_nauczyciela_przedszkola_%E2%80%93_praca_dla_kazdego\" >Asystent nauczyciela przedszkola \u2013 praca dla ka\u017cdego?<\/a><\/li><li class='ez-toc-page-1 ez-toc-heading-level-2'><a class=\"ez-toc-link ez-toc-heading-2\" href=\"https:\/\/epedagog.edu.pl\/aktualnosci\/asystent-nauczyciela-przedszkola-a-brak-wyksztalcenia-pedagogicznego\/#Praca_w_przedszkolu_bez_wyksztalcenia_pedagogicznego\" >Praca w przedszkolu bez wykszta\u0142cenia pedagogicznego<\/a><\/li><li class='ez-toc-page-1 ez-toc-heading-level-2'><a class=\"ez-toc-link ez-toc-heading-3\" href=\"https:\/\/epedagog.edu.pl\/aktualnosci\/asystent-nauczyciela-przedszkola-a-brak-wyksztalcenia-pedagogicznego\/#Co_daje_kurs_asystenta_nauczyciela_przedszkola\" >Co daje kurs asystenta nauczyciela przedszkola?<\/a><\/li><\/ul><\/nav><\/div>\n<h2><span class=\"ez-toc-section\" id=\"Asystent_nauczyciela_przedszkola_%E2%80%93_praca_dla_kazdego\"><\/span><span style=\"font-weight: 400;\">Asystent nauczyciela przedszkola \u2013 praca dla ka\u017cdego?<\/span><span class=\"ez-toc-section-end\"><\/span><\/h2>\n<p><span style=\"font-weight: 400;\">W przypadku asystenta nauczyciela przedszkola praca nie mo\u017ce by\u0107 wykonywana przez ka\u017cdego. Osoba na tym stanowisku <\/span><b>musi spe\u0142nia\u0107 pewne wymogi dotycz\u0105ce swoich kompetencji, a tak\u017ce niekaralno\u015bci<\/b><span style=\"font-weight: 400;\">. Oznacza to, \u017ce pomoc\u0105 przedszkoln\u0105 nie mo\u017ce zosta\u0107 osoba uznana przez s\u0105d za winn\u0105 pope\u0142nienia przest\u0119pstwa. Ponadto asystentka nauczyciela przedszkola pracy nie mo\u017ce wykonywa\u0107, je\u017celi jest osob\u0105 ubezw\u0142asnowolnion\u0105 lub toczy si\u0119 przeciwko niej post\u0119powanie karne lub dyscyplinarne.<\/span><\/p>\n<blockquote><p><a title=\"Kurs Kwalifikacyjny asystenta nauczyciela przedszkola\" href=\"https:\/\/epedagog.edu.pl\/oferta\/kursy\/kurs-kwalifikacyjny-asystenta-nauczyciela-przedszkola\"><span style=\"font-weight: 400;\">Zapisz si\u0119 na \u201cKurs Kwalifikacyjny asystenta nauczyciela przedszkola\u201d, by zwi\u0119kszy\u0107 swoje szanse na prac\u0119 jako pomoc przedszkolna<\/span><\/a><\/p><\/blockquote>\n<h2><span class=\"ez-toc-section\" id=\"Praca_w_przedszkolu_bez_wyksztalcenia_pedagogicznego\"><\/span><span style=\"font-weight: 400;\">Praca w przedszkolu bez wykszta\u0142cenia pedagogicznego<\/span><span class=\"ez-toc-section-end\"><\/span><\/h2>\n<p><b>Asystent nauczyciela przedszkola zajmuje si\u0119<\/b> <b>pomaganiem pracownikom tej instytucji w sprawowaniu opieki nad dzie\u0107mi<\/b><span style=\"font-weight: 400;\">. Dotyczy to zar\u00f3wno wykonywania czynno\u015bci piel\u0119gnacyjno-higienicznych, jak i realizowania procesu wychowawczo-dydaktycznego. W zwi\u0105zku z tym pomoc przedszkolna powinna mie\u0107 wiedz\u0119 w kwestiach opieki nad dzieckiem, jednak <\/span><b>mo\u017cliwe jest rozpocz\u0119cie przez ni\u0105 pracy w przedszkolu bez wykszta\u0142cenia pedagogicznego<\/b><span style=\"font-weight: 400;\">. Jest ono niezb\u0119dne, by zatrudni\u0107 si\u0119 jako nauczyciel, ale jedynie mile widziane w przypadku asystenta nauczyciela przedszkola.<\/span><\/p>\n<p><a href=\"https:\/\/epedagog.edu.pl\/oferta\/kursy\/kurs-kwalifikacyjny-asystenta-nauczyciela-przedszkola\"><img loading=\"lazy\" decoding=\"async\" class=\"alignnone wp-image-613 size-full\" src=\"https:\/\/epedagog.edu.pl\/aktualnosci\/wp-content\/uploads\/2022\/03\/baner_linkuj\u0105cy.png\" alt=\"baner: Kurs Kwalifikacyjny asystenta nauczyciela przedszkola\" width=\"694\" height=\"151\" srcset=\"https:\/\/epedagog.edu.pl\/aktualnosci\/wp-content\/uploads\/2022\/03\/baner_linkuj\u0105cy.png 694w, https:\/\/epedagog.edu.pl\/aktualnosci\/wp-content\/uploads\/2022\/03\/baner_linkuj\u0105cy-300x65.png 300w\" sizes=\"auto, (max-width: 694px) 100vw, 694px\" \/><\/a><\/p>\n<p><span style=\"font-weight: 400;\">Jednak praca w przedszkolu charakteryzuje si\u0119 wysok\u0105 odpowiedzialno\u015bci\u0105, dlatego warto wzi\u0105\u0107 udzia\u0142 w szkoleniu, kt\u00f3re odpowiednio przygotuje do prawid\u0142owego wykonywania powierzonych obowi\u0105zk\u00f3w. Szczeg\u00f3lnie \u017ce <\/span><b>asystent nauczyciela powinien przy tym przestrzega\u0107 przepis\u00f3w BHP i ochrony przeciwpo\u017carowej<\/b><span style=\"font-weight: 400;\">. Dlatego te\u017c warto zdecydowa\u0107 si\u0119 na oferowany przez nas \u201cKurs Kwalifikacyjny asystenta nauczyciela przedszkola\u201d.<\/span><\/p>\n<h2><span class=\"ez-toc-section\" id=\"Co_daje_kurs_asystenta_nauczyciela_przedszkola\"><\/span><span style=\"font-weight: 400;\">Co daje kurs asystenta nauczyciela przedszkola?<\/span><span class=\"ez-toc-section-end\"><\/span><\/h2>\n<p><span style=\"font-weight: 400;\"><img loading=\"lazy\" decoding=\"async\" class=\"size-medium wp-image-991 alignleft\" src=\"https:\/\/epedagog.edu.pl\/aktualnosci\/wp-content\/uploads\/2023\/06\/Asystent-nauczyciela-przedszkola-praca-300x300.png\" alt=\"Asystent nauczyciela przedszkola praca\" width=\"300\" height=\"300\" srcset=\"https:\/\/epedagog.edu.pl\/aktualnosci\/wp-content\/uploads\/2023\/06\/Asystent-nauczyciela-przedszkola-praca-300x300.png 300w, https:\/\/epedagog.edu.pl\/aktualnosci\/wp-content\/uploads\/2023\/06\/Asystent-nauczyciela-przedszkola-praca-1024x1024.png 1024w, https:\/\/epedagog.edu.pl\/aktualnosci\/wp-content\/uploads\/2023\/06\/Asystent-nauczyciela-przedszkola-praca-150x150.png 150w, https:\/\/epedagog.edu.pl\/aktualnosci\/wp-content\/uploads\/2023\/06\/Asystent-nauczyciela-przedszkola-praca-768x768.png 768w, https:\/\/epedagog.edu.pl\/aktualnosci\/wp-content\/uploads\/2023\/06\/Asystent-nauczyciela-przedszkola-praca-696x696.png 696w, https:\/\/epedagog.edu.pl\/aktualnosci\/wp-content\/uploads\/2023\/06\/Asystent-nauczyciela-przedszkola-praca-1068x1068.png 1068w, https:\/\/epedagog.edu.pl\/aktualnosci\/wp-content\/uploads\/2023\/06\/Asystent-nauczyciela-przedszkola-praca-420x420.png 420w, https:\/\/epedagog.edu.pl\/aktualnosci\/wp-content\/uploads\/2023\/06\/Asystent-nauczyciela-przedszkola-praca.png 1080w\" sizes=\"auto, (max-width: 300px) 100vw, 300px\" \/>Kursy asystenta nauczyciela przedszkola tworzone s\u0105 w celu wyposa\u017cenia uczestnik\u00f3w w wiedz\u0119 potrzebn\u0105 do podj\u0119cia pracy w przedszkolu. Powinny one kompleksowo przygotowywa\u0107 kursant\u00f3w do wykonywania r\u00f3\u017cnorodnych obowi\u0105zk\u00f3w zawodowych jako pomoc przedszkolna. Dlatego te\u017c nasz <\/span><b>\u201cKurs Kwalifikacyjny asystenta nauczyciela przedszkola\u201d<\/b> <b>zosta\u0142 opracowany tak, by kursant naby\u0142 wszechstronne umiej\u0119tno\u015bci<\/b><span style=\"font-weight: 400;\">.\u00a0<\/span><\/p>\n<p><span style=\"font-weight: 400;\">W zwi\u0105zku z tym podczas szkolenia poruszane s\u0105 tematy dotycz\u0105ce pedagogiki, psychologii, a tak\u017ce socjologii. Poza tym kursant przygotowuje si\u0119 do edukacji z r\u00f3\u017cnorodnego zakresu, komunikacji z dzieckiem oraz metodyki organizacji czasu wolnego. Dodatkowo omawiane s\u0105 kwestie zwi\u0105zane z prawami dziecka, udzielaniem mu pierwszej pomocy oraz zasadami BHP w przedszkolu. Rejestracji na szkolenie mo\u017cna dokona\u0107 pod poni\u017cszym odno\u015bnikiem:<\/span><a title=\"Kurs Kwalifikacyjny asystenta nauczyciela przedszkola\" href=\"https:\/\/epedagog.edu.pl\/kursy\/119\"> <span style=\"font-weight: 400;\">https:\/\/epedagog.edu.pl\/kursy\/119<\/span><\/a><\/p>\n<p><span style=\"font-weight: 400;\">Warto doda\u0107, \u017ce absolwent \u201cKursu Kwalifikacyjnego asystenta nauczyciela przedszkola\u201d otrzymuje <\/span><b>dokument potwierdzaj\u0105cy uko\u0144czenie szkolenia potwierdzaj\u0105cy zdobycie kwalifikacji zgodnych z wytycznymi Ministerstwa Edukacji Narodowej<\/b><span style=\"font-weight: 400;\">.<\/span><\/p>\n","protected":false},"excerpt":{"rendered":"<p>Czas edukacji przedszkolnej stanowi bardzo wa\u017cny etap w rozwoju dziecka, poniewa\u017c jest to czas kiedy nast\u0119puje stopniowe wdra\u017canie go w \u017cycie spo\u0142eczne. Wtedy to uczy si\u0119 funkcjonowa\u0107 poza rodzin\u0105, a tak\u017ce budowa\u0107 przynale\u017cno\u015b\u0107 w nowej grupie r\u00f3wie\u015bniczej. Dodatkowo w przedszkolu dzieci przygotowuj\u0105 si\u0119 do dalszej edukacji, mimo \u017ce pozostaje to czas beztroskiej zabawy. Wskazuj\u0105c na [&hellip;]<\/p>\n","protected":false},"author":12,"featured_media":990,"comment_status":"closed","ping_status":"closed","sticky":false,"template":"","format":"standard","meta":{"_lmt_disableupdate":"no","_lmt_disable":"no","footnotes":""},"categories":[1270],"tags":[],"class_list":["post-989","post","type-post","status-publish","format-standard","has-post-thumbnail","hentry","category-pedagogika"],"modified_by":"digital","_links":{"self":[{"href":"https:\/\/epedagog.edu.pl\/aktualnosci\/wp-json\/wp\/v2\/posts\/989","targetHints":{"allow":["GET"]}}],"collection":[{"href":"https:\/\/epedagog.edu.pl\/aktualnosci\/wp-json\/wp\/v2\/posts"}],"about":[{"href":"https:\/\/epedagog.edu.pl\/aktualnosci\/wp-json\/wp\/v2\/types\/post"}],"author":[{"embeddable":true,"href":"https:\/\/epedagog.edu.pl\/aktualnosci\/wp-json\/wp\/v2\/users\/12"}],"replies":[{"embeddable":true,"href":"https:\/\/epedagog.edu.pl\/aktualnosci\/wp-json\/wp\/v2\/comments?post=989"}],"version-history":[{"count":1,"href":"https:\/\/epedagog.edu.pl\/aktualnosci\/wp-json\/wp\/v2\/posts\/989\/revisions"}],"predecessor-version":[{"id":992,"href":"https:\/\/epedagog.edu.pl\/aktualnosci\/wp-json\/wp\/v2\/posts\/989\/revisions\/992"}],"wp:featuredmedia":[{"embeddable":true,"href":"https:\/\/epedagog.edu.pl\/aktualnosci\/wp-json\/wp\/v2\/media\/990"}],"wp:attachment":[{"href":"https:\/\/epedagog.edu.pl\/aktualnosci\/wp-json\/wp\/v2\/media?parent=989"}],"wp:term":[{"taxonomy":"category","embeddable":true,"href":"https:\/\/epedagog.edu.pl\/aktualnosci\/wp-json\/wp\/v2\/categories?post=989"},{"taxonomy":"post_tag","embeddable":true,"href":"https:\/\/epedagog.edu.pl\/aktualnosci\/wp-json\/wp\/v2\/tags?post=989"}],"curies":[{"name":"wp","href":"https:\/\/api.w.org\/{rel}","templated":true}]}}