{"id":911,"date":"2026-02-26T08:55:26","date_gmt":"2026-02-26T07:55:26","guid":{"rendered":"https:\/\/epedagog.edu.pl\/aktualnosci\/?p=911"},"modified":"2026-03-12T11:49:43","modified_gmt":"2026-03-12T10:49:43","slug":"co-ma-wplyw-na-zarobki-nauczycieli","status":"publish","type":"post","link":"https:\/\/epedagog.edu.pl\/aktualnosci\/co-ma-wplyw-na-zarobki-nauczycieli\/","title":{"rendered":"Co w 2026 roku ma wp\u0142yw na zarobki nauczycieli?"},"content":{"rendered":"<p><span style=\"font-weight: 400;\">Jak podwy\u017cki odczuj\u0105 nauczyciele w swoich miesi\u0119cznych wyp\u0142atach? <\/span><b>W 2026 roku wprowadzono aktualizacj\u0119 stawek zasadniczych oraz korekt\u0119 dodatk\u00f3w wynikaj\u0105c\u0105 z nowych regulacji bud\u017cetowych.<\/b><span style=\"font-weight: 400;\"> Sprawd\u017a, kt\u00f3re elementy wynagrodzenia zosta\u0142y obj\u0119te zmian\u0105 i jak przek\u0142ada si\u0119 to na wysoko\u015b\u0107 pensji pedagoga.<\/span><\/p>\n<div id=\"ez-toc-container\" class=\"ez-toc-v2_0_76 counter-hierarchy ez-toc-counter ez-toc-custom ez-toc-container-direction\">\n<div class=\"ez-toc-title-container\">\n<p class=\"ez-toc-title\" style=\"cursor:inherit\">Spis tre\u015bci<\/p>\n<span class=\"ez-toc-title-toggle\"><a href=\"#\" class=\"ez-toc-pull-right ez-toc-btn ez-toc-btn-xs ez-toc-btn-default ez-toc-toggle\" aria-label=\"Prze\u0142\u0105cznik Spisu Tre\u015bci\"><span class=\"ez-toc-js-icon-con\"><span class=\"\"><span class=\"eztoc-hide\" style=\"display:none;\">Toggle<\/span><span class=\"ez-toc-icon-toggle-span\"><svg style=\"fill: #999;color:#999\" xmlns=\"http:\/\/www.w3.org\/2000\/svg\" class=\"list-377408\" width=\"20px\" height=\"20px\" viewBox=\"0 0 24 24\" fill=\"none\"><path d=\"M6 6H4v2h2V6zm14 0H8v2h12V6zM4 11h2v2H4v-2zm16 0H8v2h12v-2zM4 16h2v2H4v-2zm16 0H8v2h12v-2z\" fill=\"currentColor\"><\/path><\/svg><svg style=\"fill: #999;color:#999\" class=\"arrow-unsorted-368013\" xmlns=\"http:\/\/www.w3.org\/2000\/svg\" width=\"10px\" height=\"10px\" viewBox=\"0 0 24 24\" version=\"1.2\" baseProfile=\"tiny\"><path d=\"M18.2 9.3l-6.2-6.3-6.2 6.3c-.2.2-.3.4-.3.7s.1.5.3.7c.2.2.4.3.7.3h11c.3 0 .5-.1.7-.3.2-.2.3-.5.3-.7s-.1-.5-.3-.7zM5.8 14.7l6.2 6.3 6.2-6.3c.2-.2.3-.5.3-.7s-.1-.5-.3-.7c-.2-.2-.4-.3-.7-.3h-11c-.3 0-.5.1-.7.3-.2.2-.3.5-.3.7s.1.5.3.7z\"\/><\/svg><\/span><\/span><\/span><\/a><\/span><\/div>\n<nav><ul class='ez-toc-list ez-toc-list-level-1 ' ><li class='ez-toc-page-1 ez-toc-heading-level-2'><a class=\"ez-toc-link ez-toc-heading-1\" href=\"https:\/\/epedagog.edu.pl\/aktualnosci\/co-ma-wplyw-na-zarobki-nauczycieli\/#Co_decyduje_o_zarobkach_nauczycieli_w_2026_roku\" >Co decyduje o zarobkach nauczycieli w 2026 roku?<\/a><\/li><li class='ez-toc-page-1 ez-toc-heading-level-2'><a class=\"ez-toc-link ez-toc-heading-2\" href=\"https:\/\/epedagog.edu.pl\/aktualnosci\/co-ma-wplyw-na-zarobki-nauczycieli\/#Ile_wynosza_minimalne_stawki_w_2026_roku\" >Ile wynosz\u0105 minimalne stawki w 2026 roku?<\/a><\/li><li class='ez-toc-page-1 ez-toc-heading-level-2'><a class=\"ez-toc-link ez-toc-heading-3\" href=\"https:\/\/epedagog.edu.pl\/aktualnosci\/co-ma-wplyw-na-zarobki-nauczycieli\/#Jak_dodatki_zwiekszaja_pensje_nauczyciela\" >Jak dodatki zwi\u0119kszaj\u0105 pensj\u0119 nauczyciela?<\/a><\/li><li class='ez-toc-page-1 ez-toc-heading-level-2'><a class=\"ez-toc-link ez-toc-heading-4\" href=\"https:\/\/epedagog.edu.pl\/aktualnosci\/co-ma-wplyw-na-zarobki-nauczycieli\/#Co_jeszcze_wplywa_na_zarobki_nauczyciela\" >Co jeszcze wp\u0142ywa na zarobki nauczyciela?<\/a><\/li><li class='ez-toc-page-1 ez-toc-heading-level-2'><a class=\"ez-toc-link ez-toc-heading-5\" href=\"https:\/\/epedagog.edu.pl\/aktualnosci\/co-ma-wplyw-na-zarobki-nauczycieli\/#FAQ\" >FAQ<\/a><ul class='ez-toc-list-level-3' ><li class='ez-toc-heading-level-3'><a class=\"ez-toc-link ez-toc-heading-6\" href=\"https:\/\/epedagog.edu.pl\/aktualnosci\/co-ma-wplyw-na-zarobki-nauczycieli\/#Czy_kazdy_nauczyciel_otrzyma_podwyzke_w_2026_roku\" >Czy ka\u017cdy nauczyciel otrzyma podwy\u017ck\u0119 w 2026 roku?<\/a><\/li><li class='ez-toc-page-1 ez-toc-heading-level-3'><a class=\"ez-toc-link ez-toc-heading-7\" href=\"https:\/\/epedagog.edu.pl\/aktualnosci\/co-ma-wplyw-na-zarobki-nauczycieli\/#Ile_wynosi_pensja_nauczyciela\" >Ile wynosi pensja nauczyciela?<\/a><\/li><li class='ez-toc-page-1 ez-toc-heading-level-3'><a class=\"ez-toc-link ez-toc-heading-8\" href=\"https:\/\/epedagog.edu.pl\/aktualnosci\/co-ma-wplyw-na-zarobki-nauczycieli\/#Czy_dodatek_motywacyjny_jest_obowiazkowy_dla_kazdego_nauczyciela\" >Czy dodatek motywacyjny jest obowi\u0105zkowy dla ka\u017cdego nauczyciela?<\/a><\/li><\/ul><\/li><\/ul><\/nav><\/div>\n<h2><span class=\"ez-toc-section\" id=\"Co_decyduje_o_zarobkach_nauczycieli_w_2026_roku\"><\/span><span style=\"font-weight: 400;\">Co decyduje o zarobkach nauczycieli w 2026 roku?<\/span><span class=\"ez-toc-section-end\"><\/span><\/h2>\n<p><span style=\"font-weight: 400;\">O wysoko\u015bci wynagrodzenia pedagoga w 2026 roku nie decyduje jeden czynnik, lecz kilka element\u00f3w okre\u015blonych w przepisach, przede wszystkim w <\/span><b>Karcie Nauczyciela<\/b><span style=\"font-weight: 400;\">. Na ca\u0142kowite zarobki tego specjalisty sk\u0142adaj\u0105 si\u0119 m.in.:<\/span><\/p>\n<ul>\n<li style=\"font-weight: 400;\" aria-level=\"1\"><b>pensja zasadnicza (minimalne stawki)<\/b><span style=\"font-weight: 400;\"> \u2013 obliczana na podstawie kwoty bazowej i stopnia awansu zawodowego (sta\u017cysta\/pocz\u0105tkuj\u0105cy, mianowany, dyplomowany);<\/span><\/li>\n<li style=\"font-weight: 400;\" aria-level=\"1\"><b>dodatki sta\u017cowe<\/b><span style=\"font-weight: 400;\"> \u2013 procent od pensji zasadniczej uzale\u017cniony od lat pracy;<\/span><\/li>\n<li style=\"font-weight: 400;\" aria-level=\"1\"><b>dodatki funkcyjne i motywacyjne<\/b><span style=\"font-weight: 400;\"> \u2013 np. za funkcje kierownicze;<\/span><\/li>\n<li style=\"font-weight: 400;\" aria-level=\"1\"><b>wynagrodzenie za godziny ponadwymiarowe i zast\u0119pstwa<\/b><span style=\"font-weight: 400;\"> \u2013 dodatkowe lekcje\/praca za koleg\u00f3w;<\/span><\/li>\n<li style=\"font-weight: 400;\" aria-level=\"1\"><b>nagrody i \u015bwiadczenia (np. jubileuszowe)<\/b><span style=\"font-weight: 400;\"> \u2013 wa\u017cne szczeg\u00f3lnie po wielu latach pracy.<\/span><\/li>\n<\/ul>\n<p><b>Zobacz nasze <\/b><a href=\"https:\/\/epedagog.edu.pl\/oferta\/kategorie\/wszystkie\"><b>kursy pedagogiczne<\/b><\/a><b> i zwi\u0119ksz swoje szanse na wy\u017csze wynagrodzenie.<\/b><span style=\"font-weight: 400;\"> Dlaczego warto je uko\u0144czy\u0107? O tym przeczytasz w poni\u017cszym artykule: <\/span><a href=\"https:\/\/epedagog.edu.pl\/aktualnosci\/kursy-nauczycielskie-i-pedagogiczne-dlaczego-warto-je-zrobic-opinie\/\"><span style=\"font-weight: 400;\">Kursy nauczycielskie i pedagogiczne \u2013 dlaczego warto je zrobi\u0107? Opinie.<\/span><\/a><\/p>\n<p><img loading=\"lazy\" decoding=\"async\" class=\"aligncenter wp-image-914 size-large\" src=\"https:\/\/epedagog.edu.pl\/aktualnosci\/wp-content\/uploads\/2023\/03\/zarobki-nauczycieli-1024x436.jpg\" alt=\"zarobki nauczycieli\" width=\"696\" height=\"296\" srcset=\"https:\/\/epedagog.edu.pl\/aktualnosci\/wp-content\/uploads\/2023\/03\/zarobki-nauczycieli-1024x436.jpg 1024w, https:\/\/epedagog.edu.pl\/aktualnosci\/wp-content\/uploads\/2023\/03\/zarobki-nauczycieli-300x128.jpg 300w, https:\/\/epedagog.edu.pl\/aktualnosci\/wp-content\/uploads\/2023\/03\/zarobki-nauczycieli-768x327.jpg 768w, https:\/\/epedagog.edu.pl\/aktualnosci\/wp-content\/uploads\/2023\/03\/zarobki-nauczycieli-696x296.jpg 696w, https:\/\/epedagog.edu.pl\/aktualnosci\/wp-content\/uploads\/2023\/03\/zarobki-nauczycieli-1068x455.jpg 1068w, https:\/\/epedagog.edu.pl\/aktualnosci\/wp-content\/uploads\/2023\/03\/zarobki-nauczycieli-987x420.jpg 987w\" sizes=\"auto, (max-width: 696px) 100vw, 696px\" \/><\/p>\n<h2><span class=\"ez-toc-section\" id=\"Ile_wynosza_minimalne_stawki_w_2026_roku\"><\/span><span style=\"font-weight: 400;\">Ile wynosz\u0105 minimalne stawki w 2026 roku?<\/span><span class=\"ez-toc-section-end\"><\/span><\/h2>\n<p><span style=\"font-weight: 400;\">Od <\/span><b>1 stycznia 2026 roku kwota bazowa wynosi ok. 5 597,86 z\u0142 brutto<\/b><span style=\"font-weight: 400;\">, co oznacza oko\u0142o <\/span><b>3% waloryzacji wzgl\u0119dem 2025 roku<\/b><span style=\"font-weight: 400;\">. Stawki zasadnicze dla nauczycieli z tytu\u0142em magistra i przygotowaniem pedagogicznym wygl\u0105daj\u0105 nast\u0119puj\u0105co:<\/span><\/p>\n<ul>\n<li style=\"font-weight: 400;\" aria-level=\"1\"><b>nauczyciel pocz\u0105tkuj\u0105cy <\/b><span style=\"font-weight: 400;\">\u2013 6 824,35 z\u0142 brutto;<\/span><\/li>\n<li style=\"font-weight: 400;\" aria-level=\"1\"><b>nauczyciel mianowany <\/b><span style=\"font-weight: 400;\">\u2013 8 060,93 z\u0142 brutto;<\/span><\/li>\n<li style=\"font-weight: 400;\" aria-level=\"1\"><b>nauczyciel dyplomowany <\/b><span style=\"font-weight: 400;\">\u2013 10 307,07 z\u0142 brutto.<\/span><\/li>\n<\/ul>\n<h2><span class=\"ez-toc-section\" id=\"Jak_dodatki_zwiekszaja_pensje_nauczyciela\"><\/span><span style=\"font-weight: 400;\">Jak dodatki zwi\u0119kszaj\u0105 pensj\u0119 nauczyciela?<\/span><span class=\"ez-toc-section-end\"><\/span><\/h2>\n<p><b>Dodatki stanowi\u0105 istotn\u0105 cz\u0119\u015b\u0107 wynagrodzenia i mog\u0105 wyra\u017anie podnie\u015b\u0107 kwot\u0119 otrzymywan\u0105 co miesi\u0105c.<\/b><span style=\"font-weight: 400;\"> Ich wysoko\u015b\u0107 zale\u017cy od sta\u017cu pracy, miejsca zatrudnienia oraz pe\u0142nionej funkcji. Do najcz\u0119\u015bciej wyst\u0119puj\u0105cych element\u00f3w dodatkowych wynagrodzenia mo\u017cna zaliczy\u0107 m.in.:<\/span><\/p>\n<ul>\n<li style=\"font-weight: 400;\" aria-level=\"1\"><b>dodatek sta\u017cowy<\/b><span style=\"font-weight: 400;\"> \u2013 nawet do 20% pensji zasadniczej przy d\u0142ugim sta\u017cu pracy;<\/span><\/li>\n<li style=\"font-weight: 400;\" aria-level=\"1\"><b>dodatek wiejski<\/b><span style=\"font-weight: 400;\"> \u2013 minimum 10%, lub wi\u0119cej w ma\u0142ych miejscowo\u015bciach;<\/span><\/li>\n<li style=\"font-weight: 400;\" aria-level=\"1\"><b>dodatek motywacyjny \u2013 <\/b><span style=\"font-weight: 400;\">zale\u017cny od regulamin\u00f3w i dyrektora, w praktyce cz\u0119sto od 200 z\u0142 do nawet 1 000 z\u0142+;<\/span><\/li>\n<li style=\"font-weight: 400;\" aria-level=\"1\"><b>dodatki funkcyjne<\/b><span style=\"font-weight: 400;\"> \u2013 dla dyrektor\u00f3w, wicedyrektor\u00f3w, mentor\u00f3w \u2013 cz\u0119sto kilkaset do kilku tysi\u0119cy z\u0142otych wi\u0119cej.<\/span><\/li>\n<\/ul>\n<p><b>Pensje \u201ena r\u0119k\u0119\u201d mog\u0105 by\u0107 znacznie wy\u017csze ni\u017c minimalne stawki zasadnicze \u2013 szczeg\u00f3lnie tam, gdzie samorz\u0105d ustala dodatki wy\u017csze ni\u017c minimum.<\/b><\/p>\n<h2><span class=\"ez-toc-section\" id=\"Co_jeszcze_wplywa_na_zarobki_nauczyciela\"><\/span><span style=\"font-weight: 400;\">Co jeszcze wp\u0142ywa na zarobki nauczyciela?<\/span><span class=\"ez-toc-section-end\"><\/span><\/h2>\n<p><span style=\"font-weight: 400;\">Na wysoko\u015b\u0107 wynagrodzenia nauczyciela wp\u0142ywaj\u0105 nie tylko stawki ustawowe i dodatki, ale r\u00f3wnie\u017c<\/span><b> indywidualna sytuacja zawodowa<\/b> <b>oraz decyzje organu prowadz\u0105cego.<\/b><span style=\"font-weight: 400;\"> Do najwa\u017cniejszych czynnik\u00f3w nale\u017c\u0105:<\/span><\/p>\n<ul>\n<li style=\"font-weight: 400;\" aria-level=\"1\"><b>stopie\u0144 awansu zawodowego<\/b><span style=\"font-weight: 400;\"> \u2013 im wy\u017cszy, tym wi\u0119ksza baza wynagrodzenia;<\/span><\/li>\n<li style=\"font-weight: 400;\" aria-level=\"1\"><b>wykszta\u0142cenie i dodatkowe kompetencje specjalistyczne<\/b><span style=\"font-weight: 400;\"> \u2013 np. uko\u0144czone studia podyplomowe czy <\/span><a href=\"https:\/\/epedagog.edu.pl\/oferta\/kategorie\/wszystkie\"><span style=\"font-weight: 400;\">kursy pedagogiczne<\/span><\/a><span style=\"font-weight: 400;\">;<\/span><\/li>\n<li style=\"font-weight: 400;\" aria-level=\"1\"><b>funkcje i zadania dodatkowe<\/b><span style=\"font-weight: 400;\"> \u2013 np. wychowawstwo klasy, prowadzenie zaj\u0119\u0107 pozalekcyjnych;<\/span><\/li>\n<li style=\"font-weight: 400;\" aria-level=\"1\"><b>regulaminy samorz\u0105dowe<\/b><span style=\"font-weight: 400;\"> \u2013 to one cz\u0119sto kszta\u0142tuj\u0105 wysoko\u015b\u0107 dodatk\u00f3w motywacyjnych i funkcyjnych.<\/span><\/li>\n<\/ul>\n<p><span style=\"font-weight: 400;\">\u015awiadome planowanie rozwoju zawodowego mo\u017ce prze\u0142o\u017cy\u0107 si\u0119 na wy\u017csze zarobki i wi\u0119ksz\u0105 stabilno\u015b\u0107 zatrudnienia. <\/span><b>Sprawd\u017a dost\u0119pne formy kszta\u0142cenia i wybierz rozwi\u0105zanie, kt\u00f3re najlepiej wesprze Twoj\u0105 dalsz\u0105 prac\u0119 w o\u015bwiacie.<\/b><\/p>\n<h2><span class=\"ez-toc-section\" id=\"FAQ\"><\/span><span style=\"font-weight: 400;\">FAQ<\/span><span class=\"ez-toc-section-end\"><\/span><\/h2>\n<h3><span class=\"ez-toc-section\" id=\"Czy_kazdy_nauczyciel_otrzyma_podwyzke_w_2026_roku\"><\/span><span style=\"font-weight: 400;\">Czy ka\u017cdy nauczyciel otrzyma podwy\u017ck\u0119 w 2026 roku?<\/span><span class=\"ez-toc-section-end\"><\/span><\/h3>\n<p><span style=\"font-weight: 400;\">Tak, ka\u017cdy nauczyciel otrzyma podwy\u017ck\u0119 od stycznia 2026 roku w zwi\u0105zku z waloryzacj\u0105 kwoty bazowej.<\/span><\/p>\n<h3><span class=\"ez-toc-section\" id=\"Ile_wynosi_pensja_nauczyciela\"><\/span><span style=\"font-weight: 400;\">Ile wynosi pensja nauczyciela?<\/span><span class=\"ez-toc-section-end\"><\/span><\/h3>\n<p><span style=\"font-weight: 400;\">\u015arednia pensja nauczyciela w 2026 roku wynosi ok. 6 872 z\u0142 brutto dla nauczyciela pocz\u0105tkuj\u0105cego, ok. 8 061 z\u0142 brutto dla nauczyciela mianowanego oraz ok. 10 300 z\u0142 brutto dla nauczyciela dyplomowanego.<\/span><\/p>\n<h3><span class=\"ez-toc-section\" id=\"Czy_dodatek_motywacyjny_jest_obowiazkowy_dla_kazdego_nauczyciela\"><\/span><span style=\"font-weight: 400;\">Czy dodatek motywacyjny jest obowi\u0105zkowy dla ka\u017cdego nauczyciela?<\/span><span class=\"ez-toc-section-end\"><\/span><\/h3>\n<p><span style=\"font-weight: 400;\">Dodatek motywacyjny nie jest obowi\u0105zkowy dla ka\u017cdego nauczyciela, poniewa\u017c jego przyznanie zale\u017cy od regulaminu obowi\u0105zuj\u0105cego w danej jednostce samorz\u0105du oraz decyzji dyrektora szko\u0142y.<\/span><\/p>\n","protected":false},"excerpt":{"rendered":"<p>Jak podwy\u017cki odczuj\u0105 nauczyciele w swoich miesi\u0119cznych wyp\u0142atach? W 2026 roku wprowadzono aktualizacj\u0119 stawek zasadniczych oraz korekt\u0119 dodatk\u00f3w wynikaj\u0105c\u0105 z nowych regulacji bud\u017cetowych. Sprawd\u017a, kt\u00f3re elementy wynagrodzenia zosta\u0142y obj\u0119te zmian\u0105 i jak przek\u0142ada si\u0119 to na wysoko\u015b\u0107 pensji pedagoga. Co decyduje o zarobkach nauczycieli w 2026 roku? O wysoko\u015bci wynagrodzenia pedagoga w 2026 roku nie [&hellip;]<\/p>\n","protected":false},"author":12,"featured_media":2227,"comment_status":"closed","ping_status":"closed","sticky":false,"template":"","format":"standard","meta":{"_lmt_disableupdate":"no","_lmt_disable":"no","footnotes":""},"categories":[1356],"tags":[],"class_list":["post-911","post","type-post","status-publish","format-standard","has-post-thumbnail","hentry","category-rozwoj-nauczycieli"],"modified_by":"Karina Dycha\u0142a","_links":{"self":[{"href":"https:\/\/epedagog.edu.pl\/aktualnosci\/wp-json\/wp\/v2\/posts\/911","targetHints":{"allow":["GET"]}}],"collection":[{"href":"https:\/\/epedagog.edu.pl\/aktualnosci\/wp-json\/wp\/v2\/posts"}],"about":[{"href":"https:\/\/epedagog.edu.pl\/aktualnosci\/wp-json\/wp\/v2\/types\/post"}],"author":[{"embeddable":true,"href":"https:\/\/epedagog.edu.pl\/aktualnosci\/wp-json\/wp\/v2\/users\/12"}],"replies":[{"embeddable":true,"href":"https:\/\/epedagog.edu.pl\/aktualnosci\/wp-json\/wp\/v2\/comments?post=911"}],"version-history":[{"count":8,"href":"https:\/\/epedagog.edu.pl\/aktualnosci\/wp-json\/wp\/v2\/posts\/911\/revisions"}],"predecessor-version":[{"id":2226,"href":"https:\/\/epedagog.edu.pl\/aktualnosci\/wp-json\/wp\/v2\/posts\/911\/revisions\/2226"}],"wp:featuredmedia":[{"embeddable":true,"href":"https:\/\/epedagog.edu.pl\/aktualnosci\/wp-json\/wp\/v2\/media\/2227"}],"wp:attachment":[{"href":"https:\/\/epedagog.edu.pl\/aktualnosci\/wp-json\/wp\/v2\/media?parent=911"}],"wp:term":[{"taxonomy":"category","embeddable":true,"href":"https:\/\/epedagog.edu.pl\/aktualnosci\/wp-json\/wp\/v2\/categories?post=911"},{"taxonomy":"post_tag","embeddable":true,"href":"https:\/\/epedagog.edu.pl\/aktualnosci\/wp-json\/wp\/v2\/tags?post=911"}],"curies":[{"name":"wp","href":"https:\/\/api.w.org\/{rel}","templated":true}]}}