{"id":789,"date":"2022-10-31T07:36:44","date_gmt":"2022-10-31T06:36:44","guid":{"rendered":"https:\/\/epedagog.edu.pl\/aktualnosci\/?p=789"},"modified":"2024-11-18T10:15:39","modified_gmt":"2024-11-18T09:15:39","slug":"czy-kazdy-nauczyciel-moze-zostac-oligofrenopedagogiem","status":"publish","type":"post","link":"https:\/\/epedagog.edu.pl\/aktualnosci\/czy-kazdy-nauczyciel-moze-zostac-oligofrenopedagogiem\/","title":{"rendered":"Czy ka\u017cdy nauczyciel mo\u017ce zosta\u0107 oligofrenopedagogiem?"},"content":{"rendered":"<p><span style=\"font-weight: 400;\">Oligofrenopedagogika to dziedzina, kt\u00f3ra zajmuje si\u0119 teori\u0105 i praktyk\u0105 pedagogiczn\u0105. Dotyczy ona warstwy proces\u00f3w rewalidacji i terapii os\u00f3b z niepe\u0142nosprawno\u015bci\u0105 intelektualn\u0105. Specjalista zajmuj\u0105cy si\u0119 tego typu zadaniami powinien wykazywa\u0107 si\u0119 cechami osobowo\u015bci, takimi jak: otwarto\u015b\u0107, sumienno\u015b\u0107, cierpliwo\u015b\u0107. Ponadto musi on zdoby\u0107 wszechstronn\u0105 wiedz\u0119 potrzebn\u0105 do pracy z uczniami. Takie kszta\u0142cenie oferuj\u0105 m.in. kursy pedagogiczne dla nauczycieli.<\/span><\/p>\n<div id=\"ez-toc-container\" class=\"ez-toc-v2_0_76 counter-hierarchy ez-toc-counter ez-toc-custom ez-toc-container-direction\">\n<div class=\"ez-toc-title-container\">\n<p class=\"ez-toc-title\" style=\"cursor:inherit\">Spis tre\u015bci<\/p>\n<span class=\"ez-toc-title-toggle\"><a href=\"#\" class=\"ez-toc-pull-right ez-toc-btn ez-toc-btn-xs ez-toc-btn-default ez-toc-toggle\" aria-label=\"Prze\u0142\u0105cznik Spisu Tre\u015bci\"><span class=\"ez-toc-js-icon-con\"><span class=\"\"><span class=\"eztoc-hide\" style=\"display:none;\">Toggle<\/span><span class=\"ez-toc-icon-toggle-span\"><svg style=\"fill: #999;color:#999\" xmlns=\"http:\/\/www.w3.org\/2000\/svg\" class=\"list-377408\" width=\"20px\" height=\"20px\" viewBox=\"0 0 24 24\" fill=\"none\"><path d=\"M6 6H4v2h2V6zm14 0H8v2h12V6zM4 11h2v2H4v-2zm16 0H8v2h12v-2zM4 16h2v2H4v-2zm16 0H8v2h12v-2z\" fill=\"currentColor\"><\/path><\/svg><svg style=\"fill: #999;color:#999\" class=\"arrow-unsorted-368013\" xmlns=\"http:\/\/www.w3.org\/2000\/svg\" width=\"10px\" height=\"10px\" viewBox=\"0 0 24 24\" version=\"1.2\" baseProfile=\"tiny\"><path d=\"M18.2 9.3l-6.2-6.3-6.2 6.3c-.2.2-.3.4-.3.7s.1.5.3.7c.2.2.4.3.7.3h11c.3 0 .5-.1.7-.3.2-.2.3-.5.3-.7s-.1-.5-.3-.7zM5.8 14.7l6.2 6.3 6.2-6.3c.2-.2.3-.5.3-.7s-.1-.5-.3-.7c-.2-.2-.4-.3-.7-.3h-11c-.3 0-.5.1-.7.3-.2.2-.3.5-.3.7s.1.5.3.7z\"\/><\/svg><\/span><\/span><\/span><\/a><\/span><\/div>\n<nav><ul class='ez-toc-list ez-toc-list-level-1 ' ><li class='ez-toc-page-1 ez-toc-heading-level-2'><a class=\"ez-toc-link ez-toc-heading-1\" href=\"https:\/\/epedagog.edu.pl\/aktualnosci\/czy-kazdy-nauczyciel-moze-zostac-oligofrenopedagogiem\/#Do_kogo_jest_skierowany_kurs_oligofrenopedagogiki\" >Do kogo jest skierowany kurs oligofrenopedagogiki?<\/a><\/li><li class='ez-toc-page-1 ez-toc-heading-level-2'><a class=\"ez-toc-link ez-toc-heading-2\" href=\"https:\/\/epedagog.edu.pl\/aktualnosci\/czy-kazdy-nauczyciel-moze-zostac-oligofrenopedagogiem\/#Czego_nauczyciel_nauczy_sie_na_kursie_oligofrenopedagogiki\" >Czego nauczyciel nauczy si\u0119 na kursie oligofrenopedagogiki?<\/a><\/li><li class='ez-toc-page-1 ez-toc-heading-level-2'><a class=\"ez-toc-link ez-toc-heading-3\" href=\"https:\/\/epedagog.edu.pl\/aktualnosci\/czy-kazdy-nauczyciel-moze-zostac-oligofrenopedagogiem\/#Kim_jest_oligofrenopedagog\" >Kim jest oligofrenopedagog?<\/a><\/li><li class='ez-toc-page-1 ez-toc-heading-level-2'><a class=\"ez-toc-link ez-toc-heading-4\" href=\"https:\/\/epedagog.edu.pl\/aktualnosci\/czy-kazdy-nauczyciel-moze-zostac-oligofrenopedagogiem\/#Zalety_nauki_na_kursie_pedagogicznym_dla_nauczycieli_online\" >Zalety nauki na kursie pedagogicznym dla nauczycieli online<\/a><\/li><\/ul><\/nav><\/div>\n<h2><span class=\"ez-toc-section\" id=\"Do_kogo_jest_skierowany_kurs_oligofrenopedagogiki\"><\/span><span style=\"font-weight: 400;\">Do kogo jest skierowany kurs oligofrenopedagogiki?<\/span><span class=\"ez-toc-section-end\"><\/span><\/h2>\n<p><span style=\"font-weight: 400;\">W dziedzinie, jak\u0105 jest<\/span><a title=\"Kurs Kwalifikacyjny z zakresu oligofrenopedagogiki\" href=\"https:\/\/epedagog.edu.pl\/kursy\/112\"> <span style=\"font-weight: 400;\">oligofrenopedagogika, kurs pedagogiczny online<\/span><\/a><span style=\"font-weight: 400;\"> lub stacjonarny najcz\u0119\u015bciej organizowany jest dla nauczycieli i pedagog\u00f3w. Dlatego te\u017c <\/span><b>warunkiem przyst\u0105pienia do takiego szkolenia jest wys\u0142anie skanem kserokopii dyplomu uko\u0144czenia studi\u00f3w wy\u017cszych<\/b><span style=\"font-weight: 400;\">.\u00a0<\/span><\/p>\n<p><span style=\"font-weight: 400;\">W przypadku <\/span><b>Kursu Kwalifikacyjnego z zakresu oligofrenopedagogiki<\/b><span style=\"font-weight: 400;\"> uczestnikiem mo\u017ce zosta\u0107 nauczyciel lub wychowawca zatrudniony (b\u0105d\u017a chc\u0105cy podj\u0105\u0107 prac\u0119) w plac\u00f3wkach szkolnictwa specjalnego, integracyjnego i og\u00f3lnodost\u0119pnego, o\u015brodkach szkolno-wychowawczych, plac\u00f3wkach pomocy spo\u0142ecznej, kt\u00f3ry nie posiada kwalifikacji do pracy z dzie\u0107mi i m\u0142odzie\u017c\u0105 z niepe\u0142nosprawno\u015bci\u0105 intelektualn\u0105. Co wi\u0119cej, szkolenie przeznaczone jest dla pedagog\u00f3w, psycholog\u00f3w szkolnych oraz pracownik\u00f3w poradni psychologiczno-pedagogicznych.<\/span><\/p>\n<h2><span class=\"ez-toc-section\" id=\"Czego_nauczyciel_nauczy_sie_na_kursie_oligofrenopedagogiki\"><\/span><span style=\"font-weight: 400;\">Czego nauczyciel nauczy si\u0119 na kursie oligofrenopedagogiki?<\/span><span class=\"ez-toc-section-end\"><\/span><\/h2>\n<p><b>Zagadnienia, jakie zostan\u0105 poruszone na kursie oligofrenopedagogiki, zale\u017c\u0105 od programu plac\u00f3wki o\u015bwiatowej, kt\u00f3ra go prowadzi<\/b><span style=\"font-weight: 400;\">. <\/span><\/p>\n<p><span style=\"font-weight: 400;\"><img loading=\"lazy\" decoding=\"async\" class=\"alignleft wp-image-791 size-medium\" src=\"https:\/\/epedagog.edu.pl\/aktualnosci\/wp-content\/uploads\/2022\/11\/oligofrenopedagogika-uprawnienia-300x300.png\" alt=\"oligofrenopedagogika uprawnienia\" width=\"300\" height=\"300\" srcset=\"https:\/\/epedagog.edu.pl\/aktualnosci\/wp-content\/uploads\/2022\/11\/oligofrenopedagogika-uprawnienia-300x300.png 300w, https:\/\/epedagog.edu.pl\/aktualnosci\/wp-content\/uploads\/2022\/11\/oligofrenopedagogika-uprawnienia-150x150.png 150w, https:\/\/epedagog.edu.pl\/aktualnosci\/wp-content\/uploads\/2022\/11\/oligofrenopedagogika-uprawnienia-768x768.png 768w, https:\/\/epedagog.edu.pl\/aktualnosci\/wp-content\/uploads\/2022\/11\/oligofrenopedagogika-uprawnienia-1024x1024.png 1024w, https:\/\/epedagog.edu.pl\/aktualnosci\/wp-content\/uploads\/2022\/11\/oligofrenopedagogika-uprawnienia-696x696.png 696w, https:\/\/epedagog.edu.pl\/aktualnosci\/wp-content\/uploads\/2022\/11\/oligofrenopedagogika-uprawnienia-1068x1068.png 1068w, https:\/\/epedagog.edu.pl\/aktualnosci\/wp-content\/uploads\/2022\/11\/oligofrenopedagogika-uprawnienia-420x420.png 420w, https:\/\/epedagog.edu.pl\/aktualnosci\/wp-content\/uploads\/2022\/11\/oligofrenopedagogika-uprawnienia.png 1080w\" sizes=\"auto, (max-width: 300px) 100vw, 300px\" \/>Warto, aby nauczyciel sprawdzi\u0142 tematyk\u0119 zaj\u0119\u0107, zanim zdecyduje si\u0119 na szkolenie. Dzi\u0119ki temu mo\u017ce wybra\u0107 opcj\u0119, dzi\u0119ki kt\u00f3rej zdob\u0119dzie wszechstronn\u0105 wiedz\u0119 i umiej\u0119tno\u015bci.\u00a0<\/span><\/p>\n<p><span style=\"font-weight: 400;\">Kurs Kwalifikacyjny z zakresu oligofrenopedagogiki oferowany przez Centrum Doskonalenia Zawodowego \u2013 zgodnie z tym, co sugeruje nazwa \u2013 przygotowuje uczestnika z tematyki pedagogiki specjalnej oraz oligofrenopedagogiki. Ponadto kursant poznaje podstawy psychologiczne rewalidacji i metodyk\u0119 nauczania i wychowania os\u00f3b z niepe\u0142nosprawno\u015bci\u0105 intelektualn\u0105.<\/span><\/p>\n<h2><span class=\"ez-toc-section\" id=\"Kim_jest_oligofrenopedagog\"><\/span><span style=\"font-weight: 400;\">Kim jest oligofrenopedagog?<\/span><span class=\"ez-toc-section-end\"><\/span><\/h2>\n<p><span style=\"font-weight: 400;\">Oligofrenopedagog jest nauczycielem wykwalifikowanym do pracy z osobami z niepe\u0142nosprawno\u015bci\u0105 intelektualn\u0105. Zajmuje si\u0119 prowadzeniem zaj\u0119\u0107 rewalidacyjnych i terapeutycznych, kt\u00f3re maj\u0105 na celu przygotowanie uczni\u00f3w do pe\u0142nego uczestnictwa w \u017cyciu spo\u0142ecze\u0144stwa. Ponadto specjalista ten dba o to, aby dostosowa\u0107 sposoby kszta\u0142cenia dydaktyczno-wychowawczego do indywidualnych predyspozycji dzieci i m\u0142odzie\u017cy.<\/span><\/p>\n<p><b>Ka\u017cdy nauczyciel z odpowiednim wykszta\u0142ceniem ma mo\u017cliwo\u015b\u0107 do tego, aby pracowa\u0107 jako oligofrenopedagog<\/b><span style=\"font-weight: 400;\">. Uprawnienia potrzebne do wykonywania tego zawodu mo\u017cna zdoby\u0107 za spraw\u0105 uko\u0144czenia studi\u00f3w w zakresie pedagogiki specjalnej. Innym sposobem jest przyst\u0105pienie nauczyciela na studia podyplomowe lub kurs kwalifikacyjny w zakresie oligofrenopedagogiki. Uprawnienia zdobyte w ten spos\u00f3b s\u0105 tak samo honorowane jak u absolwenta studi\u00f3w wy\u017cszych.<\/span><\/p>\n<h2><span class=\"ez-toc-section\" id=\"Zalety_nauki_na_kursie_pedagogicznym_dla_nauczycieli_online\"><\/span><span style=\"font-weight: 400;\">Zalety nauki na kursie pedagogicznym dla nauczycieli online<\/span><span class=\"ez-toc-section-end\"><\/span><\/h2>\n<p><span style=\"font-weight: 400;\">Kursy pedagogiczne dla nauczycieli online ciesz\u0105 si\u0119 coraz wi\u0119ksz\u0105 popularno\u015bci\u0105. Wynika to z tego, \u017ce wsp\u00f3\u0142czesne platformy e-learningowe stworzone s\u0105 taki spos\u00f3b, by mo\u017cna by\u0142o<\/span> <span style=\"font-weight: 400;\">efektywnie przyswaja\u0107 informacje. Warto zwr\u00f3ci\u0107 uwag\u0119 na to, \u017ce <\/span><b>dla os\u00f3b zaj\u0119tych lub zapracowanych jest to najwygodniejsza (a cz\u0119sto nawet jedyna) mo\u017cliwo\u015b\u0107 podj\u0119cia nauki<\/b><span style=\"font-weight: 400;\"> na kursie pedagogicznym dla nauczycieli.<\/span><\/p>\n<p><a href=\"https:\/\/epedagog.edu.pl\/kursy\/112\"><img loading=\"lazy\" decoding=\"async\" class=\"alignnone size-full wp-image-613\" src=\"https:\/\/epedagog.edu.pl\/aktualnosci\/wp-content\/uploads\/2022\/03\/baner_linkuj\u0105cy.png\" alt=\"baner: kurs oligofrenopedagogiki\" width=\"694\" height=\"151\" srcset=\"https:\/\/epedagog.edu.pl\/aktualnosci\/wp-content\/uploads\/2022\/03\/baner_linkuj\u0105cy.png 694w, https:\/\/epedagog.edu.pl\/aktualnosci\/wp-content\/uploads\/2022\/03\/baner_linkuj\u0105cy-300x65.png 300w\" sizes=\"auto, (max-width: 694px) 100vw, 694px\" \/><\/a><\/p>\n<p><b>Kszta\u0142cenie w spos\u00f3b zdalny daje swobod\u0119 w gospodarowaniu czasem<\/b><span style=\"font-weight: 400;\">, gdy\u017c <\/span><span style=\"font-weight: 400;\">\u00a0przyswajanie wiedzy odbywa si\u0119 we w\u0142asnym tempie bez presji czasu. <\/span><b>Kurs pedagogiczny dla nauczycieli online mo\u017cna wykona\u0107 w dowolnym miejscu<\/b><span style=\"font-weight: 400;\">, o ile kursant ma dost\u0119p do internetu i urz\u0105dzenia mobilnego. Dodatkow\u0105 zalet\u0105 jest to, \u017ce <\/span><b>jest to szansa na <\/b><b>powr\u00f3t do wybranych tre\u015bci<\/b><span style=\"font-weight: 400;\">, co nie zawsze jest mo\u017cliwe podczas szkolenia stacjonarnego przez ograniczenia czasowe.\u00a0<\/span><\/p>\n<p><span style=\"font-weight: 400;\">W dziedzinie, jak\u0105 jest <\/span><span style=\"font-weight: 400;\">oligofrenopedagogika, kurs pedagogiczny online powinien zosta\u0107 opracowany tak, aby przygotowa\u0107 nauczyciela do efektywnej pracy z uczniami. Wszystkie z wymienionych zalet oferuje Kurs Kwalifikacyjny z zakresu oligofrenopedagogiki, dost\u0119pny na naszej stronie internetowej. Po zako\u0144czonym szkoleniu uczestnik<\/span><b>\u00a0otrzymuje dokument zgodny z wytycznymi Ministra Edukacji Narodowej<\/b><span style=\"font-weight: 400;\">.<\/span><\/p>\n","protected":false},"excerpt":{"rendered":"<p>Oligofrenopedagogika to dziedzina, kt\u00f3ra zajmuje si\u0119 teori\u0105 i praktyk\u0105 pedagogiczn\u0105. Dotyczy ona warstwy proces\u00f3w rewalidacji i terapii os\u00f3b z niepe\u0142nosprawno\u015bci\u0105 intelektualn\u0105. Specjalista zajmuj\u0105cy si\u0119 tego typu zadaniami powinien wykazywa\u0107 si\u0119 cechami osobowo\u015bci, takimi jak: otwarto\u015b\u0107, sumienno\u015b\u0107, cierpliwo\u015b\u0107. Ponadto musi on zdoby\u0107 wszechstronn\u0105 wiedz\u0119 potrzebn\u0105 do pracy z uczniami. Takie kszta\u0142cenie oferuj\u0105 m.in. kursy pedagogiczne dla [&hellip;]<\/p>\n","protected":false},"author":12,"featured_media":790,"comment_status":"closed","ping_status":"closed","sticky":false,"template":"","format":"standard","meta":{"_lmt_disableupdate":"no","_lmt_disable":"no","footnotes":""},"categories":[1270],"tags":[],"class_list":["post-789","post","type-post","status-publish","format-standard","has-post-thumbnail","hentry","category-pedagogika"],"modified_by":"digital","_links":{"self":[{"href":"https:\/\/epedagog.edu.pl\/aktualnosci\/wp-json\/wp\/v2\/posts\/789","targetHints":{"allow":["GET"]}}],"collection":[{"href":"https:\/\/epedagog.edu.pl\/aktualnosci\/wp-json\/wp\/v2\/posts"}],"about":[{"href":"https:\/\/epedagog.edu.pl\/aktualnosci\/wp-json\/wp\/v2\/types\/post"}],"author":[{"embeddable":true,"href":"https:\/\/epedagog.edu.pl\/aktualnosci\/wp-json\/wp\/v2\/users\/12"}],"replies":[{"embeddable":true,"href":"https:\/\/epedagog.edu.pl\/aktualnosci\/wp-json\/wp\/v2\/comments?post=789"}],"version-history":[{"count":1,"href":"https:\/\/epedagog.edu.pl\/aktualnosci\/wp-json\/wp\/v2\/posts\/789\/revisions"}],"predecessor-version":[{"id":792,"href":"https:\/\/epedagog.edu.pl\/aktualnosci\/wp-json\/wp\/v2\/posts\/789\/revisions\/792"}],"wp:featuredmedia":[{"embeddable":true,"href":"https:\/\/epedagog.edu.pl\/aktualnosci\/wp-json\/wp\/v2\/media\/790"}],"wp:attachment":[{"href":"https:\/\/epedagog.edu.pl\/aktualnosci\/wp-json\/wp\/v2\/media?parent=789"}],"wp:term":[{"taxonomy":"category","embeddable":true,"href":"https:\/\/epedagog.edu.pl\/aktualnosci\/wp-json\/wp\/v2\/categories?post=789"},{"taxonomy":"post_tag","embeddable":true,"href":"https:\/\/epedagog.edu.pl\/aktualnosci\/wp-json\/wp\/v2\/tags?post=789"}],"curies":[{"name":"wp","href":"https:\/\/api.w.org\/{rel}","templated":true}]}}