{"id":697,"date":"2022-08-25T14:12:24","date_gmt":"2022-08-25T12:12:24","guid":{"rendered":"https:\/\/epedagog.edu.pl\/aktualnosci\/?p=697"},"modified":"2024-11-18T10:03:38","modified_gmt":"2024-11-18T09:03:38","slug":"neuroanatomia-a-nadwrazliwosc-sensoryczna","status":"publish","type":"post","link":"https:\/\/epedagog.edu.pl\/aktualnosci\/neuroanatomia-a-nadwrazliwosc-sensoryczna\/","title":{"rendered":"Neuroanatomia a nadwra\u017cliwo\u015b\u0107 sensoryczna"},"content":{"rendered":"<p><span style=\"font-weight: 400;\">Zar\u00f3wno nadwra\u017cliwo\u015b\u0107 sensoryczna, jak i neuroanatomia zwi\u0105zane s\u0105 z tematem <\/span><b>integracji sensorycznej (SI)<\/b><span style=\"font-weight: 400;\">, czyli procesu po\u0142\u0105czenia przez m\u00f3zg informacji i do\u015bwiadcze\u0144, a nast\u0119pnie na ich podstawie wytworzenia adekwatnej reakcji na bod\u017ace. Specjali\u015bci zajmuj\u0105cy si\u0119 terapi\u0105 SI musz\u0105 zdoby\u0107 szerok\u0105 wiedz\u0119 na temat uk\u0142adu nerwowego, aby dostosowa\u0107 odpowiednie metody pracy ze swoim pacjentem.<\/span><\/p>\n<div id=\"ez-toc-container\" class=\"ez-toc-v2_0_76 counter-hierarchy ez-toc-counter ez-toc-custom ez-toc-container-direction\">\n<div class=\"ez-toc-title-container\">\n<p class=\"ez-toc-title\" style=\"cursor:inherit\">Spis tre\u015bci<\/p>\n<span class=\"ez-toc-title-toggle\"><a href=\"#\" class=\"ez-toc-pull-right ez-toc-btn ez-toc-btn-xs ez-toc-btn-default ez-toc-toggle\" aria-label=\"Prze\u0142\u0105cznik Spisu Tre\u015bci\"><span class=\"ez-toc-js-icon-con\"><span class=\"\"><span class=\"eztoc-hide\" style=\"display:none;\">Toggle<\/span><span class=\"ez-toc-icon-toggle-span\"><svg style=\"fill: #999;color:#999\" xmlns=\"http:\/\/www.w3.org\/2000\/svg\" class=\"list-377408\" width=\"20px\" height=\"20px\" viewBox=\"0 0 24 24\" fill=\"none\"><path d=\"M6 6H4v2h2V6zm14 0H8v2h12V6zM4 11h2v2H4v-2zm16 0H8v2h12v-2zM4 16h2v2H4v-2zm16 0H8v2h12v-2z\" fill=\"currentColor\"><\/path><\/svg><svg style=\"fill: #999;color:#999\" class=\"arrow-unsorted-368013\" xmlns=\"http:\/\/www.w3.org\/2000\/svg\" width=\"10px\" height=\"10px\" viewBox=\"0 0 24 24\" version=\"1.2\" baseProfile=\"tiny\"><path d=\"M18.2 9.3l-6.2-6.3-6.2 6.3c-.2.2-.3.4-.3.7s.1.5.3.7c.2.2.4.3.7.3h11c.3 0 .5-.1.7-.3.2-.2.3-.5.3-.7s-.1-.5-.3-.7zM5.8 14.7l6.2 6.3 6.2-6.3c.2-.2.3-.5.3-.7s-.1-.5-.3-.7c-.2-.2-.4-.3-.7-.3h-11c-.3 0-.5.1-.7.3-.2.2-.3.5-.3.7s.1.5.3.7z\"\/><\/svg><\/span><\/span><\/span><\/a><\/span><\/div>\n<nav><ul class='ez-toc-list ez-toc-list-level-1 ' ><li class='ez-toc-page-1 ez-toc-heading-level-2'><a class=\"ez-toc-link ez-toc-heading-1\" href=\"https:\/\/epedagog.edu.pl\/aktualnosci\/neuroanatomia-a-nadwrazliwosc-sensoryczna\/#Czym_jest_neuroanatomia\" >Czym jest neuroanatomia?<\/a><\/li><li class='ez-toc-page-1 ez-toc-heading-level-2'><a class=\"ez-toc-link ez-toc-heading-2\" href=\"https:\/\/epedagog.edu.pl\/aktualnosci\/neuroanatomia-a-nadwrazliwosc-sensoryczna\/#Czym_sa_zaburzenia_SI_Nadwrazliwosc_sensoryczna_a_podwrazliwosc\" >Czym s\u0105 zaburzenia SI? Nadwra\u017cliwo\u015b\u0107 sensoryczna a podwra\u017cliwo\u015b\u0107<\/a><\/li><li class='ez-toc-page-1 ez-toc-heading-level-2'><a class=\"ez-toc-link ez-toc-heading-3\" href=\"https:\/\/epedagog.edu.pl\/aktualnosci\/neuroanatomia-a-nadwrazliwosc-sensoryczna\/#Objawy_zaburzen_integracji_sensorycznej\" >Objawy zaburze\u0144 integracji sensorycznej\u00a0<\/a><\/li><li class='ez-toc-page-1 ez-toc-heading-level-2'><a class=\"ez-toc-link ez-toc-heading-4\" href=\"https:\/\/epedagog.edu.pl\/aktualnosci\/neuroanatomia-a-nadwrazliwosc-sensoryczna\/#Czy_zaburzenia_sensoryczne_sa_uleczalne\" >Czy zaburzenia sensoryczne s\u0105 uleczalne?<\/a><\/li><li class='ez-toc-page-1 ez-toc-heading-level-2'><a class=\"ez-toc-link ez-toc-heading-5\" href=\"https:\/\/epedagog.edu.pl\/aktualnosci\/neuroanatomia-a-nadwrazliwosc-sensoryczna\/#Integracja_sensoryczna_%E2%80%93_kurs_online\" >Integracja sensoryczna \u2013 kurs online<\/a><\/li><\/ul><\/nav><\/div>\n<h2><span class=\"ez-toc-section\" id=\"Czym_jest_neuroanatomia\"><\/span><span style=\"font-weight: 400;\">Czym jest neuroanatomia?<\/span><span class=\"ez-toc-section-end\"><\/span><\/h2>\n<p><span style=\"font-weight: 400;\">Aby odpowiedzie\u0107 sobie na pytanie, czym jest neuroanatomia, warto zwr\u00f3ci\u0107 uwag\u0119 na zapis tego s\u0142owa. Pierwszy cz\u0142on wyrazu, tj. \u201eneuro-\u201d wskazuje na powi\u0105zanie znaczeniowe z nerwami lub uk\u0142adem nerwowym. Z kolei \u201eanatomia\u201d to nauka zajmuj\u0105ca si\u0119 budow\u0105 organizm\u00f3w.\u00a0<\/span><\/p>\n<p><span style=\"font-weight: 400;\">Zatem <\/span><b>neuroanatomia to dzia\u0142 anatomii, kt\u00f3ry skupia si\u0119 w swoich badaniach na tym, jak zbudowany jest obwodowy i o\u015brodkowy uk\u0142ad nerwowy <\/b><span style=\"font-weight: 400;\">zar\u00f3wno u cz\u0142owieka, jak i zwierz\u0105t. Stanowi podstaw\u0119 do tego, by zrozumie\u0107 nie tylko budow\u0119 tego uk\u0142adu, ale i powi\u0105zania z funkcjami o znaczeniu klinicznym. Wiedza ta pomaga w diagnozowaniu i post\u0119powaniu z osobami z zaburzeniem integracji sensorycznej.<\/span><\/p>\n<h2><span class=\"ez-toc-section\" id=\"Czym_sa_zaburzenia_SI_Nadwrazliwosc_sensoryczna_a_podwrazliwosc\"><\/span><span style=\"font-weight: 400;\">Czym s\u0105 zaburzenia SI? Nadwra\u017cliwo\u015b\u0107 sensoryczna a podwra\u017cliwo\u015b\u0107<\/span><span class=\"ez-toc-section-end\"><\/span><\/h2>\n<p><b>Zaburzenia integracji sensorycznej<\/b><span style=\"font-weight: 400;\"> polegaj\u0105 na wyst\u0119powaniu nieprawid\u0142owo\u015bci w rejestracji, przetwarzaniu bod\u017ac\u00f3w znajduj\u0105cych si\u0119 w r\u00f3\u017cnych systemach sensorycznych, a tak\u017ce w po\u0142\u0105czeniu informacji z innymi uk\u0142adami. Ponadto odnosi si\u0119 do <\/span><b>nieprawid\u0142owo\u015bci modulacji<\/b><span style=\"font-weight: 400;\">, czyli procesu hamowania lub wzmacniania aktywno\u015bci neuronalnej, kt\u00f3ra ma na celu utrzymywanie jej w harmonii z systemem nerwowym. To zaburzenie ukazuje si\u0119 w dw\u00f3ch postaciach: podwra\u017cliwo\u015bci i nadwra\u017cliwo\u015bci sensorycznej.\u00a0<\/span><\/p>\n<p><a title=\"Kurs Kwalifikacyjny z zakresu integracji sensorycznej\" href=\"https:\/\/epedagog.edu.pl\/kursy\/114\"><img loading=\"lazy\" decoding=\"async\" class=\"alignnone wp-image-613 size-full\" src=\"https:\/\/epedagog.edu.pl\/aktualnosci\/wp-content\/uploads\/2022\/03\/baner_linkuj\u0105cy.png\" alt=\"baner: Kurs Kwalifikacyjny z zakresu integracji sensorycznej\" width=\"694\" height=\"151\" srcset=\"https:\/\/epedagog.edu.pl\/aktualnosci\/wp-content\/uploads\/2022\/03\/baner_linkuj\u0105cy.png 694w, https:\/\/epedagog.edu.pl\/aktualnosci\/wp-content\/uploads\/2022\/03\/baner_linkuj\u0105cy-300x65.png 300w\" sizes=\"auto, (max-width: 694px) 100vw, 694px\" \/><\/a><\/p>\n<p><span style=\"font-weight: 400;\">O <\/span><b>nadwra\u017cliwo\u015bci sensorycznej <\/b><span style=\"font-weight: 400;\">m\u00f3wimy wtedy, gdy pr\u00f3g pobudliwo\u015bci jest obni\u017cony, a uk\u0142ad zostaje pobudzony przez niewielk\u0105 si\u0142\u0119 i liczb\u0119 dzia\u0142aj\u0105cych bod\u017ac\u00f3w. Natomiast <\/span><b>podwra\u017cliwo\u015b\u0107 <\/b><span style=\"font-weight: 400;\">wyst\u0119puje w sytuacji odwrotnej, gdy pr\u00f3g pobudliwo\u015bci jest podwy\u017cszony, a si\u0142a i liczba dzia\u0142aj\u0105cych bod\u017ac\u00f3w jest du\u017co wi\u0119ksza ni\u017c przeci\u0119tnie do tego, by pobudzi\u0107 organizm.<\/span><\/p>\n<h2><span class=\"ez-toc-section\" id=\"Objawy_zaburzen_integracji_sensorycznej\"><\/span><span style=\"font-weight: 400;\">Objawy zaburze\u0144 integracji sensorycznej\u00a0<\/span><span class=\"ez-toc-section-end\"><\/span><\/h2>\n<p><span style=\"font-weight: 400;\">Nadwra\u017cliwo\u015b\u0107 ujawnia si\u0119 przede wszystkim w postaci <\/span><b>bardzo niskiej tolerancji ruchu oraz niepewno\u015bci grawitacyjnej<\/b><span style=\"font-weight: 400;\">. Osoby z tym zaburzeniem niech\u0119tnie chc\u0105 bra\u0107 udzia\u0142 w czynno\u015bciach wymagaj\u0105cych ruchu okr\u0119\u017cnego i prostolinijnego, np. w kr\u0119ceniu si\u0119 na karuzeli.<\/span><\/p>\n<p><span style=\"font-weight: 400;\">Objawem zaburzenia integracji sensorycznej zwi\u0105zanym z podwra\u017cliwo\u015bci\u0105 jest <\/span><b>poszukiwanie du\u017cej liczby bod\u017ac\u00f3w i ci\u0105g\u0142ej stymulacji<\/b><span style=\"font-weight: 400;\">. Odnosz\u0105c si\u0119 do powy\u017cszego przyk\u0142adu, ta grupa os\u00f3b ch\u0119tnie korzysta z mo\u017cliwo\u015bci zabaw na karuzeli. Je\u017celi nie znajduje w otoczeniu odpowiednich dla siebie bod\u017ac\u00f3w, wykazuje si\u0119 nadmiern\u0105 ruchliwo\u015bci\u0105.<\/span><\/p>\n<h2><span class=\"ez-toc-section\" id=\"Czy_zaburzenia_sensoryczne_sa_uleczalne\"><\/span><span style=\"font-weight: 400;\">Czy zaburzenia sensoryczne s\u0105 uleczalne?<\/span><span class=\"ez-toc-section-end\"><\/span><\/h2>\n<p><span style=\"font-weight: 400;\">W kwestii zaburze\u0144 sensorycznych m\u00f3wi si\u0119 o dzia\u0142aniach terapeutycznych okre\u015blanych jako <\/span><b>terapia SI<\/b><span style=\"font-weight: 400;\">, kt\u00f3rej celem jest pomoc w poprawie r\u00f3\u017cnych aspekt\u00f3w funkcjonowania sensorycznego. Musi by\u0107 ona opracowana na podstawie indywidualnych potrzeb os\u00f3b z zaburzeniem SI, a tak\u017ce powinna uwzgl\u0119dnia\u0107 czynniki, takie jak: wiek, zdolno\u015bci poznawcze, system wsparcia poza gabinetem.<\/span><\/p>\n<p><span style=\"font-weight: 400;\">Ka\u017cdy przypadek jest inny i <\/span><b>nie ma jednego standardowego programu interwencji terapeutycznej<\/b><span style=\"font-weight: 400;\">. Zatem to, czy zaburzenia sensoryczne s\u0105 uleczalne, zale\u017cy od tego, jak b\u0119dzie przebiega\u0142a wsp\u00f3\u0142praca na terapii SI.<\/span><\/p>\n<h2><span class=\"ez-toc-section\" id=\"Integracja_sensoryczna_%E2%80%93_kurs_online\"><\/span><span style=\"font-weight: 400;\">Integracja sensoryczna \u2013 kurs online<\/span><span class=\"ez-toc-section-end\"><\/span><\/h2>\n<p><span style=\"font-weight: 400;\"><img loading=\"lazy\" decoding=\"async\" class=\"alignleft wp-image-699 size-medium\" src=\"https:\/\/epedagog.edu.pl\/aktualnosci\/wp-content\/uploads\/2022\/08\/eped-ilustracje-1-300x300.png\" alt=\"nadwra\u017cliwo\u015b\u0107 sensoryczna\" width=\"300\" height=\"300\" srcset=\"https:\/\/epedagog.edu.pl\/aktualnosci\/wp-content\/uploads\/2022\/08\/eped-ilustracje-1-300x300.png 300w, https:\/\/epedagog.edu.pl\/aktualnosci\/wp-content\/uploads\/2022\/08\/eped-ilustracje-1-150x150.png 150w, https:\/\/epedagog.edu.pl\/aktualnosci\/wp-content\/uploads\/2022\/08\/eped-ilustracje-1-768x768.png 768w, https:\/\/epedagog.edu.pl\/aktualnosci\/wp-content\/uploads\/2022\/08\/eped-ilustracje-1-1024x1024.png 1024w, https:\/\/epedagog.edu.pl\/aktualnosci\/wp-content\/uploads\/2022\/08\/eped-ilustracje-1-696x696.png 696w, https:\/\/epedagog.edu.pl\/aktualnosci\/wp-content\/uploads\/2022\/08\/eped-ilustracje-1-1068x1068.png 1068w, https:\/\/epedagog.edu.pl\/aktualnosci\/wp-content\/uploads\/2022\/08\/eped-ilustracje-1-420x420.png 420w, https:\/\/epedagog.edu.pl\/aktualnosci\/wp-content\/uploads\/2022\/08\/eped-ilustracje-1.png 1080w\" sizes=\"auto, (max-width: 300px) 100vw, 300px\" \/>Nauka online to doskona\u0142y wyb\u00f3r dla os\u00f3b, kt\u00f3re chc\u0105 <\/span><span style=\"font-weight: 400;\">zdoby\u0107 kompletn\u0105 wiedz\u0119 potrzebn\u0105 do podj\u0119cia pracy zawodowej, ale nie maj\u0105 czasu lub mo\u017cliwo\u015bci dojazdu na uczelni\u0119. <\/span><\/p>\n<p><span style=\"font-weight: 400;\">Opracowany przez specjalist\u00f3w <\/span><b>Kurs Kwalifikacyjny z zakresu integracji sensorycznej<\/b><span style=\"font-weight: 400;\"> pozwala kursantowi zdoby\u0107 <\/span><span style=\"font-weight: 400;\">umiej\u0119tno\u015bci niezb\u0119dne do podj\u0119cia pracy jako terapeuta SI w systemie o\u015bwiaty i poza ni\u0105. <\/span><\/p>\n<p><span style=\"font-weight: 400;\">Ponadto platforma e-learningowa z materia\u0142ami dydaktycznymi jest dost\u0119pna dla uczestnik\u00f3w szkolenia przez ca\u0142y czas, dlatego mog\u0105 oni samodzielnie decydowa\u0107, w jakim tempie odbywa si\u0119 nauka.<\/span><span style=\"font-weight: 400;\">\u00a0<\/span><\/p>\n<p><span style=\"font-weight: 400;\">Program zawiera nie tylko zagadnienia odnosz\u0105ce si\u0119 do tematu, jakim jest<\/span><a title=\"Kurs Kwalifikacyjny z zakresu integracji sensorycznej\" href=\"https:\/\/epedagog.edu.pl\/kursy\/114\"> <span style=\"font-weight: 400;\">integracja sensoryczna, kurs<\/span><\/a><span style=\"font-weight: 400;\"> omawia tak\u017ce zagadnienia z zakresu: pedagogiki specjalnej, neuroanatomii, anatomii oraz diagnozy i terapii wybranych zaburze\u0144 rozwojowych. Absolwent szkolenia otrzymuje <\/span><b>dokument potwierdzaj\u0105cy uko\u0144czenie szkolenia potwierdzaj\u0105cy zdobycie kwalifikacji zgodnych z wytycznymi Ministerstwa Edukacji Narodowej<\/b><span style=\"font-weight: 400;\">.<\/span><\/p>\n","protected":false},"excerpt":{"rendered":"<p>Zar\u00f3wno nadwra\u017cliwo\u015b\u0107 sensoryczna, jak i neuroanatomia zwi\u0105zane s\u0105 z tematem integracji sensorycznej (SI), czyli procesu po\u0142\u0105czenia przez m\u00f3zg informacji i do\u015bwiadcze\u0144, a nast\u0119pnie na ich podstawie wytworzenia adekwatnej reakcji na bod\u017ace. Specjali\u015bci zajmuj\u0105cy si\u0119 terapi\u0105 SI musz\u0105 zdoby\u0107 szerok\u0105 wiedz\u0119 na temat uk\u0142adu nerwowego, aby dostosowa\u0107 odpowiednie metody pracy ze swoim pacjentem. Czym jest neuroanatomia? [&hellip;]<\/p>\n","protected":false},"author":12,"featured_media":698,"comment_status":"closed","ping_status":"closed","sticky":false,"template":"","format":"standard","meta":{"_lmt_disableupdate":"no","_lmt_disable":"no","footnotes":""},"categories":[1271],"tags":[],"class_list":["post-697","post","type-post","status-publish","format-standard","has-post-thumbnail","hentry","category-socjoterapia"],"modified_by":"digital","_links":{"self":[{"href":"https:\/\/epedagog.edu.pl\/aktualnosci\/wp-json\/wp\/v2\/posts\/697","targetHints":{"allow":["GET"]}}],"collection":[{"href":"https:\/\/epedagog.edu.pl\/aktualnosci\/wp-json\/wp\/v2\/posts"}],"about":[{"href":"https:\/\/epedagog.edu.pl\/aktualnosci\/wp-json\/wp\/v2\/types\/post"}],"author":[{"embeddable":true,"href":"https:\/\/epedagog.edu.pl\/aktualnosci\/wp-json\/wp\/v2\/users\/12"}],"replies":[{"embeddable":true,"href":"https:\/\/epedagog.edu.pl\/aktualnosci\/wp-json\/wp\/v2\/comments?post=697"}],"version-history":[{"count":2,"href":"https:\/\/epedagog.edu.pl\/aktualnosci\/wp-json\/wp\/v2\/posts\/697\/revisions"}],"predecessor-version":[{"id":786,"href":"https:\/\/epedagog.edu.pl\/aktualnosci\/wp-json\/wp\/v2\/posts\/697\/revisions\/786"}],"wp:featuredmedia":[{"embeddable":true,"href":"https:\/\/epedagog.edu.pl\/aktualnosci\/wp-json\/wp\/v2\/media\/698"}],"wp:attachment":[{"href":"https:\/\/epedagog.edu.pl\/aktualnosci\/wp-json\/wp\/v2\/media?parent=697"}],"wp:term":[{"taxonomy":"category","embeddable":true,"href":"https:\/\/epedagog.edu.pl\/aktualnosci\/wp-json\/wp\/v2\/categories?post=697"},{"taxonomy":"post_tag","embeddable":true,"href":"https:\/\/epedagog.edu.pl\/aktualnosci\/wp-json\/wp\/v2\/tags?post=697"}],"curies":[{"name":"wp","href":"https:\/\/api.w.org\/{rel}","templated":true}]}}