{"id":651,"date":"2022-06-02T08:39:59","date_gmt":"2022-06-02T06:39:59","guid":{"rendered":"https:\/\/epedagog.edu.pl\/aktualnosci\/?p=651"},"modified":"2024-11-18T09:39:29","modified_gmt":"2024-11-18T08:39:29","slug":"czy-kurs-przygotowania-pedagogicznego-jest-tak-trudny-jak-myslisz-zobacz-szczegoly","status":"publish","type":"post","link":"https:\/\/epedagog.edu.pl\/aktualnosci\/czy-kurs-przygotowania-pedagogicznego-jest-tak-trudny-jak-myslisz-zobacz-szczegoly\/","title":{"rendered":"Czy kurs przygotowania pedagogicznego jest tak trudny jak my\u015blisz? Zobacz szczeg\u00f3\u0142y"},"content":{"rendered":"<p><span style=\"font-weight: 400;\">Ka\u017cdy, kto chcia\u0142by edukowa\u0107 dzieci i m\u0142odzie\u017c &#8211; lub sprawowa\u0107 nad nimi opiek\u0119 &#8211; musi posiada\u0107 odpowiednie <\/span><b>kwalifikacje<\/b><span style=\"font-weight: 400;\">. Istnieje jednak obawa, czy je\u017celi nie zosta\u0142y one uzyskane w toku studi\u00f3w pedagogicznych, mo\u017cliwe jest ich uzyskanie w inny, przyst\u0119pny spos\u00f3b?<\/span><\/p>\n<div id=\"ez-toc-container\" class=\"ez-toc-v2_0_76 counter-hierarchy ez-toc-counter ez-toc-custom ez-toc-container-direction\">\n<div class=\"ez-toc-title-container\">\n<p class=\"ez-toc-title\" style=\"cursor:inherit\">Spis tre\u015bci<\/p>\n<span class=\"ez-toc-title-toggle\"><a href=\"#\" class=\"ez-toc-pull-right ez-toc-btn ez-toc-btn-xs ez-toc-btn-default ez-toc-toggle\" aria-label=\"Prze\u0142\u0105cznik Spisu Tre\u015bci\"><span class=\"ez-toc-js-icon-con\"><span class=\"\"><span class=\"eztoc-hide\" style=\"display:none;\">Toggle<\/span><span class=\"ez-toc-icon-toggle-span\"><svg style=\"fill: #999;color:#999\" xmlns=\"http:\/\/www.w3.org\/2000\/svg\" class=\"list-377408\" width=\"20px\" height=\"20px\" viewBox=\"0 0 24 24\" fill=\"none\"><path d=\"M6 6H4v2h2V6zm14 0H8v2h12V6zM4 11h2v2H4v-2zm16 0H8v2h12v-2zM4 16h2v2H4v-2zm16 0H8v2h12v-2z\" fill=\"currentColor\"><\/path><\/svg><svg style=\"fill: #999;color:#999\" class=\"arrow-unsorted-368013\" xmlns=\"http:\/\/www.w3.org\/2000\/svg\" width=\"10px\" height=\"10px\" viewBox=\"0 0 24 24\" version=\"1.2\" baseProfile=\"tiny\"><path d=\"M18.2 9.3l-6.2-6.3-6.2 6.3c-.2.2-.3.4-.3.7s.1.5.3.7c.2.2.4.3.7.3h11c.3 0 .5-.1.7-.3.2-.2.3-.5.3-.7s-.1-.5-.3-.7zM5.8 14.7l6.2 6.3 6.2-6.3c.2-.2.3-.5.3-.7s-.1-.5-.3-.7c-.2-.2-.4-.3-.7-.3h-11c-.3 0-.5.1-.7.3-.2.2-.3.5-.3.7s.1.5.3.7z\"\/><\/svg><\/span><\/span><\/span><\/a><\/span><\/div>\n<nav><ul class='ez-toc-list ez-toc-list-level-1 ' ><li class='ez-toc-page-1 ez-toc-heading-level-2'><a class=\"ez-toc-link ez-toc-heading-1\" href=\"https:\/\/epedagog.edu.pl\/aktualnosci\/czy-kurs-przygotowania-pedagogicznego-jest-tak-trudny-jak-myslisz-zobacz-szczegoly\/#Czym_jest_przygotowanie_pedagogiczne\" >Czym jest przygotowanie pedagogiczne?<\/a><ul class='ez-toc-list-level-3' ><li class='ez-toc-heading-level-3'><a class=\"ez-toc-link ez-toc-heading-2\" href=\"https:\/\/epedagog.edu.pl\/aktualnosci\/czy-kurs-przygotowania-pedagogicznego-jest-tak-trudny-jak-myslisz-zobacz-szczegoly\/#Nie_tylko_nauczanie_przedmiotow\" >Nie tylko nauczanie przedmiot\u00f3w<\/a><\/li><\/ul><\/li><li class='ez-toc-page-1 ez-toc-heading-level-2'><a class=\"ez-toc-link ez-toc-heading-3\" href=\"https:\/\/epedagog.edu.pl\/aktualnosci\/czy-kurs-przygotowania-pedagogicznego-jest-tak-trudny-jak-myslisz-zobacz-szczegoly\/#Kurs_nauczycielski_%E2%80%93_dla_kogo\" >Kurs nauczycielski &#8211; dla kogo?<\/a><\/li><li class='ez-toc-page-1 ez-toc-heading-level-2'><a class=\"ez-toc-link ez-toc-heading-4\" href=\"https:\/\/epedagog.edu.pl\/aktualnosci\/czy-kurs-przygotowania-pedagogicznego-jest-tak-trudny-jak-myslisz-zobacz-szczegoly\/#Czego_dowiesz_sie_na_kursie\" >Czego dowiesz si\u0119 na kursie?<\/a><\/li><\/ul><\/nav><\/div>\n<h2><span class=\"ez-toc-section\" id=\"Czym_jest_przygotowanie_pedagogiczne\"><\/span><span style=\"font-weight: 400;\">Czym jest przygotowanie pedagogiczne?<\/span><span class=\"ez-toc-section-end\"><\/span><\/h2>\n<p><span style=\"font-weight: 400;\">Przygotowanie pedagogiczne to inaczej nabycie <\/span><b>umiej\u0119tno\u015bci pedagogicznych<\/b><span style=\"font-weight: 400;\">, kt\u00f3re zapewniaj\u0105 prawid\u0142owe nauczanie i sprawowanie opieki w o\u015bwiacie. Dzi\u0119ki temu pedagog wie, jak skutecznie przekazywa\u0107 wiedz\u0119, w jaki spos\u00f3b przeprowadza\u0107 zaj\u0119cia edukacyjne oraz jak si\u0119 do nich przygotowa\u0107.<\/span><\/p>\n<p><span style=\"font-weight: 400;\">W toku nauczania s\u0142uchacze poznaj\u0105 tak\u017ce r\u00f3\u017cne <\/span><b>narz\u0119dzia i techniki<\/b><span style=\"font-weight: 400;\">, kt\u00f3re pomagaj\u0105 im w codziennej pracy &#8211; tak, aby by\u0142a jak najbardziej efektywna. Zdobywanie przygotowania pedagogicznego zako\u0144czone jest uzyskaniem <\/span><a title=\"Kurs Kwalifikacyjny Pedagogiczny dla Nauczycieli\" href=\"https:\/\/epedagog.edu.pl\/kursy\/94\"><span style=\"font-weight: 400;\">uprawnie\u0144 pedagogicznych<\/span><\/a><span style=\"font-weight: 400;\">, dzi\u0119ki kt\u00f3rym mo\u017cna podj\u0105\u0107 zatrudnienie w o\u015bwiacie.<\/span><\/p>\n<h3><span class=\"ez-toc-section\" id=\"Nie_tylko_nauczanie_przedmiotow\"><\/span><span style=\"font-weight: 400;\">Nie tylko nauczanie przedmiot\u00f3w<\/span><span class=\"ez-toc-section-end\"><\/span><\/h3>\n<p><span style=\"font-weight: 400;\">Bycie pedagogiem to jednak nie tylko przeprowadzanie lekcji jako nauczyciel przedmiotu &#8211; to r\u00f3wnie\u017c sprawowanie funkcji opieku\u0144czych i wychowawczych, kszta\u0142towanie odpowiednich postaw oraz wsparcie\u00a0<\/span><span style=\"font-weight: 400;\">w trudnych momentach czy problemach szkolnych. To bardzo odpowiedzialne zaj\u0119cie, dlatego tak wa\u017cne jest <\/span><b>odpowiednie przygotowanie<\/b><span style=\"font-weight: 400;\"> do jego pe\u0142nienia. Umiej\u0119tno\u015bci pedagogiczne to wi\u0119c r\u00f3wnie\u017c wiedza\u00a0<\/span><span style=\"font-weight: 400;\">z zakresu psychologii, socjologii, etyki, diagnostyki i bada\u0144 pedagogicznych.<\/span><\/p>\n<h2><span class=\"ez-toc-section\" id=\"Kurs_nauczycielski_%E2%80%93_dla_kogo\"><\/span><span style=\"font-weight: 400;\">Kurs nauczycielski &#8211; dla kogo?<\/span><span class=\"ez-toc-section-end\"><\/span><\/h2>\n<p><span style=\"font-weight: 400;\">Kurs kwalifikacyjny dla nauczycieli &#8211; czyli przygotowanie pedagogiczne &#8211; skierowany jest nie tylko do os\u00f3b, kt\u00f3re planuj\u0105 prac\u0119 przy tablicy. Takiego szkolenia mog\u0105 si\u0119 podj\u0105\u0107 r\u00f3wnie\u017c osoby, kt\u00f3re:<\/span><\/p>\n<ul>\n<li style=\"font-weight: 400;\" aria-level=\"1\"><span style=\"font-weight: 400;\">pracuj\u0105 ju\u017c w zawodzie jako nauczyciel, nie posiadaj\u0105 jednak przygotowania pedagogicznego,<\/span><\/li>\n<li style=\"font-weight: 400;\" aria-level=\"1\"><span style=\"font-weight: 400;\">pragn\u0105 podnie\u015b\u0107 swoje kompetencje zawodowe poprzez doskonalenie i wzbogacenie swojego warsztatu zawodowego,<\/span><\/li>\n<li style=\"font-weight: 400;\" aria-level=\"1\"><span style=\"font-weight: 400;\">posiadaj\u0105 przygotowanie merytoryczne do nauczania danego przedmiotu lub rodzaju zaj\u0119\u0107, potrzebuj\u0105 jednak uzupe\u0142ni\u0107 swoje kwalifikacje,<\/span><\/li>\n<li style=\"font-weight: 400;\" aria-level=\"1\"><span style=\"font-weight: 400;\">chc\u0105 podj\u0105\u0107 <\/span><b>zatrudnienie w o\u015bwiacie<\/b><span style=\"font-weight: 400;\">.<\/span><\/li>\n<\/ul>\n<p><span style=\"font-weight: 400;\">Aby sprawowa\u0107 funkcje pedagoga, niezb\u0119dne jest r\u00f3wnie\u017c wykszta\u0142cenie wy\u017csze &#8211; co najmniej I stopnia. Nie ma jednak znaczenia, jaki kierunek zosta\u0142 uko\u0144czony. Dyplom uko\u0144czenia studi\u00f3w wy\u017cszych wraz\u00a0<\/span><span style=\"font-weight: 400;\">z potwierdzonymi <\/span><b>kwalifikacjami pedagogicznymi<\/b><span style=\"font-weight: 400;\"> to komplet dokument\u00f3w niezb\u0119dnych do podj\u0119cia pracy\u00a0<\/span><span style=\"font-weight: 400;\">w o\u015bwiacie.<\/span><\/p>\n<p><a href=\"https:\/\/epedagog.edu.pl\/kursy\/94\"><img loading=\"lazy\" decoding=\"async\" class=\"aligncenter size-full wp-image-613\" src=\"https:\/\/epedagog.edu.pl\/aktualnosci\/wp-content\/uploads\/2022\/03\/baner_linkuj\u0105cy.png\" alt=\"Kurs Kwalifikacyjny Pedagogiczny dla Nauczycieli\" width=\"694\" height=\"151\" srcset=\"https:\/\/epedagog.edu.pl\/aktualnosci\/wp-content\/uploads\/2022\/03\/baner_linkuj\u0105cy.png 694w, https:\/\/epedagog.edu.pl\/aktualnosci\/wp-content\/uploads\/2022\/03\/baner_linkuj\u0105cy-300x65.png 300w\" sizes=\"auto, (max-width: 694px) 100vw, 694px\" \/><\/a><\/p>\n<h2><span class=\"ez-toc-section\" id=\"Czego_dowiesz_sie_na_kursie\"><\/span><span style=\"font-weight: 400;\">Czego dowiesz si\u0119 na kursie?<\/span><span class=\"ez-toc-section-end\"><\/span><\/h2>\n<p><span style=\"font-weight: 400;\">Szkolenie to 270 godzin teorii oraz 150 godzin praktyk. Obejmuje kilka blok\u00f3w tematycznych, w kt\u00f3rych niezb\u0119dne wiadomo\u015bci s\u0105 odpowiednio pogrupowane. Tematy zawarte w kursie to m.in.:<\/span><\/p>\n<ul>\n<li style=\"font-weight: 400;\" aria-level=\"1\"><span style=\"font-weight: 400;\">pedagogika og\u00f3lna,<\/span><\/li>\n<li style=\"font-weight: 400;\" aria-level=\"1\"><span style=\"font-weight: 400;\">psychologia og\u00f3lna,<\/span><\/li>\n<li style=\"font-weight: 400;\" aria-level=\"1\"><span style=\"font-weight: 400;\">dydaktyka og\u00f3lna,<\/span><\/li>\n<li style=\"font-weight: 400;\" aria-level=\"1\"><span style=\"font-weight: 400;\">teoria wychowania,<\/span><\/li>\n<li style=\"font-weight: 400;\" aria-level=\"1\"><span style=\"font-weight: 400;\">diagnostyka i badania pedagogiczne.<\/span><\/li>\n<\/ul>\n<p><span style=\"font-weight: 400;\">Przedmiotem <\/span><b>bada\u0144 pedagogicznych<\/b><span style=\"font-weight: 400;\"> jest przede wszystkim \u015bwiadoma dzia\u0142alno\u015b\u0107 pedagogiczna, ale r\u00f3wnie\u017c badanie proces\u00f3w edukacji i wychowania. To wbrew pozorom bardzo istotna cz\u0119\u015b\u0107 uzyskiwanej wiedzy &#8211; dzi\u0119ki temu nauczyciel mo\u017ce &#8211; mi\u0119dzy innymi &#8211; uczestniczy\u0107 w zespo\u0142ach projektuj\u0105cych\u00a0<\/span><span style=\"font-weight: 400;\">i wdra\u017caj\u0105cych<\/span><b> innowacyjne rozwi\u0105zania<\/b><span style=\"font-weight: 400;\">, dopasowane do nauki w najnowszych realiach. Pedagog, dla kt\u00f3rego nie s\u0105 obce najnowsze techniki, koncepcje i potrzeby, jest osob\u0105 bardzo po\u017c\u0105dan\u0105 na rynku pracy. Warto wi\u0119c zna\u0107 takie zagadnienia, jak innowacja pedagogiczna &#8211; podstawa prawna, oraz inne, profesjonalne zabiegi, z kt\u00f3rymi mo\u017cna zapozna\u0107 si\u0119 podczas kursu dla nauczycieli.<\/span><\/p>\n<p><span style=\"font-weight: 400;\">Uzyskanie <\/span><b>obycia pedagogicznego<\/b><span style=\"font-weight: 400;\"> to gwarancja nie tylko dalszego zatrudnienia dla nauczyciela, ale tak\u017ce\u00a0<\/span><span style=\"font-weight: 400;\">i rozwoju &#8211; warto pami\u0119ta\u0107, \u017ce uprawnienia pedagogiczne to punkt wyj\u015bcia do dalszego kszta\u0142cenia na specjalistycznych kierunkach pedagogicznych, kt\u00f3re pomog\u0105 rozwija\u0107 zainteresowania oraz uzyska\u0107 <\/span><b>nowe kompetencje<\/b><span style=\"font-weight: 400;\"> i mo\u017cliwo\u015bci <\/span><b>awansu<\/b><span style=\"font-weight: 400;\">.<\/span><\/p>\n","protected":false},"excerpt":{"rendered":"<p>Ka\u017cdy, kto chcia\u0142by edukowa\u0107 dzieci i m\u0142odzie\u017c &#8211; lub sprawowa\u0107 nad nimi opiek\u0119 &#8211; musi posiada\u0107 odpowiednie kwalifikacje. Istnieje jednak obawa, czy je\u017celi nie zosta\u0142y one uzyskane w toku studi\u00f3w pedagogicznych, mo\u017cliwe jest ich uzyskanie w inny, przyst\u0119pny spos\u00f3b? Czym jest przygotowanie pedagogiczne? Przygotowanie pedagogiczne to inaczej nabycie umiej\u0119tno\u015bci pedagogicznych, kt\u00f3re zapewniaj\u0105 prawid\u0142owe nauczanie i [&hellip;]<\/p>\n","protected":false},"author":7,"featured_media":652,"comment_status":"closed","ping_status":"closed","sticky":false,"template":"","format":"standard","meta":{"_lmt_disableupdate":"no","_lmt_disable":"no","footnotes":""},"categories":[1356],"tags":[],"class_list":["post-651","post","type-post","status-publish","format-standard","has-post-thumbnail","hentry","category-rozwoj-nauczycieli"],"modified_by":"digital","_links":{"self":[{"href":"https:\/\/epedagog.edu.pl\/aktualnosci\/wp-json\/wp\/v2\/posts\/651","targetHints":{"allow":["GET"]}}],"collection":[{"href":"https:\/\/epedagog.edu.pl\/aktualnosci\/wp-json\/wp\/v2\/posts"}],"about":[{"href":"https:\/\/epedagog.edu.pl\/aktualnosci\/wp-json\/wp\/v2\/types\/post"}],"author":[{"embeddable":true,"href":"https:\/\/epedagog.edu.pl\/aktualnosci\/wp-json\/wp\/v2\/users\/7"}],"replies":[{"embeddable":true,"href":"https:\/\/epedagog.edu.pl\/aktualnosci\/wp-json\/wp\/v2\/comments?post=651"}],"version-history":[{"count":3,"href":"https:\/\/epedagog.edu.pl\/aktualnosci\/wp-json\/wp\/v2\/posts\/651\/revisions"}],"predecessor-version":[{"id":739,"href":"https:\/\/epedagog.edu.pl\/aktualnosci\/wp-json\/wp\/v2\/posts\/651\/revisions\/739"}],"wp:featuredmedia":[{"embeddable":true,"href":"https:\/\/epedagog.edu.pl\/aktualnosci\/wp-json\/wp\/v2\/media\/652"}],"wp:attachment":[{"href":"https:\/\/epedagog.edu.pl\/aktualnosci\/wp-json\/wp\/v2\/media?parent=651"}],"wp:term":[{"taxonomy":"category","embeddable":true,"href":"https:\/\/epedagog.edu.pl\/aktualnosci\/wp-json\/wp\/v2\/categories?post=651"},{"taxonomy":"post_tag","embeddable":true,"href":"https:\/\/epedagog.edu.pl\/aktualnosci\/wp-json\/wp\/v2\/tags?post=651"}],"curies":[{"name":"wp","href":"https:\/\/api.w.org\/{rel}","templated":true}]}}