{"id":609,"date":"2022-03-10T08:15:44","date_gmt":"2022-03-10T07:15:44","guid":{"rendered":"https:\/\/epedagog.edu.pl\/aktualnosci\/?p=609"},"modified":"2025-04-30T11:05:42","modified_gmt":"2025-04-30T09:05:42","slug":"praca-w-bibliotece-jakie-wyksztalcenie-trzeba-zdobyc","status":"publish","type":"post","link":"https:\/\/epedagog.edu.pl\/aktualnosci\/praca-w-bibliotece-jakie-wyksztalcenie-trzeba-zdobyc\/","title":{"rendered":"Praca w bibliotece. Wymagania formalne i po\u017c\u0105dane predyspozycje"},"content":{"rendered":"<p><span style=\"font-weight: 400;\">Zadaniem bibliotekarza jest zarz\u0105dzanie instytucj\u0105, kt\u00f3ra musi zapewni\u0107 czytelnikom dost\u0119p do wiedzy i kultury, kt\u00f3re zosta\u0142y utrwalone w literaturze czy na r\u00f3\u017cnego rodzaju no\u015bnikach, dost\u0119pnych w zbiorach bibliotecznych. Jednak praca w bibliotece to nie tylko wypo\u017cyczanie ksi\u0105\u017cek. <\/span><span style=\"font-weight: 400;\">Zastanawiasz si\u0119, co nale\u017cy do obowi\u0105zk\u00f3w osoby zatrudnionej na tym stanowisku? Poznaj bli\u017cej codzienne zadania stanowisku i dowiedz si\u0119, jak zacz\u0105\u0107 prac\u0119 w bibliotece!<\/span><\/p>\n<div id=\"ez-toc-container\" class=\"ez-toc-v2_0_76 counter-hierarchy ez-toc-counter ez-toc-custom ez-toc-container-direction\">\n<div class=\"ez-toc-title-container\">\n<p class=\"ez-toc-title\" style=\"cursor:inherit\">Spis tre\u015bci<\/p>\n<span class=\"ez-toc-title-toggle\"><a href=\"#\" class=\"ez-toc-pull-right ez-toc-btn ez-toc-btn-xs ez-toc-btn-default ez-toc-toggle\" aria-label=\"Prze\u0142\u0105cznik Spisu Tre\u015bci\"><span class=\"ez-toc-js-icon-con\"><span class=\"\"><span class=\"eztoc-hide\" style=\"display:none;\">Toggle<\/span><span class=\"ez-toc-icon-toggle-span\"><svg style=\"fill: #999;color:#999\" xmlns=\"http:\/\/www.w3.org\/2000\/svg\" class=\"list-377408\" width=\"20px\" height=\"20px\" viewBox=\"0 0 24 24\" fill=\"none\"><path d=\"M6 6H4v2h2V6zm14 0H8v2h12V6zM4 11h2v2H4v-2zm16 0H8v2h12v-2zM4 16h2v2H4v-2zm16 0H8v2h12v-2z\" fill=\"currentColor\"><\/path><\/svg><svg style=\"fill: #999;color:#999\" class=\"arrow-unsorted-368013\" xmlns=\"http:\/\/www.w3.org\/2000\/svg\" width=\"10px\" height=\"10px\" viewBox=\"0 0 24 24\" version=\"1.2\" baseProfile=\"tiny\"><path d=\"M18.2 9.3l-6.2-6.3-6.2 6.3c-.2.2-.3.4-.3.7s.1.5.3.7c.2.2.4.3.7.3h11c.3 0 .5-.1.7-.3.2-.2.3-.5.3-.7s-.1-.5-.3-.7zM5.8 14.7l6.2 6.3 6.2-6.3c.2-.2.3-.5.3-.7s-.1-.5-.3-.7c-.2-.2-.4-.3-.7-.3h-11c-.3 0-.5.1-.7.3-.2.2-.3.5-.3.7s.1.5.3.7z\"\/><\/svg><\/span><\/span><\/span><\/a><\/span><\/div>\n<nav><ul class='ez-toc-list ez-toc-list-level-1 ' ><li class='ez-toc-page-1 ez-toc-heading-level-2'><a class=\"ez-toc-link ez-toc-heading-1\" href=\"https:\/\/epedagog.edu.pl\/aktualnosci\/praca-w-bibliotece-jakie-wyksztalcenie-trzeba-zdobyc\/#Co_nalezy_do_obowiazkow_bibliotekarza\" >Co nale\u017cy do obowi\u0105zk\u00f3w bibliotekarza?<\/a><\/li><li class='ez-toc-page-1 ez-toc-heading-level-2'><a class=\"ez-toc-link ez-toc-heading-2\" href=\"https:\/\/epedagog.edu.pl\/aktualnosci\/praca-w-bibliotece-jakie-wyksztalcenie-trzeba-zdobyc\/#Jak_zaczac_prace_w_bibliotece_Wymagania_i_predyspozycje\" >Jak zacz\u0105\u0107 prac\u0119 w bibliotece? Wymagania i predyspozycje<\/a><\/li><li class='ez-toc-page-1 ez-toc-heading-level-2'><a class=\"ez-toc-link ez-toc-heading-3\" href=\"https:\/\/epedagog.edu.pl\/aktualnosci\/praca-w-bibliotece-jakie-wyksztalcenie-trzeba-zdobyc\/#Jak_zostac_bibliotekarzem\" >Jak zosta\u0107 bibliotekarzem?<\/a><\/li><li class='ez-toc-page-1 ez-toc-heading-level-2'><a class=\"ez-toc-link ez-toc-heading-4\" href=\"https:\/\/epedagog.edu.pl\/aktualnosci\/praca-w-bibliotece-jakie-wyksztalcenie-trzeba-zdobyc\/#Tematy_poruszane_podczas_kursu\" >Tematy poruszane podczas kursu<\/a><\/li><li class='ez-toc-page-1 ez-toc-heading-level-2'><a class=\"ez-toc-link ez-toc-heading-5\" href=\"https:\/\/epedagog.edu.pl\/aktualnosci\/praca-w-bibliotece-jakie-wyksztalcenie-trzeba-zdobyc\/#Jak_zaczac_prace_w_bibliotece_Postaw_na_praktyczne_doswiadczenie\" >Jak zacz\u0105\u0107 prac\u0119 w bibliotece? Postaw na praktyczne do\u015bwiadczenie<\/a><\/li><\/ul><\/nav><\/div>\n<h2><span class=\"ez-toc-section\" id=\"Co_nalezy_do_obowiazkow_bibliotekarza\"><\/span><span style=\"font-weight: 400;\">Co nale\u017cy do obowi\u0105zk\u00f3w bibliotekarza?<\/span><span class=\"ez-toc-section-end\"><\/span><\/h2>\n<p><span style=\"font-weight: 400;\">Wielu osobom zaw\u00f3d bibliotekarza wydaje si\u0119 zaj\u0119ciem nudnym i monotonnym \u2013 mo\u017ce to wynika\u0107 z tego, \u017ce dla przeci\u0119tnego u\u017cytkownika biblioteki kontakt z jej pracownikami ogranicza si\u0119 do wypo\u017cyczenia potrzebnej ksi\u0105\u017cki. Jednak bibliotekarze maj\u0105 <strong>mn\u00f3stwo innych zaj\u0119\u0107, dzi\u0119ki kt\u00f3rym potrafi\u0105 wci\u0105gn\u0105\u0107 si\u0119 w t\u0119 prac\u0119 bez reszty.\u00a0<\/strong><\/span><\/p>\n<p><span style=\"font-weight: 400;\">Przede wszystkim, taka osoba, aby wyda\u0107 odpowiedni\u0105 pozycj\u0119, musi wiedzie\u0107, czy jest na stanie biblioteki, a je\u015bli tak \u2013 to gdzie si\u0119 aktualnie znajduje. To do jego obowi\u0105zk\u00f3w nale\u017cy<\/span><b> gromadzenie, opracowanie i przechowywanie zbior\u00f3w bibliotecznych<\/b><span style=\"font-weight: 400;\">, podobnie jak ewentualna utylizacja tych materia\u0142\u00f3w, je\u015bli nie b\u0119d\u0105 ju\u017c nadawa\u0142y si\u0119 do u\u017cytkowania. Do zaj\u0119\u0107 bibliotekarza mo\u017cna wliczy\u0107:<\/span><\/p>\n<ul>\n<li style=\"font-weight: 400;\" aria-level=\"1\"><b>gromadzenie zbioru biblioteki<\/b><span style=\"font-weight: 400;\"> \u2013 zakup, pozyskiwanie ze zbi\u00f3rek, dar\u00f3w lub innych \u017ar\u00f3de\u0142 materia\u0142\u00f3w do udost\u0119pniania \u2013 ksi\u0105\u017cek, magazyn\u00f3w, grafik, multimedi\u00f3w;<\/span><\/li>\n<li style=\"font-weight: 400;\" aria-level=\"1\"><b>opracowywanie<\/b><span style=\"font-weight: 400;\"> \u2013 opisanie, katalogowanie i wpisanie w rejestry (programy) materia\u0142\u00f3w, nadanie im kategorii i sygnatur;<\/span><\/li>\n<li style=\"font-weight: 400;\" aria-level=\"1\"><b>wypo\u017cyczanie<\/b><span style=\"font-weight: 400;\"> zgromadzonych materia\u0142\u00f3w i prowadzenie ewidencji;<\/span><\/li>\n<li style=\"font-weight: 400;\" aria-level=\"1\"><b>udzielanie informacji i pomocy<\/b><span style=\"font-weight: 400;\"> w poszukiwaniu odpowiednich pozycji, doradzanie zainteresowanym czytelnikom w wyborze ciekawych pozycji;<\/span><\/li>\n<li style=\"font-weight: 400;\" aria-level=\"1\"><b>promowanie czytelnictwa i kultury<\/b><span style=\"font-weight: 400;\"> poprzez organizacj\u0119 r\u00f3\u017cnorodnych wydarze\u0144; takich jak spotkania autorskie, wieczorki poetyckie i inne spotkania kulturalne;<\/span><\/li>\n<li style=\"font-weight: 400;\" aria-level=\"1\"><b>pozyskiwanie funduszy<\/b><span style=\"font-weight: 400;\"> na dzia\u0142alno\u015b\u0107 biblioteczn\u0105.<\/span><\/li>\n<\/ul>\n<p><span style=\"font-weight: 400;\">Zaj\u0119\u0107 jest sporo i na pewno nie s\u0105 nudne, szczeg\u00f3lnie dla os\u00f3b, kt\u00f3re fascynuj\u0105 si\u0119 literatur\u0105, maj\u0105 du\u017c\u0105 wiedz\u0119 na jej temat i ch\u0119tnie si\u0119 ni\u0105 dziel\u0105. <\/span><span style=\"font-weight: 400;\">Umiej\u0119tno\u015b\u0107 wykonywania powy\u017cszych zada\u0144 to jednak niejedyne kwestie, jakich wymaga si\u0119 od kandydat\u00f3w zainteresowanych takim zaj\u0119ciem jak praca w bibliotece. Wymagania dotycz\u0105 r\u00f3wnie\u017c <\/span><b>okre\u015blonych predyspozycji do wykonywania tego zawodu<\/b><span style=\"font-weight: 400;\">.<\/span><\/p>\n<div\n\t\tclass=\"free align wp-block-btn-button\"\tid='btnButton-1'\n\tdata-nonce='&quot;19a85e522d&quot;'\n\tdata-attributes='{&quot;cPostId&quot;:1827,&quot;text&quot;:&quot;ZDOB\\u0104D\\u0179 NIEZB\\u0118DNE I KOMPLEKSOWE KWALIFIKACJE DO PRACY W BIBLIOTECE, WYBIERAJ\\u0104C TEN KURS!&quot;,&quot;url&quot;:&quot;https:\\\/\\\/epedagog.edu.pl\\\/oferta\\\/kursy\\\/kurs-kwalifikacyjny-z-zakresu-bibliotekoznawstwa-i-informacji-naukowej&quot;,&quot;icon&quot;:{&quot;class&quot;:&quot;fa-solid fa-graduation-cap&quot;},&quot;animationType&quot;:&quot;zoom-in&quot;,&quot;colors&quot;:{&quot;color&quot;:&quot;#fff&quot;,&quot;bg&quot;:&quot;#4527a4&quot;,&quot;bgType&quot;:&quot;gradient&quot;,&quot;gradient&quot;:&quot;linear-gradient(135deg,rgb(239,145,64) 0%,rgb(255,101,20) 100%)&quot;},&quot;hovColors&quot;:{&quot;color&quot;:&quot;#fff&quot;,&quot;bg&quot;:&quot;#8344c5&quot;,&quot;bgType&quot;:&quot;gradient&quot;,&quot;gradient&quot;:&quot;linear-gradient(135deg,rgb(170,174,216) 0%,rgb(20,4,95) 100%)&quot;},&quot;border&quot;:{&quot;radius&quot;:&quot;50px&quot;},&quot;align&quot;:&quot;&quot;,&quot;actionType&quot;:&quot;link&quot;,&quot;security&quot;:&quot;none&quot;,&quot;securityPassword&quot;:&quot;&quot;,&quot;tooltip&quot;:&quot;&quot;,&quot;tooltipPos&quot;:&quot;top&quot;,&quot;target&quot;:&quot;_self&quot;,&quot;attrs&quot;:{&quot;rel&quot;:&quot;noreferrer&quot;,&quot;referrerpolicy&quot;:&quot;no-referrer&quot;},&quot;hideOn&quot;:{&quot;desktop&quot;:false,&quot;tablet&quot;:false,&quot;mobile&quot;:false},&quot;isDownload&quot;:false,&quot;downloadFileName&quot;:&quot;&quot;,&quot;isUpIcon&quot;:false,&quot;upIcon&quot;:{&quot;id&quot;:null,&quot;url&quot;:&quot;&quot;,&quot;alt&quot;:&quot;&quot;,&quot;title&quot;:&quot;&quot;},&quot;iconPos&quot;:&quot;left&quot;,&quot;type&quot;:&quot;flat&quot;,&quot;isFullWidth&quot;:false,&quot;size&quot;:&quot;medium&quot;,&quot;popup&quot;:{&quot;type&quot;:&quot;image&quot;,&quot;content&quot;:&quot;&quot;,&quot;caption&quot;:&quot;&quot;,&quot;width&quot;:&quot;&quot;},&quot;animationDuration&quot;:0.4,&quot;addID&quot;:&quot;&quot;,&quot;addCSS&quot;:&quot;&quot;,&quot;alignment&quot;:&quot;center&quot;,&quot;typography&quot;:{&quot;fontSize&quot;:{&quot;desktop&quot;:&quot;16px&quot;},&quot;fontWeight&quot;:600,&quot;textDecoration&quot;:&quot;none&quot;},&quot;padding&quot;:{&quot;vertical&quot;:&quot;12px&quot;,&quot;horizontal&quot;:&quot;24px&quot;},&quot;shadow&quot;:[]}'\n\tdata-info='{&quot;userRoles&quot;:[],&quot;loginURL&quot;:&quot;https:\\\/\\\/epedagog.edu.pl\\\/aktualnosci\\\/wp-login.php&quot;}'\n><\/div>\n<h2><span class=\"ez-toc-section\" id=\"Jak_zaczac_prace_w_bibliotece_Wymagania_i_predyspozycje\"><\/span><span style=\"font-weight: 400;\">Jak zacz\u0105\u0107 prac\u0119 w bibliotece? Wymagania i predyspozycje<\/span><span class=\"ez-toc-section-end\"><\/span><\/h2>\n<p><span style=\"font-weight: 400;\">Osoby pasjonuj\u0105ce si\u0119 ksi\u0105\u017ckami cz\u0119sto marz\u0105 o pracy w bibliotece. Jednak sama pasja i <\/span><span style=\"font-weight: 400;\">zdobycie kwalifikacji <\/span><span style=\"font-weight: 400;\">nie wystarcz\u0105. Wa\u017cne s\u0105 tu r\u00f3wnie\u017c <\/span><b>zdolno\u015bci komunikacyjne<\/b> <b>i organizacyjne<\/b><span style=\"font-weight: 400;\">, <\/span><b>kultura osobista i dok\u0142adno\u015b\u0107<\/b><span style=\"font-weight: 400;\">. Przy organizacji r\u00f3\u017cnych zaj\u0119\u0107 dla czytelnik\u00f3w \u2013 r\u00f3wnie\u017c dzieci, przydaje si\u0119 tak\u017ce <\/span><span style=\"font-weight: 400;\">kreatywno\u015b\u0107 i umiej\u0119tno\u015b\u0107 prowadzenia zaj\u0119\u0107 animacyjnych.<\/span><\/p>\n<p><span style=\"font-weight: 400;\">Do\u015b\u0107 powszechny jest te\u017c stereotyp, \u017ce pracownik biblioteki to osoba spokojna, cicha i niczym niewyr\u00f3\u017cniaj\u0105ca si\u0119 z t\u0142umu. Tymczasem coraz cz\u0119\u015bciej mo\u017cna przekona\u0107 si\u0119, \u017ce jest dok\u0142adnie odwrotnie. Osoby pracuj\u0105ce w bibliotekach powinny jak najbardziej posiada\u0107 mn\u00f3stwo energii i <\/span><b>umiej\u0119tno\u015b\u0107 zainteresowania odwiedzaj\u0105cych rozmow\u0105 czy posiadanymi zbiorami<\/b><span style=\"font-weight: 400;\">. Bibliotekarze poza obszern\u0105 wiedz\u0105 z literatury powinni r\u00f3wnie\u017c na <\/span><b>bie\u017c\u0105co aktualizowa\u0107 swoj\u0105 wiedz\u0119 na temat wydarze\u0144 zwi\u0105zanych z literatur\u0105<\/b><span style=\"font-weight: 400;\">, jak i pojawiaj\u0105cymi si\u0119 nowo\u015bciami. Cz\u0119sto to w\u0142a\u015bnie od tych os\u00f3b czytelnik chce pozyska\u0107 wiedz\u0119 lub zdanie na okre\u015blony temat.<\/span><\/p>\n<p><span style=\"font-weight: 400;\">Warto pami\u0119ta\u0107, \u017ce nie bez znaczenia w odpowiedzi na pytanie, jak zosta\u0107 bibliotekarzem, jest r\u00f3wnie\u017c \u015bwiadomo\u015b\u0107 specyfiki dzia\u0142ania r\u00f3\u017cnego rodzaju bibliotek. Nieco innych kompetencji i umiej\u0119tno\u015bci mi\u0119kkich b\u0119dzie wymaga\u0142 pracodawca od kandydata do pracy w bibliotece szkolnej, ni\u017c rekrutuj\u0105cy na takie stanowisko w bibliotece akademickiej.<\/span><\/p>\n<p><img loading=\"lazy\" decoding=\"async\" class=\"alignnone size-full wp-image-1301\" src=\"https:\/\/epedagog.edu.pl\/aktualnosci\/wp-content\/uploads\/2022\/03\/praca-w-bibliotece-bez-wyksztalcenia-scaled.jpg\" alt=\"praca w bibliotece bez wykszta\u0142cenia\" width=\"2560\" height=\"1702\" srcset=\"https:\/\/epedagog.edu.pl\/aktualnosci\/wp-content\/uploads\/2022\/03\/praca-w-bibliotece-bez-wyksztalcenia-scaled.jpg 2560w, https:\/\/epedagog.edu.pl\/aktualnosci\/wp-content\/uploads\/2022\/03\/praca-w-bibliotece-bez-wyksztalcenia-300x199.jpg 300w, https:\/\/epedagog.edu.pl\/aktualnosci\/wp-content\/uploads\/2022\/03\/praca-w-bibliotece-bez-wyksztalcenia-1024x681.jpg 1024w, https:\/\/epedagog.edu.pl\/aktualnosci\/wp-content\/uploads\/2022\/03\/praca-w-bibliotece-bez-wyksztalcenia-768x511.jpg 768w, https:\/\/epedagog.edu.pl\/aktualnosci\/wp-content\/uploads\/2022\/03\/praca-w-bibliotece-bez-wyksztalcenia-1536x1021.jpg 1536w, https:\/\/epedagog.edu.pl\/aktualnosci\/wp-content\/uploads\/2022\/03\/praca-w-bibliotece-bez-wyksztalcenia-2048x1362.jpg 2048w, https:\/\/epedagog.edu.pl\/aktualnosci\/wp-content\/uploads\/2022\/03\/praca-w-bibliotece-bez-wyksztalcenia-696x463.jpg 696w, https:\/\/epedagog.edu.pl\/aktualnosci\/wp-content\/uploads\/2022\/03\/praca-w-bibliotece-bez-wyksztalcenia-1068x710.jpg 1068w, https:\/\/epedagog.edu.pl\/aktualnosci\/wp-content\/uploads\/2022\/03\/praca-w-bibliotece-bez-wyksztalcenia-632x420.jpg 632w, https:\/\/epedagog.edu.pl\/aktualnosci\/wp-content\/uploads\/2022\/03\/praca-w-bibliotece-bez-wyksztalcenia-1920x1277.jpg 1920w\" sizes=\"auto, (max-width: 2560px) 100vw, 2560px\" \/><\/p>\n<p><span style=\"font-weight: 400;\">Najwa\u017cniejsze jednak jest odpowiednie wykszta\u0142cenie. Praca w bibliotece wymaga <\/span><b>specjalistycznej wiedzy<\/b><span style=\"font-weight: 400;\">, kt\u00f3r\u0105 trzeba uzyska\u0107 do podj\u0119cia tego stanowiska.<\/span><\/p>\n<h2><span class=\"ez-toc-section\" id=\"Jak_zostac_bibliotekarzem\"><\/span><span style=\"font-weight: 400;\">Jak zosta\u0107 bibliotekarzem?<\/span><span class=\"ez-toc-section-end\"><\/span><\/h2>\n<p><span style=\"font-weight: 400;\">Osoby pasjonuj\u0105ce si\u0119 ksi\u0105\u017ckami cz\u0119sto marz\u0105 o pracy w bibliotece. Jednak sama pasja nie wystarczy \u2013 wa\u017cne s\u0105 tu r\u00f3wnie\u017c <\/span><b>zdolno\u015bci komunikacyjne<\/b><span style=\"font-weight: 400;\"> i organizacyjne, kultura osobista i dok\u0142adno\u015b\u0107. Przy organizacji r\u00f3\u017cnych zaj\u0119\u0107 dla czytelnik\u00f3w \u2013 r\u00f3wnie\u017c dzieci, przydaje si\u0119 tak\u017ce kreatywno\u015b\u0107. Najwa\u017cniejsze jednak jest odpowiednie wykszta\u0142cenie \u2013 praca w bibliotece wymaga <\/span><b>specjalistycznej wiedzy<\/b><span style=\"font-weight: 400;\">, kt\u00f3r\u0105 trzeba uzyska\u0107 do podj\u0119cia tego stanowiska.\u00a0<\/span><\/p>\n<p><span style=\"font-weight: 400;\">Kiedy\u015b do pracy w bibliotekach niezb\u0119dne by\u0142y studia podyplomowe na kierunku Bibliotekoznawstwo. <\/span><span style=\"font-weight: 400;\">Obecnie mo\u017cna t\u0119 drog\u0119 skr\u00f3ci\u0107 i wybra\u0107 <\/span><a title=\"Kurs kwalifikacyjny z zakresu bibliotekoznawstwa i informacji naukowej\" href=\"https:\/\/epedagog.edu.pl\/oferta\/kursy\/kurs-kwalifikacyjny-z-zakresu-bibliotekoznawstwa-i-informacji-naukowej\"><span style=\"font-weight: 400;\">&#8222;Kurs kwalifikacyjny z zakresu bibliotekoznawstwa i informacji naukowej&#8221;<\/span><\/a>\u00a0<b>kt\u00f3ry realizowany jest w oparciu o aktualne przepisy.<\/b><span style=\"font-weight: 400;\">\u00a0To propozycja dla os\u00f3b, kt\u00f3re chc\u0105 pracowa\u0107 na stanowisku <\/span><b>bibliotekarz lub nauczyciel-bibliotekarz, w tym dla<\/b><span style=\"font-weight: 400;\"> nauczycieli zatrudnionych w jednostkach o\u015bwiaty, jak i tych, kt\u00f3rzy pracuj\u0105 jako nauczyciele poza systemem o\u015bwiaty.<\/span><\/p>\n<h2><span class=\"ez-toc-section\" id=\"Tematy_poruszane_podczas_kursu\"><\/span><span style=\"font-weight: 400;\">Tematy poruszane podczas kursu<\/span><span class=\"ez-toc-section-end\"><\/span><\/h2>\n<p><span style=\"font-weight: 400;\">Podczas zaj\u0119\u0107 przyszli bibliotekarze mog\u0105 zapozna\u0107 si\u0119 <\/span><span style=\"font-weight: 400;\">z takimi zagadnieniami, jak<\/span><span style=\"font-weight: 400;\">:<\/span><\/p>\n<ul>\n<li style=\"font-weight: 400;\" aria-level=\"1\"><span style=\"font-weight: 400;\">podstawy prawne funkcjonowania biblioteki;<\/span><\/li>\n<li style=\"font-weight: 400;\" aria-level=\"1\"><span style=\"font-weight: 400;\">zarz\u0105dzanie i promocja;<\/span><\/li>\n<li style=\"font-weight: 400;\" aria-level=\"1\"><span style=\"font-weight: 400;\">organizacja i zarz\u0105dzanie zbiorami;<\/span><\/li>\n<li style=\"font-weight: 400;\" aria-level=\"1\"><span style=\"font-weight: 400;\">opracowywanie formalne i rzeczowe zbior\u00f3w;<\/span><\/li>\n<li style=\"font-weight: 400;\" aria-level=\"1\"><span style=\"font-weight: 400;\">metodyka pracy z czytelnikiem;<\/span><\/li>\n<li style=\"font-weight: 400;\" aria-level=\"1\"><span style=\"font-weight: 400;\">metodyka pracy nauczyciela bibliotekarza;<\/span><\/li>\n<li style=\"font-weight: 400;\" aria-level=\"1\"><span style=\"font-weight: 400;\">biblioterapia.<\/span><\/li>\n<\/ul>\n<p><a href=\"https:\/\/epedagog.edu.pl\/oferta\/kursy\/kurs-kwalifikacyjny-z-zakresu-bibliotekoznawstwa-i-informacji-naukowej\"><img loading=\"lazy\" decoding=\"async\" class=\"alignnone wp-image-613 size-full\" src=\"https:\/\/epedagog.edu.pl\/aktualnosci\/wp-content\/uploads\/2022\/03\/baner_linkuj\u0105cy.png\" alt=\"praca w bibliotece bez wykszta\u0142cenia\" width=\"694\" height=\"151\" srcset=\"https:\/\/epedagog.edu.pl\/aktualnosci\/wp-content\/uploads\/2022\/03\/baner_linkuj\u0105cy.png 694w, https:\/\/epedagog.edu.pl\/aktualnosci\/wp-content\/uploads\/2022\/03\/baner_linkuj\u0105cy-300x65.png 300w\" sizes=\"auto, (max-width: 694px) 100vw, 694px\" \/><\/a><\/p>\n<p><span style=\"font-weight: 400;\">Kursanci uzyskuj\u0105 warto\u015bciow\u0105 wiedz\u0119 na temat pisma, czytelnictwa czy archiwizacji. Maj\u0105 r\u00f3wnie\u017c mo\u017cliwo\u015b\u0107 zapoznania si\u0119 z biografi\u0105 i histori\u0105 ksi\u0105\u017cek, poznaj\u0105 <\/span><b>zagadnienia z zakresu informacji naukowej<\/b><span style=\"font-weight: 400;\">, dzi\u0119ki czemu mog\u0105 sprawnie porusza\u0107 si\u0119 w przestrzeni bibliotekarskiej i trafnie rekomendowa\u0107 pozycje czytelnicze.<\/span><\/p>\n<p><span style=\"font-weight: 400;\">Dzi\u0119ki dokumentom po\u015bwiadczaj\u0105cym zdobyte kwalifikacje zgodne z wytycznymi Ministerstwa Edukacji i Nauki, mo\u017cliwe jest <\/span><b>zdobycie pracy w r\u00f3\u017cnego rodzaju bibliotekach<\/b><span style=\"font-weight: 400;\">. Osoby, kt\u00f3re posiadaj\u0105 dodatkowo <\/span><a title=\"Kurs Kwalifikacyjny Pedagogiczny dla Nauczycieli\" href=\"https:\/\/epedagog.edu.pl\/oferta\/kursy\/kurs-kwalifikacyjny-pedagogiczny-dla-nauczycieli-270-godzin-teorii-150-godzin-praktyki\"><span style=\"font-weight: 400;\">przygotowanie pedagogiczne<\/span><\/a><span style=\"font-weight: 400;\">, mog\u0105 r\u00f3wnie\u017c pracowa\u0107 w bibliotekach szkolnych jako nauczyciel bibliotekarz.<\/span><\/p>\n<h2><span class=\"ez-toc-section\" id=\"Jak_zaczac_prace_w_bibliotece_Postaw_na_praktyczne_doswiadczenie\"><\/span>Jak zacz\u0105\u0107 prac\u0119 w bibliotece? Postaw na praktyczne do\u015bwiadczenie<span class=\"ez-toc-section-end\"><\/span><\/h2>\n<p class=\"\" data-start=\"120\" data-end=\"638\">Zastanawiaj\u0105c si\u0119, <strong data-start=\"139\" data-end=\"172\">jak zacz\u0105\u0107 prac\u0119 w bibliotece<\/strong>, warto pami\u0119ta\u0107, \u017ce sama wiedza teoretyczna to nie wszystko \u2013 ogromne znaczenie ma r\u00f3wnie\u017c zdobycie pierwszych praktycznych do\u015bwiadcze\u0144. Ju\u017c w trakcie nauki warto anga\u017cowa\u0107 si\u0119 w wolontariat w bibliotekach publicznych, szkolnych lub akademickich. Nawet kr\u00f3tkie praktyki pozwalaj\u0105 pozna\u0107 realia codziennej pracy, obs\u0142ug\u0119 system\u00f3w bibliotecznych, a tak\u017ce rozwija\u0107 kompetencje zwi\u0105zane z organizacj\u0105 zbior\u00f3w, prac\u0105 z czytelnikiem czy organizacj\u0105 wydarze\u0144 kulturalnych.<\/p>\n<p class=\"\" data-start=\"640\" data-end=\"1288\">Takie do\u015bwiadczenia nie tylko wzbogacaj\u0105 CV, ale te\u017c pomagaj\u0105 <strong data-start=\"702\" data-end=\"739\">lepiej zrozumie\u0107 specyfik\u0119 zawodu<\/strong> i \u015bwiadomie budowa\u0107 swoj\u0105 \u015bcie\u017ck\u0119 kariery w bran\u017cy bibliotekarskiej. W dzisiejszym rynku pracy pierwsze aktywno\u015bci zawodowe s\u0105 cz\u0119sto kluczowym argumentem przemawiaj\u0105cym za zatrudnieniem \u2013 dlatego warto zacz\u0105\u0107 dzia\u0142a\u0107 jak najwcze\u015bniej. Praktyki i wolontariaty pozwalaj\u0105 r\u00f3wnie\u017c wypracowa\u0107 cenne umiej\u0119tno\u015bci mi\u0119kkie, takie jak komunikacja z r\u00f3\u017cnymi grupami odbiorc\u00f3w czy sprawna organizacja pracy w\u0142asnej. Im wi\u0119cej praktycznych do\u015bwiadcze\u0144 zgromadzisz na pocz\u0105tku, tym pewniej wejdziesz na rynek pracy jako wykwalifikowany i \u015bwiadomy bibliotekarz.<\/p>\n","protected":false},"excerpt":{"rendered":"<p>Zadaniem bibliotekarza jest zarz\u0105dzanie instytucj\u0105, kt\u00f3ra musi zapewni\u0107 czytelnikom dost\u0119p do wiedzy i kultury, kt\u00f3re zosta\u0142y utrwalone w literaturze czy na r\u00f3\u017cnego rodzaju no\u015bnikach, dost\u0119pnych w zbiorach bibliotecznych. Jednak praca w bibliotece to nie tylko wypo\u017cyczanie ksi\u0105\u017cek. Zastanawiasz si\u0119, co nale\u017cy do obowi\u0105zk\u00f3w osoby zatrudnionej na tym stanowisku? Poznaj bli\u017cej codzienne zadania stanowisku i dowiedz [&hellip;]<\/p>\n","protected":false},"author":7,"featured_media":1302,"comment_status":"closed","ping_status":"closed","sticky":false,"template":"","format":"standard","meta":{"_lmt_disableupdate":"no","_lmt_disable":"no","footnotes":""},"categories":[1356],"tags":[],"class_list":["post-609","post","type-post","status-publish","format-standard","has-post-thumbnail","hentry","category-rozwoj-nauczycieli"],"modified_by":"Ernest","_links":{"self":[{"href":"https:\/\/epedagog.edu.pl\/aktualnosci\/wp-json\/wp\/v2\/posts\/609","targetHints":{"allow":["GET"]}}],"collection":[{"href":"https:\/\/epedagog.edu.pl\/aktualnosci\/wp-json\/wp\/v2\/posts"}],"about":[{"href":"https:\/\/epedagog.edu.pl\/aktualnosci\/wp-json\/wp\/v2\/types\/post"}],"author":[{"embeddable":true,"href":"https:\/\/epedagog.edu.pl\/aktualnosci\/wp-json\/wp\/v2\/users\/7"}],"replies":[{"embeddable":true,"href":"https:\/\/epedagog.edu.pl\/aktualnosci\/wp-json\/wp\/v2\/comments?post=609"}],"version-history":[{"count":17,"href":"https:\/\/epedagog.edu.pl\/aktualnosci\/wp-json\/wp\/v2\/posts\/609\/revisions"}],"predecessor-version":[{"id":1846,"href":"https:\/\/epedagog.edu.pl\/aktualnosci\/wp-json\/wp\/v2\/posts\/609\/revisions\/1846"}],"wp:featuredmedia":[{"embeddable":true,"href":"https:\/\/epedagog.edu.pl\/aktualnosci\/wp-json\/wp\/v2\/media\/1302"}],"wp:attachment":[{"href":"https:\/\/epedagog.edu.pl\/aktualnosci\/wp-json\/wp\/v2\/media?parent=609"}],"wp:term":[{"taxonomy":"category","embeddable":true,"href":"https:\/\/epedagog.edu.pl\/aktualnosci\/wp-json\/wp\/v2\/categories?post=609"},{"taxonomy":"post_tag","embeddable":true,"href":"https:\/\/epedagog.edu.pl\/aktualnosci\/wp-json\/wp\/v2\/tags?post=609"}],"curies":[{"name":"wp","href":"https:\/\/api.w.org\/{rel}","templated":true}]}}