{"id":552,"date":"2021-12-10T08:33:28","date_gmt":"2021-12-10T07:33:28","guid":{"rendered":"https:\/\/epedagog.edu.pl\/aktualnosci\/?p=552"},"modified":"2024-11-18T09:19:43","modified_gmt":"2024-11-18T08:19:43","slug":"czym-zajmuje-sie-pedagogika-opiekunczo-wychowawcza","status":"publish","type":"post","link":"https:\/\/epedagog.edu.pl\/aktualnosci\/czym-zajmuje-sie-pedagogika-opiekunczo-wychowawcza\/","title":{"rendered":"Czym zajmuje si\u0119 pedagogika opieku\u0144czo-wychowawcza?"},"content":{"rendered":"<p><span style=\"font-weight: 400;\">Pedagodzy opieku\u0144czo-wychowawczy <\/span><b>wspieraj\u0105<\/b><span style=\"font-weight: 400;\"> dzieci i m\u0142odzie\u017c w procesie rozwoju psychospo\u0142ecznego; cz\u0119sto zakres ich pracy dotyczy r\u00f3wnie\u017c os\u00f3b doros\u0142ych, starszych czy <\/span><b>niesamodzielnych<\/b><span style=\"font-weight: 400;\">. Na czym dok\u0142adnie polegaj\u0105 te dzia\u0142ania?<\/span><\/p>\n<div id=\"ez-toc-container\" class=\"ez-toc-v2_0_76 counter-hierarchy ez-toc-counter ez-toc-custom ez-toc-container-direction\">\n<div class=\"ez-toc-title-container\">\n<p class=\"ez-toc-title\" style=\"cursor:inherit\">Spis tre\u015bci<\/p>\n<span class=\"ez-toc-title-toggle\"><a href=\"#\" class=\"ez-toc-pull-right ez-toc-btn ez-toc-btn-xs ez-toc-btn-default ez-toc-toggle\" aria-label=\"Prze\u0142\u0105cznik Spisu Tre\u015bci\"><span class=\"ez-toc-js-icon-con\"><span class=\"\"><span class=\"eztoc-hide\" style=\"display:none;\">Toggle<\/span><span class=\"ez-toc-icon-toggle-span\"><svg style=\"fill: #999;color:#999\" xmlns=\"http:\/\/www.w3.org\/2000\/svg\" class=\"list-377408\" width=\"20px\" height=\"20px\" viewBox=\"0 0 24 24\" fill=\"none\"><path d=\"M6 6H4v2h2V6zm14 0H8v2h12V6zM4 11h2v2H4v-2zm16 0H8v2h12v-2zM4 16h2v2H4v-2zm16 0H8v2h12v-2z\" fill=\"currentColor\"><\/path><\/svg><svg style=\"fill: #999;color:#999\" class=\"arrow-unsorted-368013\" xmlns=\"http:\/\/www.w3.org\/2000\/svg\" width=\"10px\" height=\"10px\" viewBox=\"0 0 24 24\" version=\"1.2\" baseProfile=\"tiny\"><path d=\"M18.2 9.3l-6.2-6.3-6.2 6.3c-.2.2-.3.4-.3.7s.1.5.3.7c.2.2.4.3.7.3h11c.3 0 .5-.1.7-.3.2-.2.3-.5.3-.7s-.1-.5-.3-.7zM5.8 14.7l6.2 6.3 6.2-6.3c.2-.2.3-.5.3-.7s-.1-.5-.3-.7c-.2-.2-.4-.3-.7-.3h-11c-.3 0-.5.1-.7.3-.2.2-.3.5-.3.7s.1.5.3.7z\"\/><\/svg><\/span><\/span><\/span><\/a><\/span><\/div>\n<nav><ul class='ez-toc-list ez-toc-list-level-1 ' ><li class='ez-toc-page-1 ez-toc-heading-level-2'><a class=\"ez-toc-link ez-toc-heading-1\" href=\"https:\/\/epedagog.edu.pl\/aktualnosci\/czym-zajmuje-sie-pedagogika-opiekunczo-wychowawcza\/#Pedagogika_opiekunczo-wychowawcza_%E2%80%93_co_to_jest\" >Pedagogika opieku\u0144czo-wychowawcza &#8211; co to jest?<\/a><\/li><li class='ez-toc-page-1 ez-toc-heading-level-2'><a class=\"ez-toc-link ez-toc-heading-2\" href=\"https:\/\/epedagog.edu.pl\/aktualnosci\/czym-zajmuje-sie-pedagogika-opiekunczo-wychowawcza\/#Pedagogika_opiekuncza_i_jej_funkcje\" >Pedagogika opieku\u0144cza i jej funkcje<\/a><\/li><\/ul><\/nav><\/div>\n<h2><span class=\"ez-toc-section\" id=\"Pedagogika_opiekunczo-wychowawcza_%E2%80%93_co_to_jest\"><\/span><span style=\"font-weight: 400;\">Pedagogika opieku\u0144czo-wychowawcza &#8211; co to jest?<\/span><span class=\"ez-toc-section-end\"><\/span><\/h2>\n<p><span style=\"font-weight: 400;\">Pedagogik\u0119 opieku\u0144czo-wychowawcz\u0105 definiuje si\u0119 jako nauk\u0119 o <\/span><b>opiece mi\u0119dzyludzkiej<\/b><span style=\"font-weight: 400;\"> &#8211; zw\u0142aszcza nad dzie\u0107mi, oraz jej aspektach <\/span><b>wychowawczych<\/b><span style=\"font-weight: 400;\">: opiece wychowawczej i wychowaniu opieku\u0144czym. Sprowadza si\u0119 to do tego, aby wspiera\u0107 osoby niesamodzielne &#8211; dzieci, m\u0142odzie\u017c b\u0105d\u017a senior\u00f3w &#8211; w ich rozwoju, sprawuj\u0105c nad nimi funkcje opieku\u0144cze; dotyczy to te\u017c os\u00f3b, kt\u00f3re przebywaj\u0105 w \u015brodowisku, kt\u00f3re nie sprzyja prawid\u0142owemu wychowaniu i dbaniu o podstawowe potrzeby.<\/span><\/p>\n<p><span style=\"font-weight: 400;\">Dyscyplina ta dostarcza wiedzy odno\u015bnie tego, jak <\/span><b>zaspokaja\u0107 i regulowa\u0107 potrzeby<\/b><span style=\"font-weight: 400;\"> swoich podopiecznych, r\u00f3wnocze\u015bnie wp\u0142ywaj\u0105c na proces wychowawczy. Zajmuj\u0105 si\u0119 tym pedagodzy opieku\u0144czo-wychowawczy, realizuj\u0105cy swoje zadania w r\u00f3\u017cnego rodzaju plac\u00f3wkach opieku\u0144czo-wychowawczych:<\/span><\/p>\n<ul>\n<li style=\"font-weight: 400;\" aria-level=\"1\"><span style=\"font-weight: 400;\">plac\u00f3wki systemu o\u015bwiaty, edukacyjne,<\/span><\/li>\n<li style=\"font-weight: 400;\" aria-level=\"1\"><span style=\"font-weight: 400;\">\u015bwietlice szkolne, internaty,<\/span><\/li>\n<li style=\"font-weight: 400;\" aria-level=\"1\"><span style=\"font-weight: 400;\">instytucje i plac\u00f3wki opieku\u0144czo-wychowawcze typu socjalizacyjnego, rodzinnego oraz wielofunkcyjnego,<\/span><\/li>\n<li style=\"font-weight: 400;\" aria-level=\"1\"><span style=\"font-weight: 400;\">plac\u00f3wki wychowania przedszkolnego, centra edukacji i kultury dla dzieci i m\u0142odzie\u017cy,<\/span><\/li>\n<li style=\"font-weight: 400;\" aria-level=\"1\"><span style=\"font-weight: 400;\">plac\u00f3wki i instytucje systemu pomocy spo\u0142ecznej,<\/span><\/li>\n<li style=\"font-weight: 400;\" aria-level=\"1\"><span style=\"font-weight: 400;\">organizacje po\u017cytku publicznego,<\/span><\/li>\n<li style=\"font-weight: 400;\" aria-level=\"1\"><span style=\"font-weight: 400;\">warsztaty terapii zaj\u0119ciowej,<\/span><\/li>\n<li style=\"font-weight: 400;\" aria-level=\"1\"><span style=\"font-weight: 400;\">wychowawca pieczy zast\u0119pczej.<\/span><\/li>\n<\/ul>\n<p><span style=\"font-weight: 400;\">Aby wspiera\u0107 dzieci i m\u0142odzie\u017c w procesie rozwoju psychospo\u0142ecznego, instytucja pedagoga opieku\u0144czo-wychowawczego funkcjonuje w takich miejscach, jak: szko\u0142y, domy dziecka, pogotowie opieku\u0144cze, \u015bwietlice \u015brodowiskowe czy o\u015brodki wsparcia interwencji kryzysowej. Jej kompetencje pozwalaj\u0105 nie tylko na sprawowanie opieki, ale r\u00f3wnie\u017c jej <\/span><b>organizowanie<\/b><span style=\"font-weight: 400;\"> w innych instytucjach, oraz <\/span><b>weryfikowanie<\/b><span style=\"font-weight: 400;\"> ich p\u00f3\u017aniejszych dzia\u0142a\u0144.\u00a0\u00a0<\/span><\/p>\n<h2><span class=\"ez-toc-section\" id=\"Pedagogika_opiekuncza_i_jej_funkcje\"><\/span><span style=\"font-weight: 400;\">Pedagogika opieku\u0144cza i jej funkcje<\/span><span class=\"ez-toc-section-end\"><\/span><\/h2>\n<p><span style=\"font-weight: 400;\">Pedagodzy podczas nauki z zakresu tej dziedziny &#8211; np. podczas studi\u00f3w lub <\/span><a title=\"Kurs kwalifikacyjny z pedagogiki opieku\u0144czo-wychowawczej\" href=\"https:\/\/epedagog.edu.pl\/kursy\/104\"><span style=\"font-weight: 400;\">kursu z pedagogiki opieku\u0144czo-wychowawczej<\/span><\/a><span style=\"font-weight: 400;\"> &#8211; nabywaj\u0105 wiedz\u0119 i umiej\u0119tno\u015bci, jak wykorzystywa\u0107 jej zasoby w codziennym \u017cyciu. Dotyczy to takich zagadnie\u0144, jak: potrzeby dzieci i m\u0142odzie\u017cy, formy dzia\u0142a\u0144 opieku\u0144czo-wychowawczych, zasady i metodyka pracy czy rodzaje instytucji pe\u0142ni\u0105cych funkcje organizacyjne do sprawowania opieki. Dzi\u0119ki temu mog\u0105 sprawnie i profesjonalnie prowadzi\u0107 takie dzia\u0142ania, jak:<\/span><\/p>\n<ul>\n<li style=\"font-weight: 400;\" aria-level=\"1\"><span style=\"font-weight: 400;\">pe\u0142nienie roli wychowawcy,<\/span><\/li>\n<li style=\"font-weight: 400;\" aria-level=\"1\"><span style=\"font-weight: 400;\">stymulowanie rozwoju podopiecznych i zapobieganie sytuacjom kryzysowym w\u015br\u00f3d dzieci m\u0142odzie\u017cy,<\/span><\/li>\n<li style=\"font-weight: 400;\" aria-level=\"1\"><span style=\"font-weight: 400;\">opracowywanie plan\u00f3w wychowawczych oraz zaj\u0119\u0107 dodatkowych wspieraj\u0105cych rozw\u00f3j,<\/span><\/li>\n<li style=\"font-weight: 400;\" aria-level=\"1\"><span style=\"font-weight: 400;\">organizowanie codziennych zaj\u0119\u0107 i opieki w grupach dzieci\u0119cych i m\u0142odzie\u017cowych,<\/span><\/li>\n<li style=\"font-weight: 400;\" aria-level=\"1\"><span style=\"font-weight: 400;\">organizowanie dzia\u0142a\u0144 pomocowych i interwencyjnych.<\/span><\/li>\n<\/ul>\n<p><span style=\"font-weight: 400;\">Pedagog opieku\u0144czo-wychowawczy <\/span><b>analizuje przyczyny<\/b><span style=\"font-weight: 400;\"> wyst\u0119puj\u0105cych problem\u00f3w, nast\u0119pnie <\/span><b>wytycza cele\u00a0<\/b><span style=\"font-weight: 400;\">i zasady sprawowania swojej funkcji w danej sytuacji. Stara si\u0119 zapewni\u0107 swoim wychowankom optymalne warunki rozwoju, reagowa\u0107 i wspiera\u0107 w sytuacjach kryzysowych, a tak\u017ce zapewni\u0107 r\u00f3wnowag\u0119 i zdrowie psychiczne poprzez profilaktyk\u0119 i kompensacj\u0119. G\u0142\u00f3wnie mo\u017ce dotyczy\u0107 to dzieci zaniedbanych, odrzuconych przez rodzin\u0119 lub z dom\u00f3w niezaradnych \u017cyciowo, kt\u00f3re nie zapewniaj\u0105 odpowiednich warunk\u00f3w bytowych.<\/span><\/p>\n<p><a href=\"https:\/\/epedagog.edu.pl\/kursy\/104\"><img loading=\"lazy\" decoding=\"async\" class=\"aligncenter size-full wp-image-613\" src=\"https:\/\/epedagog.edu.pl\/aktualnosci\/wp-content\/uploads\/2022\/03\/baner_linkuj\u0105cy.png\" alt=\"Kurs Kwalifikacyjny z pedagogiki opieku\u0144czo-wychowawczej\" width=\"694\" height=\"151\" srcset=\"https:\/\/epedagog.edu.pl\/aktualnosci\/wp-content\/uploads\/2022\/03\/baner_linkuj\u0105cy.png 694w, https:\/\/epedagog.edu.pl\/aktualnosci\/wp-content\/uploads\/2022\/03\/baner_linkuj\u0105cy-300x65.png 300w\" sizes=\"auto, (max-width: 694px) 100vw, 694px\" \/><\/a><\/p>\n<p><span style=\"font-weight: 400;\">W takich sytuacjach pedagog <\/span><b>przejmuje rol\u0119 opiekuna<\/b><span style=\"font-weight: 400;\">, zajmuj\u0105c si\u0119 zdrowiem dziecka, pomoc\u0105 szkoln\u0105, prawn\u0105, doradcz\u0105 i wychowawcz\u0105. Zadania te realizuje zar\u00f3wno w miejscu zamieszkania podopiecznego, jak\u00a0<\/span><span style=\"font-weight: 400;\">i w grupach r\u00f3wie\u015bniczych &#8211; w szkole, na wycieczkach, warsztatach czy zaj\u0119ciach terapeutycznych.<\/span><\/p>\n<p><span style=\"font-weight: 400;\">Pedagodzy opieku\u0144czo-wychowawczy identyfikuj\u0105 problemy z zakresu opieki i wychowania, organizuj\u0105\u00a0<\/span><span style=\"font-weight: 400;\">i oferuj\u0105 wsparcie, pomoc dora\u017an\u0105 czy terapeutyczn\u0105. Zajmuj\u0105 si\u0119 r\u00f3wnie\u017c <\/span><b>profilaktyk\u0105<\/b><span style=\"font-weight: 400;\"> spo\u0142eczn\u0105, by zapobiega\u0107 sytuacjom kryzysowym &#8211; mog\u0105 prowadzi\u0107 zaj\u0119cia edukacyjne dla uczni\u00f3w, rodzic\u00f3w\u00a0<\/span><span style=\"font-weight: 400;\">i nauczycieli, r\u00f3wnie\u017c z zakresu terapii pedagogicznej. S\u0105 doskonale przygotowani do pracy z dzie\u0107mi\u00a0<\/span><span style=\"font-weight: 400;\">i m\u0142odzie\u017c\u0105 ze specyficznymi trudno\u015bciami w uczeniu si\u0119 i w pomaganiu <\/span><b>przezwyci\u0119\u017cania<\/b><span style=\"font-weight: 400;\"> trudno\u015bci szkolnych. To kompetentni <\/span><b>wychowawcy<\/b><span style=\"font-weight: 400;\">, kt\u00f3rzy wspieraj\u0105 procesy rozwojowe na ka\u017cdym etapie.<\/span><\/p>\n","protected":false},"excerpt":{"rendered":"<p>Pedagodzy opieku\u0144czo-wychowawczy wspieraj\u0105 dzieci i m\u0142odzie\u017c w procesie rozwoju psychospo\u0142ecznego; cz\u0119sto zakres ich pracy dotyczy r\u00f3wnie\u017c os\u00f3b doros\u0142ych, starszych czy niesamodzielnych. Na czym dok\u0142adnie polegaj\u0105 te dzia\u0142ania? Pedagogika opieku\u0144czo-wychowawcza &#8211; co to jest? Pedagogik\u0119 opieku\u0144czo-wychowawcz\u0105 definiuje si\u0119 jako nauk\u0119 o opiece mi\u0119dzyludzkiej &#8211; zw\u0142aszcza nad dzie\u0107mi, oraz jej aspektach wychowawczych: opiece wychowawczej i wychowaniu opieku\u0144czym. [&hellip;]<\/p>\n","protected":false},"author":7,"featured_media":568,"comment_status":"closed","ping_status":"closed","sticky":false,"template":"","format":"standard","meta":{"_lmt_disableupdate":"no","_lmt_disable":"no","footnotes":""},"categories":[1270],"tags":[1323,1328,1325,1324,1327,1326],"class_list":["post-552","post","type-post","status-publish","format-standard","has-post-thumbnail","hentry","category-pedagogika","tag-czym-zajmuje-sie-pedagogika-opiekunczo-wychowawcza","tag-funkcje-pedagogiki-opiekunczej","tag-kurs-pedagogika-opiekunczo-wychowawcza","tag-pedagogika-opiekunczo-wychowawcza","tag-pedagogika-opiekunczo-wychowawcza-co-to-jest","tag-pedagogika-opiekunczo-wychowawcza-definicja"],"modified_by":"digital","_links":{"self":[{"href":"https:\/\/epedagog.edu.pl\/aktualnosci\/wp-json\/wp\/v2\/posts\/552","targetHints":{"allow":["GET"]}}],"collection":[{"href":"https:\/\/epedagog.edu.pl\/aktualnosci\/wp-json\/wp\/v2\/posts"}],"about":[{"href":"https:\/\/epedagog.edu.pl\/aktualnosci\/wp-json\/wp\/v2\/types\/post"}],"author":[{"embeddable":true,"href":"https:\/\/epedagog.edu.pl\/aktualnosci\/wp-json\/wp\/v2\/users\/7"}],"replies":[{"embeddable":true,"href":"https:\/\/epedagog.edu.pl\/aktualnosci\/wp-json\/wp\/v2\/comments?post=552"}],"version-history":[{"count":2,"href":"https:\/\/epedagog.edu.pl\/aktualnosci\/wp-json\/wp\/v2\/posts\/552\/revisions"}],"predecessor-version":[{"id":749,"href":"https:\/\/epedagog.edu.pl\/aktualnosci\/wp-json\/wp\/v2\/posts\/552\/revisions\/749"}],"wp:featuredmedia":[{"embeddable":true,"href":"https:\/\/epedagog.edu.pl\/aktualnosci\/wp-json\/wp\/v2\/media\/568"}],"wp:attachment":[{"href":"https:\/\/epedagog.edu.pl\/aktualnosci\/wp-json\/wp\/v2\/media?parent=552"}],"wp:term":[{"taxonomy":"category","embeddable":true,"href":"https:\/\/epedagog.edu.pl\/aktualnosci\/wp-json\/wp\/v2\/categories?post=552"},{"taxonomy":"post_tag","embeddable":true,"href":"https:\/\/epedagog.edu.pl\/aktualnosci\/wp-json\/wp\/v2\/tags?post=552"}],"curies":[{"name":"wp","href":"https:\/\/api.w.org\/{rel}","templated":true}]}}