{"id":517,"date":"2021-10-26T08:25:43","date_gmt":"2021-10-26T06:25:43","guid":{"rendered":"https:\/\/epedagog.edu.pl\/aktualnosci\/?p=517"},"modified":"2025-09-30T12:53:35","modified_gmt":"2025-09-30T10:53:35","slug":"co-to-jest-tyflopedagogika","status":"publish","type":"post","link":"https:\/\/epedagog.edu.pl\/aktualnosci\/co-to-jest-tyflopedagogika\/","title":{"rendered":"Co to jest tyflopedagogika?"},"content":{"rendered":"<p><span style=\"font-weight: 400;\">Tyflopedagogika jest jednym z dzia\u0142\u00f3w\u00a0<\/span><b>pedagogiki specjalnej<\/b><span style=\"font-weight: 400;\">. Zajmuje si\u0119 rehabilitacj\u0105\u00a0i edukacj\u0105 os\u00f3b\u00a0z\u00a0niepe\u0142nosprawno\u015bci\u0105 wzroku, pomagaj\u0105c im odnale\u017a\u0107 si\u0119 w otaczaj\u0105cym \u015bwiecie. Co jeszcze wchodzi w\u00a0zakres pracy tyflopedagoga?<\/span><\/p>\n<div id=\"ez-toc-container\" class=\"ez-toc-v2_0_76 counter-hierarchy ez-toc-counter ez-toc-custom ez-toc-container-direction\">\n<div class=\"ez-toc-title-container\">\n<p class=\"ez-toc-title\" style=\"cursor:inherit\">Spis tre\u015bci<\/p>\n<span class=\"ez-toc-title-toggle\"><a href=\"#\" class=\"ez-toc-pull-right ez-toc-btn ez-toc-btn-xs ez-toc-btn-default ez-toc-toggle\" aria-label=\"Prze\u0142\u0105cznik Spisu Tre\u015bci\"><span class=\"ez-toc-js-icon-con\"><span class=\"\"><span class=\"eztoc-hide\" style=\"display:none;\">Toggle<\/span><span class=\"ez-toc-icon-toggle-span\"><svg style=\"fill: #999;color:#999\" xmlns=\"http:\/\/www.w3.org\/2000\/svg\" class=\"list-377408\" width=\"20px\" height=\"20px\" viewBox=\"0 0 24 24\" fill=\"none\"><path d=\"M6 6H4v2h2V6zm14 0H8v2h12V6zM4 11h2v2H4v-2zm16 0H8v2h12v-2zM4 16h2v2H4v-2zm16 0H8v2h12v-2z\" fill=\"currentColor\"><\/path><\/svg><svg style=\"fill: #999;color:#999\" class=\"arrow-unsorted-368013\" xmlns=\"http:\/\/www.w3.org\/2000\/svg\" width=\"10px\" height=\"10px\" viewBox=\"0 0 24 24\" version=\"1.2\" baseProfile=\"tiny\"><path d=\"M18.2 9.3l-6.2-6.3-6.2 6.3c-.2.2-.3.4-.3.7s.1.5.3.7c.2.2.4.3.7.3h11c.3 0 .5-.1.7-.3.2-.2.3-.5.3-.7s-.1-.5-.3-.7zM5.8 14.7l6.2 6.3 6.2-6.3c.2-.2.3-.5.3-.7s-.1-.5-.3-.7c-.2-.2-.4-.3-.7-.3h-11c-.3 0-.5.1-.7.3-.2.2-.3.5-.3.7s.1.5.3.7z\"\/><\/svg><\/span><\/span><\/span><\/a><\/span><\/div>\n<nav><ul class='ez-toc-list ez-toc-list-level-1 ' ><li class='ez-toc-page-1 ez-toc-heading-level-2'><a class=\"ez-toc-link ez-toc-heading-1\" href=\"https:\/\/epedagog.edu.pl\/aktualnosci\/co-to-jest-tyflopedagogika\/#Tyflopedagog_%E2%80%93_kompetencje\" >Tyflopedagog \u2013 kompetencje<\/a><\/li><li class='ez-toc-page-1 ez-toc-heading-level-2'><a class=\"ez-toc-link ez-toc-heading-2\" href=\"https:\/\/epedagog.edu.pl\/aktualnosci\/co-to-jest-tyflopedagogika\/#Kto_moze_zostac_tyflopedagogiem\" >Kto mo\u017ce zosta\u0107 tyflopedagogiem?<\/a><\/li><li class='ez-toc-page-1 ez-toc-heading-level-2'><a class=\"ez-toc-link ez-toc-heading-3\" href=\"https:\/\/epedagog.edu.pl\/aktualnosci\/co-to-jest-tyflopedagogika\/#Co_to_jest_tyflopedagogika_i_jak_przebiega_w_praktyce\" >Co to jest tyflopedagogika i jak przebiega w praktyce?<\/a><\/li><li class='ez-toc-page-1 ez-toc-heading-level-2'><a class=\"ez-toc-link ez-toc-heading-4\" href=\"https:\/\/epedagog.edu.pl\/aktualnosci\/co-to-jest-tyflopedagogika\/#Z_jakimi_dziecmi_pracuje_tyflopedagog\" >Z jakimi dzie\u0107mi pracuje tyflopedagog?<\/a><\/li><li class='ez-toc-page-1 ez-toc-heading-level-2'><a class=\"ez-toc-link ez-toc-heading-5\" href=\"https:\/\/epedagog.edu.pl\/aktualnosci\/co-to-jest-tyflopedagogika\/#Co_wchodzi_w_zakres_terapii_tyflopedagogicznej\" >Co wchodzi w zakres terapii tyflopedagogicznej?<\/a><\/li><li class='ez-toc-page-1 ez-toc-heading-level-2'><a class=\"ez-toc-link ez-toc-heading-6\" href=\"https:\/\/epedagog.edu.pl\/aktualnosci\/co-to-jest-tyflopedagogika\/#Dlaczego_warto_ukonczyc_kurs_z_zakresu_tyflopedagogiki\" >Dlaczego warto uko\u0144czy\u0107 kurs z zakresu tyflopedagogiki?<\/a><\/li><\/ul><\/nav><\/div>\n<h2><span class=\"ez-toc-section\" id=\"Tyflopedagog_%E2%80%93_kompetencje\"><\/span><span style=\"font-weight: 400;\">Tyflopedagog \u2013 kompetencje<\/span><span class=\"ez-toc-section-end\"><\/span><\/h2>\n<p><span style=\"font-weight: 400;\">Aby odpowiedzie\u0107 na pytanie, co to jest tyflopedagogika, warto w pierwszej kolejno\u015bci przyjrze\u0107 si\u0119 kompetencjom osoby posiadaj\u0105cej uprawnienia do prowadzenia zaj\u0119\u0107 z tego zakresu. Ot\u00f3\u017c z definicji tyflopedagog (z gr.<\/span><span style=\"font-weight: 400;\">\u00a0<\/span><i><span style=\"font-weight: 400;\">typhlos<\/span><\/i><span style=\"font-weight: 400;\">\u00a0\u2013 \u015blepy) to pedagog, kt\u00f3ry ca\u0142o\u015bciowo przeprowadza zaj\u0119cia z udzia\u0142em os\u00f3b niewidomych i s\u0142abowidz\u0105cych. Mo\u017ce zajmowa\u0107 si\u0119\u00a0<\/span><b>wychowaniem, edukacj\u0105, terapi\u0105 i rehabilitacj\u0105<\/b><span style=\"font-weight: 400;\">\u00a0os\u00f3b, kt\u00f3re cz\u0119\u015bciowo lub ca\u0142kowicie utraci\u0142y zmys\u0142 wzroku, a tak\u017ce tymi, kt\u00f3re nie wykszta\u0142ci\u0142y go w og\u00f3le.<\/span><\/p>\n<p><span style=\"font-weight: 400;\">Terapeuta, opr\u00f3cz \u0107wicze\u0144 rewalidacyjnych,\u00a0<\/span><b>wspiera<\/b><span style=\"font-weight: 400;\">\u00a0r\u00f3wnie\u017c swoich podopiecznych psychicznie: motywuje do pracy nad sob\u0105 oraz do kszta\u0142cenia umiej\u0119tno\u015bci niezb\u0119dnych do prowadzenia samodzielnego \u017cycia. Uczy, jak przeprowadza\u0107 codzienne czynno\u015bci oraz jak porusza\u0107 si\u0119 w otwartej przestrzeni. Edukuje r\u00f3wnie\u017c opiekun\u00f3w i rodzin\u0119, jak wspiera\u0107 osoby z dysfunkcj\u0105 wzroku.<\/span><\/p>\n<blockquote><p><a href=\"https:\/\/epedagog.edu.pl\/oferta\/kursy\/kurs-kwalifikacyjny-z-zakresu-tyflopedagogiki\">ZAPISZ SI\u0118 NA KURS I ZDOB\u0104D\u0179 KWALIFIKACJE Z ZAKRESU\u00a0 TYFLOPEDAGOGIKI<\/a><\/p><\/blockquote>\n<h2><span class=\"ez-toc-section\" id=\"Kto_moze_zostac_tyflopedagogiem\"><\/span><span style=\"font-weight: 400;\">Kto mo\u017ce zosta\u0107 tyflopedagogiem?<\/span><span class=\"ez-toc-section-end\"><\/span><\/h2>\n<p><span style=\"font-weight: 400;\">Du\u017ce zainteresowanie w kontek\u015bcie wspierania os\u00f3b niewidomych oraz z dysfunkcjami wzroku budzi nie tylko to, <\/span><b>co to jest tyflopedagogika<\/b><span style=\"font-weight: 400;\">, ale tak\u017ce kwestia zdobycia uprawnie\u0144 do prowadzenia zaj\u0119\u0107.\u00a0<\/span><\/p>\n<p><span style=\"font-weight: 400;\">Tyflopedagogiem mo\u017ce zosta\u0107 osoba, kt\u00f3ra uko\u0144czy\u0142a studia wy\u017csze \u2013 najcz\u0119\u015bciej pedagogik\u0119 specjaln\u0105 \u2013 ze specjalno\u015bci\u0105 w zakresie pedagogiki os\u00f3b z dysfunkcj\u0105 wzroku. Alternatywnie, posiadaj\u0105c wykszta\u0142cenie wy\u017csze, mo\u017cna uko\u0144czy\u0107 studia podyplomowe z tyflopedagogiki lub kurs kwalifikacyjny \u2013 mo\u017ce by\u0107 on realizowany online, jednak jego program powinien by\u0107 zgodny z wytycznymi MEiN.<\/span><\/p>\n<p><span style=\"font-weight: 400;\">Po uzyskaniu kwalifikacji mo\u017cna pracowa\u0107 w:<\/span><\/p>\n<ul>\n<li style=\"font-weight: 400;\" aria-level=\"1\"><span style=\"font-weight: 400;\">przedszkolach;<\/span><\/li>\n<li style=\"font-weight: 400;\" aria-level=\"1\"><span style=\"font-weight: 400;\">szko\u0142ach;<\/span><\/li>\n<li style=\"font-weight: 400;\" aria-level=\"1\"><span style=\"font-weight: 400;\">poradniach;<\/span><\/li>\n<li style=\"font-weight: 400;\" aria-level=\"1\"><span style=\"font-weight: 400;\">instytucjach wspieraj\u0105cych osoby z dysfunkcj\u0105 wzroku.<\/span><\/li>\n<\/ul>\n<h2><span class=\"ez-toc-section\" id=\"Co_to_jest_tyflopedagogika_i_jak_przebiega_w_praktyce\"><\/span><span style=\"font-weight: 400;\">Co to jest tyflopedagogika i jak przebiega w praktyce?<\/span><span class=\"ez-toc-section-end\"><\/span><\/h2>\n<p><span style=\"font-weight: 400;\">Tyflopedagog prowadzi\u00a0<\/span><b>terapi\u0119 wzroku<\/b><span style=\"font-weight: 400;\">, kt\u00f3ra polega na jego usprawnianiu. W przypadku os\u00f3b niewidomych pomaga wypracowa\u0107 mechanizmy kompensacyjne, polegaj\u0105ce na <\/span><b>wykorzystywaniu pozosta\u0142ych zmys\u0142\u00f3w do poznawania otoczenia<\/b><span style=\"font-weight: 400;\">.\u00a0<\/span><\/p>\n<p><span style=\"font-weight: 400;\">W przypadku dzieci <\/span><b>zaj\u0119cia prowadzone s\u0105 w formie zabawy<\/b><span style=\"font-weight: 400;\"> i w taki spos\u00f3b, aby nie zniech\u0119ca\u0107 do dalszego rozwoju. Bardzo wa\u017cne w pracy tyflopedagoga jest <\/span><b>wzmacnianie wiary we w\u0142asne si\u0142y i wsparcie emocjonalne podopiecznych<\/b><span style=\"font-weight: 400;\">, by nie czuli si\u0119 jak niezdolni do samodzielnej egzystencji i wykluczeni spo\u0142ecznie.<\/span><\/p>\n<p><a href=\"https:\/\/epedagog.edu.pl\/oferta\/kursy\/kurs-kwalifikacyjny-z-zakresu-tyflopedagogiki\"><img loading=\"lazy\" decoding=\"async\" class=\"alignnone wp-image-613\" src=\"https:\/\/epedagog.edu.pl\/aktualnosci\/wp-content\/uploads\/2022\/03\/baner_linkuj\u0105cy-300x65.png\" alt=\"kursy dla pedagog\u00f3w\" width=\"674\" height=\"146\" srcset=\"https:\/\/epedagog.edu.pl\/aktualnosci\/wp-content\/uploads\/2022\/03\/baner_linkuj\u0105cy-300x65.png 300w, https:\/\/epedagog.edu.pl\/aktualnosci\/wp-content\/uploads\/2022\/03\/baner_linkuj\u0105cy.png 694w\" sizes=\"auto, (max-width: 674px) 100vw, 674px\" \/><\/a><\/p>\n<h2><span class=\"ez-toc-section\" id=\"Z_jakimi_dziecmi_pracuje_tyflopedagog\"><\/span><span style=\"font-weight: 400;\">Z jakimi dzie\u0107mi pracuje tyflopedagog?<\/span><span class=\"ez-toc-section-end\"><\/span><\/h2>\n<p><span style=\"font-weight: 400;\">Tyflopedagog wspiera zar\u00f3wno dzieci ca\u0142kowicie niewidome, jak i te z cz\u0119\u015bciow\u0105 utrat\u0105 wzroku. Jego praca koncentruje si\u0119 na przezwyci\u0119\u017caniu trudno\u015bci wynikaj\u0105cych z dysfunkcji widzenia i rozwijaniu umiej\u0119tno\u015bci niezb\u0119dnych do samodzielnego funkcjonowania.<\/span><\/p>\n<p><span style=\"font-weight: 400;\">Najcz\u0119stsze wyzwania, z jakimi mierz\u0105 si\u0119 podopieczni, to:<\/span><\/p>\n<ul>\n<li style=\"font-weight: 400;\" aria-level=\"1\"><b>orientacja w przestrzeni<\/b><span style=\"font-weight: 400;\"> \u2013 dzieci niewidome i s\u0142abowidz\u0105ce wymagaj\u0105 nauki poruszania si\u0119 oraz korzystania z pomocy optycznych i tyflotechnicznych;<\/span><\/li>\n<li style=\"font-weight: 400;\" aria-level=\"1\"><b>rozw\u00f3j motoryki<\/b><span style=\"font-weight: 400;\"> \u2013 potrzebuj\u0105 wsparcia w kszta\u0142towaniu koordynacji ruchowej i sprawno\u015bci manualnej;<\/span><\/li>\n<li style=\"font-weight: 400;\" aria-level=\"1\"><b>nauka czytania brajlem<\/b><span style=\"font-weight: 400;\"> \u2013 wymagaj\u0105 pomocy w opanowaniu alfabetu punktowego oraz technik pisania;<\/span><\/li>\n<li style=\"font-weight: 400;\" aria-level=\"1\"><b>trudno\u015bci emocjonalne<\/b><span style=\"font-weight: 400;\"> \u2013 potrzebuj\u0105 wsparcia w radzeniu sobie z poczuciem izolacji i w budowaniu pewno\u015bci siebie.<\/span><\/li>\n<\/ul>\n<p><span style=\"font-weight: 400;\">Ka\u017cda terapia jest indywidualnie dostosowana do wieku, mo\u017cliwo\u015bci i poziomu funkcjonowania dziecka, aby jak najlepiej wspiera\u0107 jego rozw\u00f3j.<\/span><\/p>\n<h2><span class=\"ez-toc-section\" id=\"Co_wchodzi_w_zakres_terapii_tyflopedagogicznej\"><\/span><span style=\"font-weight: 400;\">Co wchodzi w zakres terapii tyflopedagogicznej?<\/span><span class=\"ez-toc-section-end\"><\/span><\/h2>\n<p><span style=\"font-weight: 400;\">Je\u015bli zastanawiasz si\u0119, co to jest tyflopedagogika, musisz wiedzie\u0107, \u017ce terapeuta z tego zakresu zajmuje si\u0119 <\/span><b>ca\u0142o\u015bciowym procesem rehabilitacji<\/b><span style=\"font-weight: 400;\"> podopiecznych. W jej sk\u0142ad wchodz\u0105 zatem takie dzia\u0142ania, jak:<\/span><\/p>\n<ul>\n<li style=\"font-weight: 400;\" aria-level=\"1\"><span style=\"font-weight: 400;\">funkcjonalna ocena widzenia;<\/span><\/li>\n<li style=\"font-weight: 400;\" aria-level=\"1\"><span style=\"font-weight: 400;\">dob\u00f3r odpowiednich pomocy optycznych;<\/span><\/li>\n<li style=\"font-weight: 400;\" aria-level=\"1\"><span style=\"font-weight: 400;\">stymulowanie do u\u017cywania wzroku \u2013 patrzenia, widzenia, skupiania spojrzenia;<\/span><\/li>\n<li style=\"font-weight: 400;\" aria-level=\"1\"><span style=\"font-weight: 400;\">stymulowanie pozosta\u0142ych zmys\u0142\u00f3w;<\/span><\/li>\n<li style=\"font-weight: 400;\" aria-level=\"1\"><span style=\"font-weight: 400;\">rozwijanie percepcji dotykowej;<\/span><\/li>\n<li style=\"font-weight: 400;\" aria-level=\"1\"><span style=\"font-weight: 400;\">wspieranie funkcji poznawczych, usprawnianie ruchowe;<\/span><\/li>\n<li style=\"font-weight: 400;\" aria-level=\"1\"><span style=\"font-weight: 400;\">wspieranie emocjonalne;<\/span><\/li>\n<li style=\"font-weight: 400;\" aria-level=\"1\"><span style=\"font-weight: 400;\">wdra\u017canie do samodzielno\u015bci;<\/span><\/li>\n<li style=\"font-weight: 400;\" aria-level=\"1\"><span style=\"font-weight: 400;\">socjalizacja.<\/span><\/li>\n<\/ul>\n<h2><img loading=\"lazy\" decoding=\"async\" class=\"alignnone wp-image-2081\" src=\"https:\/\/epedagog.edu.pl\/aktualnosci\/wp-content\/uploads\/2021\/10\/tyflopedagogika-co-to-jest-300x200.jpg\" alt=\"tyflopedagogika co to jest\" width=\"689\" height=\"459\" srcset=\"https:\/\/epedagog.edu.pl\/aktualnosci\/wp-content\/uploads\/2021\/10\/tyflopedagogika-co-to-jest-300x200.jpg 300w, https:\/\/epedagog.edu.pl\/aktualnosci\/wp-content\/uploads\/2021\/10\/tyflopedagogika-co-to-jest-768x511.jpg 768w, https:\/\/epedagog.edu.pl\/aktualnosci\/wp-content\/uploads\/2021\/10\/tyflopedagogika-co-to-jest-696x463.jpg 696w, https:\/\/epedagog.edu.pl\/aktualnosci\/wp-content\/uploads\/2021\/10\/tyflopedagogika-co-to-jest-632x420.jpg 632w, https:\/\/epedagog.edu.pl\/aktualnosci\/wp-content\/uploads\/2021\/10\/tyflopedagogika-co-to-jest.jpg 1000w\" sizes=\"auto, (max-width: 689px) 100vw, 689px\" \/><\/h2>\n<h2><span class=\"ez-toc-section\" id=\"Dlaczego_warto_ukonczyc_kurs_z_zakresu_tyflopedagogiki\"><\/span><span style=\"font-weight: 400;\">Dlaczego warto uko\u0144czy\u0107 kurs z zakresu tyflopedagogiki?<\/span><span class=\"ez-toc-section-end\"><\/span><\/h2>\n<p><span style=\"font-weight: 400;\">Nie tylko ciekawi Ci\u0119, co to jest tyflopedagogika, ale r\u00f3wnie\u017c chcesz rozszerzy\u0107 swoje kompetencje w tym obszarze? Teraz ju\u017c wiesz, \u017ce zakres dzia\u0142a\u0144 specjalist\u00f3w jest bardzo szeroki, dlatego wymaga odpowiedniej wiedzy, aby ca\u0142y proces przeprowadza\u0107 prawid\u0142owo i z jak najwi\u0119ksz\u0105 korzy\u015bci\u0105 dla podopiecznych. Jednym z kluczowych powod\u00f3w, dla kt\u00f3rych warto uko\u0144czy\u0107 <\/span><a href=\"https:\/\/epedagog.edu.pl\/oferta\/kursy\/kurs-kwalifikacyjny-z-zakresu-tyflopedagogiki\"><b>Kurs Kwalifikacyjny z zakresu tyflopedagogiki<\/b><\/a><b>, <\/b><span style=\"font-weight: 400;\">jest mo\u017cliwo\u015b\u0107 zdobycia kompleksowego przygotowania.<\/span><b>\u00a0<\/b><\/p>\n<p><span style=\"font-weight: 400;\">Przyszli terapeuci zdobywaj\u0105 w trakcie nauki wiedz\u0119 i umiej\u0119tno\u015bci z takich zagadnie\u0144, jak:<\/span><\/p>\n<ul>\n<li style=\"font-weight: 400;\" aria-level=\"1\"><span style=\"font-weight: 400;\">pedagogika specjalna, tyflopedagogika;<\/span><\/li>\n<li style=\"font-weight: 400;\" aria-level=\"1\"><span style=\"font-weight: 400;\">psychologia;<\/span><\/li>\n<li style=\"font-weight: 400;\" aria-level=\"1\"><span style=\"font-weight: 400;\">anatomia, fizjologia i patologia narz\u0105du wzroku;<\/span><\/li>\n<li style=\"font-weight: 400;\" aria-level=\"1\"><span style=\"font-weight: 400;\">rehabilitacji widzenia;<\/span><\/li>\n<li style=\"font-weight: 400;\" aria-level=\"1\"><span style=\"font-weight: 400;\">metodyki nauczania;<\/span><\/li>\n<li style=\"font-weight: 400;\" aria-level=\"1\"><span style=\"font-weight: 400;\">pos\u0142ugiwanie si\u0119 metodami brajlowskimi.<\/span><\/li>\n<\/ul>\n<p><span style=\"font-weight: 400;\">Rozbudowany program to nie jedyna zaleta kursu. Jego warto\u015b\u0107 polega tak\u017ce na realnym prze\u0142o\u017ceniu na rozw\u00f3j zawodowy i nowe perspektywy pracy:<\/span><\/p>\n<ul>\n<li style=\"font-weight: 400;\" aria-level=\"1\"><span style=\"font-weight: 400;\">to warto\u015bciowy kierunek dla nauczycieli, pedagog\u00f3w i terapeut\u00f3w, kt\u00f3rzy chc\u0105 poszerzy\u0107 swoje kompetencje;<\/span><\/li>\n<li style=\"font-weight: 400;\" aria-level=\"1\"><span style=\"font-weight: 400;\">zdobyte kwalifikacje s\u0105 cenione na rynku pracy i otwieraj\u0105 mo\u017cliwo\u015b\u0107 zatrudnienia w r\u00f3\u017cnych plac\u00f3wkach edukacyjnych oraz terapeutycznych;<\/span><\/li>\n<li style=\"font-weight: 400;\" aria-level=\"1\"><span style=\"font-weight: 400;\">uko\u0144czenie kursu pozwala poszerzy\u0107 ofert\u0119 zaj\u0119\u0107 w szkole lub poradni, np. o rewalidacj\u0119 czy wsparcie uczni\u00f3w z orzeczeniami.<\/span><\/li>\n<\/ul>\n<p><span style=\"font-weight: 400;\">Tyflopedagogika to obszar, w kt\u00f3rym pasja spotyka si\u0119 z misj\u0105 \u2013 daje szans\u0119 na realne wsparcie os\u00f3b z dysfunkcj\u0105 wzroku i budowanie ich samodzielno\u015bci. Je\u015bli chcesz rozwija\u0107 swoj\u0105 karier\u0119, a jednocze\u015bnie robi\u0107 co\u015b, co ma g\u0142\u0119boki sens, kurs z zakresu tyflopedagogiki b\u0119dzie w\u0142a\u015bciwym wyborem. Zapisz si\u0119 i otw\u00f3rz przed sob\u0105 drzwi do wyj\u0105tkowej specjalizacji!<\/span><\/p>\n<p>&nbsp;<\/p>\n","protected":false},"excerpt":{"rendered":"<p>Tyflopedagogika jest jednym z dzia\u0142\u00f3w\u00a0pedagogiki specjalnej. Zajmuje si\u0119 rehabilitacj\u0105\u00a0i edukacj\u0105 os\u00f3b\u00a0z\u00a0niepe\u0142nosprawno\u015bci\u0105 wzroku, pomagaj\u0105c im odnale\u017a\u0107 si\u0119 w otaczaj\u0105cym \u015bwiecie. Co jeszcze wchodzi w\u00a0zakres pracy tyflopedagoga? Tyflopedagog \u2013 kompetencje Aby odpowiedzie\u0107 na pytanie, co to jest tyflopedagogika, warto w pierwszej kolejno\u015bci przyjrze\u0107 si\u0119 kompetencjom osoby posiadaj\u0105cej uprawnienia do prowadzenia zaj\u0119\u0107 z tego zakresu. Ot\u00f3\u017c z definicji [&hellip;]<\/p>\n","protected":false},"author":7,"featured_media":579,"comment_status":"closed","ping_status":"closed","sticky":false,"template":"","format":"standard","meta":{"_lmt_disableupdate":"no","_lmt_disable":"no","footnotes":""},"categories":[1270],"tags":[1299,1296,1298,1297],"class_list":["post-517","post","type-post","status-publish","format-standard","has-post-thumbnail","hentry","category-pedagogika","tag-surdopedagogika-i-tyflopedagogika","tag-tyflopedagogika-co-to","tag-tyflopedagogika-definicja","tag-tyflopedagogika-kurs"],"modified_by":"Ernest","_links":{"self":[{"href":"https:\/\/epedagog.edu.pl\/aktualnosci\/wp-json\/wp\/v2\/posts\/517","targetHints":{"allow":["GET"]}}],"collection":[{"href":"https:\/\/epedagog.edu.pl\/aktualnosci\/wp-json\/wp\/v2\/posts"}],"about":[{"href":"https:\/\/epedagog.edu.pl\/aktualnosci\/wp-json\/wp\/v2\/types\/post"}],"author":[{"embeddable":true,"href":"https:\/\/epedagog.edu.pl\/aktualnosci\/wp-json\/wp\/v2\/users\/7"}],"replies":[{"embeddable":true,"href":"https:\/\/epedagog.edu.pl\/aktualnosci\/wp-json\/wp\/v2\/comments?post=517"}],"version-history":[{"count":8,"href":"https:\/\/epedagog.edu.pl\/aktualnosci\/wp-json\/wp\/v2\/posts\/517\/revisions"}],"predecessor-version":[{"id":2086,"href":"https:\/\/epedagog.edu.pl\/aktualnosci\/wp-json\/wp\/v2\/posts\/517\/revisions\/2086"}],"wp:featuredmedia":[{"embeddable":true,"href":"https:\/\/epedagog.edu.pl\/aktualnosci\/wp-json\/wp\/v2\/media\/579"}],"wp:attachment":[{"href":"https:\/\/epedagog.edu.pl\/aktualnosci\/wp-json\/wp\/v2\/media?parent=517"}],"wp:term":[{"taxonomy":"category","embeddable":true,"href":"https:\/\/epedagog.edu.pl\/aktualnosci\/wp-json\/wp\/v2\/categories?post=517"},{"taxonomy":"post_tag","embeddable":true,"href":"https:\/\/epedagog.edu.pl\/aktualnosci\/wp-json\/wp\/v2\/tags?post=517"}],"curies":[{"name":"wp","href":"https:\/\/api.w.org\/{rel}","templated":true}]}}