{"id":415,"date":"2018-05-23T11:32:34","date_gmt":"2018-05-23T09:32:34","guid":{"rendered":"https:\/\/epedagog.edu.pl\/aktualnosci\/?p=415"},"modified":"2024-11-18T08:37:13","modified_gmt":"2024-11-18T07:37:13","slug":"kurs-kwalifikacyjny-z-zakresu-resocjalizacji-gdynia","status":"publish","type":"post","link":"https:\/\/epedagog.edu.pl\/aktualnosci\/kurs-kwalifikacyjny-z-zakresu-resocjalizacji-gdynia\/","title":{"rendered":"Kurs kwalifikacyjny z zakresu resocjalizacji Gdynia"},"content":{"rendered":"<p>Specjalista resocjalizacji \u015bwiadczy pomoc osobom przebywaj\u0105cym w aresztach \u015bledczych, zak\u0142adach karnych i poprawczych, o\u015brodkach socjoterapeutycznych i wychowawczych lub schroniskach dla nieletnich a tak\u017ce w szkole, rodzinie czy w zak\u0142adzie pracy.<\/p>\n<p>Jednak\u017ce aby m\u00f3c pracowa\u0107 jako specjalista resocjalizacji, nale\u017cy <strong>mie\u0107 uko\u0144czony<\/strong> kurs kwalifikacyjny z zakresu resocjalizacji. Taki kurs powinien przewidywa\u0107 cz\u0119\u015b\u0107<strong> teoretyczn\u0105 <\/strong>oraz <strong>praktyczn\u0105<\/strong> i powinien ko\u0144czy\u0107 si\u0119 <strong>egzaminem<\/strong>.<\/p>\n<p>Taki<strong> stacjonarny kurs<\/strong> <strong>kwalifikacyjny z zakresu resocjalizacji<\/strong> odbywa\u0142 si\u0119 w dniach od pi\u0105tku do niedzieli od<strong> marca do kwietnia 2018 roku<\/strong> <strong>w Gdyni.<\/strong> Kurs sk\u0142ada\u0142 si\u0119 z kilku blok\u00f3w teoretycznych roz\u0142o\u017conych na kilka dni, prowadzonych przez wykwalifikowanych specjalist\u00f3w.<\/p>\n<p>Wszystkie osoby, kt\u00f3re nie mog\u0142y pojawi\u0107 si\u0119 na kursie stacjonarnym w Gdyni, zapraszamy na kurs internetowy: <a href=\"https:\/\/epedagog.edu.pl\/kursy\/98\/src-BlogGdy\">https:\/\/epedagog.edu.pl\/kursy\/98\/src-BlogGdy<\/a><\/p>\n<p>Na polskim rynku istnieje szereg kurs\u00f3w proponuj\u0105cych mo\u017cliwo\u015b\u0107 zdobycia powy\u017cszych kwalifikacji, lecz nie ka\u017cdy kurs wydaje zgodne z rozporz\u0105dzeniem MEN dokumenty. Najlepszym rozwi\u0105zaniem i zgodnym ze wszelkimi wymogami <strong>Ministerstwa Edukacji Narodowej <\/strong>s\u0105 kursy online organizowane przez <em>epedagog.edu.pl. <\/em>Kursy e-learningowe zaproponowane przez t\u0119 platform\u0119 s\u0105 zgodne ze wszelkimi normami MEN i prowadzone s\u0105 przez instytucj\u0119 o\u015bwiatow\u0105. Tego rodzaju kursy <strong>pozwalaj\u0105 zaoszcz\u0119dzi\u0107 kursantowi czas i pieni\u0105dze<\/strong> na dojazdy w wybrane miejsce, dodatkowo ca\u0142y kurs mo\u017cna uko\u0144czy\u0107 w og\u00f3le <strong>nie wychodz\u0105c z domu,<\/strong> poniewa\u017c egzaminator do 3 dni roboczych od momentu zaliczenia kursu na platformie <strong>przyje\u017cd\u017ca do kursanta, <\/strong>aby przeprowadzi\u0107 egzamin.<\/p>\n","protected":false},"excerpt":{"rendered":"<p>Specjalista resocjalizacji \u015bwiadczy pomoc osobom przebywaj\u0105cym w aresztach \u015bledczych, zak\u0142adach karnych i poprawczych, o\u015brodkach socjoterapeutycznych i wychowawczych lub schroniskach dla nieletnich a tak\u017ce w szkole, rodzinie czy w zak\u0142adzie pracy. Jednak\u017ce aby m\u00f3c pracowa\u0107 jako specjalista resocjalizacji, nale\u017cy mie\u0107 uko\u0144czony kurs kwalifikacyjny z zakresu resocjalizacji. Taki kurs powinien przewidywa\u0107 cz\u0119\u015b\u0107 teoretyczn\u0105 oraz praktyczn\u0105 i powinien [&hellip;]<\/p>\n","protected":false},"author":1,"featured_media":416,"comment_status":"closed","ping_status":"closed","sticky":false,"template":"","format":"standard","meta":{"_lmt_disableupdate":"no","_lmt_disable":"no","footnotes":""},"categories":[1272],"tags":[1005,1002,1216,1014,998,1000,999,1001,1215,1214,1217,1004,1003,1006],"class_list":["post-415","post","type-post","status-publish","format-standard","has-post-thumbnail","hentry","category-resocjalizacja","tag-kurs-kwalifikacyjny-dla-nauczycieli","tag-kurs-kwalifikacyjny-pedagogiczny","tag-kurs-kwalifikacyjny-resocjalizacji-gdynia","tag-kurs-nauczania-jezyka-obcego","tag-kurs-pedagogiczny","tag-kurs-pedagogiczny-dla-nauczycieli","tag-kurs-pedagogiczny-online","tag-kurs-pedagogiczny-uprawniajacy-do-pracy-w-szkole","tag-kurs-resocjalizacja-gdynia","tag-kurs-resocjalizacji-gdynia","tag-kwalifikacyjny-kurs-resocjalizacji-gdynia","tag-przygotowanie-pedagogiczne","tag-przygotowanie-pedagogiczne-dla-nauczycieli","tag-uprawnienia-pedagogiczne-kurs-online"],"modified_by":"digital","_links":{"self":[{"href":"https:\/\/epedagog.edu.pl\/aktualnosci\/wp-json\/wp\/v2\/posts\/415","targetHints":{"allow":["GET"]}}],"collection":[{"href":"https:\/\/epedagog.edu.pl\/aktualnosci\/wp-json\/wp\/v2\/posts"}],"about":[{"href":"https:\/\/epedagog.edu.pl\/aktualnosci\/wp-json\/wp\/v2\/types\/post"}],"author":[{"embeddable":true,"href":"https:\/\/epedagog.edu.pl\/aktualnosci\/wp-json\/wp\/v2\/users\/1"}],"replies":[{"embeddable":true,"href":"https:\/\/epedagog.edu.pl\/aktualnosci\/wp-json\/wp\/v2\/comments?post=415"}],"version-history":[{"count":2,"href":"https:\/\/epedagog.edu.pl\/aktualnosci\/wp-json\/wp\/v2\/posts\/415\/revisions"}],"predecessor-version":[{"id":418,"href":"https:\/\/epedagog.edu.pl\/aktualnosci\/wp-json\/wp\/v2\/posts\/415\/revisions\/418"}],"wp:featuredmedia":[{"embeddable":true,"href":"https:\/\/epedagog.edu.pl\/aktualnosci\/wp-json\/wp\/v2\/media\/416"}],"wp:attachment":[{"href":"https:\/\/epedagog.edu.pl\/aktualnosci\/wp-json\/wp\/v2\/media?parent=415"}],"wp:term":[{"taxonomy":"category","embeddable":true,"href":"https:\/\/epedagog.edu.pl\/aktualnosci\/wp-json\/wp\/v2\/categories?post=415"},{"taxonomy":"post_tag","embeddable":true,"href":"https:\/\/epedagog.edu.pl\/aktualnosci\/wp-json\/wp\/v2\/tags?post=415"}],"curies":[{"name":"wp","href":"https:\/\/api.w.org\/{rel}","templated":true}]}}