{"id":2192,"date":"2026-01-19T07:40:10","date_gmt":"2026-01-19T06:40:10","guid":{"rendered":"https:\/\/epedagog.edu.pl\/aktualnosci\/?p=2192"},"modified":"2026-01-19T07:40:10","modified_gmt":"2026-01-19T06:40:10","slug":"jakich-bledow-unikac-pelniac-funkcje-dyrektora-szkoly","status":"publish","type":"post","link":"https:\/\/epedagog.edu.pl\/aktualnosci\/jakich-bledow-unikac-pelniac-funkcje-dyrektora-szkoly\/","title":{"rendered":"Jakich b\u0142\u0119d\u00f3w unika\u0107, pe\u0142ni\u0105c funkcj\u0119 dyrektora szko\u0142y?"},"content":{"rendered":"<p><span style=\"font-weight: 400;\">Jakie b\u0142\u0119dy przy prowadzeniu plac\u00f3wki pope\u0142niaj\u0105 dyrektorzy szk\u00f3\u0142?<\/span> <span style=\"font-weight: 400;\">Najcz\u0119\u015bciej s\u0105 to <\/span><b>brak d\u0142ugofalowego planowania pracy szko\u0142y<\/b><span style=\"font-weight: 400;\"> czy niew\u0142a\u015bciwa<\/span><b> komunikacja w zespole pedagogicznym<\/b><span style=\"font-weight: 400;\">. Poznaj zakres obowi\u0105zk\u00f3w dyrektora szko\u0142y i oce\u0144, czy ta rola odpowiada Twoim kompetencjom.<\/span><\/p>\n<div id=\"ez-toc-container\" class=\"ez-toc-v2_0_76 counter-hierarchy ez-toc-counter ez-toc-custom ez-toc-container-direction\">\n<div class=\"ez-toc-title-container\">\n<p class=\"ez-toc-title\" style=\"cursor:inherit\">Spis tre\u015bci<\/p>\n<span class=\"ez-toc-title-toggle\"><a href=\"#\" class=\"ez-toc-pull-right ez-toc-btn ez-toc-btn-xs ez-toc-btn-default ez-toc-toggle\" aria-label=\"Prze\u0142\u0105cznik Spisu Tre\u015bci\"><span class=\"ez-toc-js-icon-con\"><span class=\"\"><span class=\"eztoc-hide\" style=\"display:none;\">Toggle<\/span><span class=\"ez-toc-icon-toggle-span\"><svg style=\"fill: #999;color:#999\" xmlns=\"http:\/\/www.w3.org\/2000\/svg\" class=\"list-377408\" width=\"20px\" height=\"20px\" viewBox=\"0 0 24 24\" fill=\"none\"><path d=\"M6 6H4v2h2V6zm14 0H8v2h12V6zM4 11h2v2H4v-2zm16 0H8v2h12v-2zM4 16h2v2H4v-2zm16 0H8v2h12v-2z\" fill=\"currentColor\"><\/path><\/svg><svg style=\"fill: #999;color:#999\" class=\"arrow-unsorted-368013\" xmlns=\"http:\/\/www.w3.org\/2000\/svg\" width=\"10px\" height=\"10px\" viewBox=\"0 0 24 24\" version=\"1.2\" baseProfile=\"tiny\"><path d=\"M18.2 9.3l-6.2-6.3-6.2 6.3c-.2.2-.3.4-.3.7s.1.5.3.7c.2.2.4.3.7.3h11c.3 0 .5-.1.7-.3.2-.2.3-.5.3-.7s-.1-.5-.3-.7zM5.8 14.7l6.2 6.3 6.2-6.3c.2-.2.3-.5.3-.7s-.1-.5-.3-.7c-.2-.2-.4-.3-.7-.3h-11c-.3 0-.5.1-.7.3-.2.2-.3.5-.3.7s.1.5.3.7z\"\/><\/svg><\/span><\/span><\/span><\/a><\/span><\/div>\n<nav><ul class='ez-toc-list ez-toc-list-level-1 ' ><li class='ez-toc-page-1 ez-toc-heading-level-2'><a class=\"ez-toc-link ez-toc-heading-1\" href=\"https:\/\/epedagog.edu.pl\/aktualnosci\/jakich-bledow-unikac-pelniac-funkcje-dyrektora-szkoly\/#Stanowisko_dyrektora_szkoly_%E2%80%93_jakich_bledow_organizacyjnych_nalezy_unikac\" >Stanowisko dyrektora szko\u0142y \u2013 jakich b\u0142\u0119d\u00f3w organizacyjnych nale\u017cy unika\u0107?<\/a><\/li><li class='ez-toc-page-1 ez-toc-heading-level-2'><a class=\"ez-toc-link ez-toc-heading-2\" href=\"https:\/\/epedagog.edu.pl\/aktualnosci\/jakich-bledow-unikac-pelniac-funkcje-dyrektora-szkoly\/#Jak_brak_przygotowania_merytorycznego_dyrektora_wplywa_na_zarzadzanie_w_oswiacie\" >Jak brak przygotowania merytorycznego dyrektora wp\u0142ywa na zarz\u0105dzanie w o\u015bwiacie?<\/a><\/li><li class='ez-toc-page-1 ez-toc-heading-level-2'><a class=\"ez-toc-link ez-toc-heading-3\" href=\"https:\/\/epedagog.edu.pl\/aktualnosci\/jakich-bledow-unikac-pelniac-funkcje-dyrektora-szkoly\/#Jakich_bledow_dyrektor_powinien_unikac_w_relacjach_z_gronem_pedagogicznym\" >Jakich b\u0142\u0119d\u00f3w dyrektor powinien unika\u0107 w relacjach z gronem pedagogicznym?<\/a><\/li><li class='ez-toc-page-1 ez-toc-heading-level-2'><a class=\"ez-toc-link ez-toc-heading-4\" href=\"https:\/\/epedagog.edu.pl\/aktualnosci\/jakich-bledow-unikac-pelniac-funkcje-dyrektora-szkoly\/#Jak_brak_planowania_rozwoju_szkoly_wplywa_na_prace_dyrektora\" >Jak brak planowania rozwoju szko\u0142y wp\u0142ywa na prac\u0119 dyrektora?<\/a><\/li><li class='ez-toc-page-1 ez-toc-heading-level-2'><a class=\"ez-toc-link ez-toc-heading-5\" href=\"https:\/\/epedagog.edu.pl\/aktualnosci\/jakich-bledow-unikac-pelniac-funkcje-dyrektora-szkoly\/#FAQ\" >FAQ\u00a0<\/a><ul class='ez-toc-list-level-3' ><li class='ez-toc-heading-level-3'><a class=\"ez-toc-link ez-toc-heading-6\" href=\"https:\/\/epedagog.edu.pl\/aktualnosci\/jakich-bledow-unikac-pelniac-funkcje-dyrektora-szkoly\/#Jakie_sa_najczestsze_bledy_na_stanowisku_dyrektora_szkoly\" >Jakie s\u0105 najcz\u0119stsze b\u0142\u0119dy na stanowisku dyrektora szko\u0142y?<\/a><\/li><li class='ez-toc-page-1 ez-toc-heading-level-3'><a class=\"ez-toc-link ez-toc-heading-7\" href=\"https:\/\/epedagog.edu.pl\/aktualnosci\/jakich-bledow-unikac-pelniac-funkcje-dyrektora-szkoly\/#Czy_zarzadzanie_w_oswiacie_rozni_sie_od_zarzadzania_w_firmie\" >Czy zarz\u0105dzanie w o\u015bwiacie r\u00f3\u017cni si\u0119 od zarz\u0105dzania w firmie?<\/a><\/li><li class='ez-toc-page-1 ez-toc-heading-level-3'><a class=\"ez-toc-link ez-toc-heading-8\" href=\"https:\/\/epedagog.edu.pl\/aktualnosci\/jakich-bledow-unikac-pelniac-funkcje-dyrektora-szkoly\/#Czy_kursy_pomagaja_w_zarzadzaniu_oswiata\" >Czy kursy pomagaj\u0105 w zarz\u0105dzaniu o\u015bwiat\u0105?<\/a><\/li><li class='ez-toc-page-1 ez-toc-heading-level-3'><a class=\"ez-toc-link ez-toc-heading-9\" href=\"https:\/\/epedagog.edu.pl\/aktualnosci\/jakich-bledow-unikac-pelniac-funkcje-dyrektora-szkoly\/#Jak_sprawdzic_czy_stanowisko_dyrektora_szkoly_jest_dla_mnie\" >Jak sprawdzi\u0107, czy stanowisko dyrektora szko\u0142y jest dla mnie?<\/a><\/li><\/ul><\/li><\/ul><\/nav><\/div>\n<h2><span class=\"ez-toc-section\" id=\"Stanowisko_dyrektora_szkoly_%E2%80%93_jakich_bledow_organizacyjnych_nalezy_unikac\"><\/span><span style=\"font-weight: 400;\">Stanowisko dyrektora szko\u0142y \u2013 jakich b\u0142\u0119d\u00f3w organizacyjnych nale\u017cy unika\u0107?<\/span><span class=\"ez-toc-section-end\"><\/span><\/h2>\n<p><span style=\"font-weight: 400;\">Dyrektor powinien unika\u0107<\/span><b> braku formalnego podzia\u0142u obowi\u0105zk\u00f3w, nieokre\u015blenia odpowiedzialno\u015bci pracownik\u00f3w<\/b><span style=\"font-weight: 400;\"> oraz <\/span><b>braku sp\u00f3jnego planu dzia\u0142a\u0144 szko\u0142y<\/b><span style=\"font-weight: 400;\">. W pracy tego specjalisty mog\u0105 pojawi\u0107 si\u0119 r\u00f3wnie\u017c inne nie\u015bcis\u0142o\u015bci organizacyjne takie jak m.in.:<\/span><\/p>\n<ul>\n<li style=\"font-weight: 400;\" aria-level=\"1\"><span style=\"font-weight: 400;\">brak sp\u00f3jnego kalendarza dzia\u0142a\u0144 plac\u00f3wki;<\/span><\/li>\n<li style=\"font-weight: 400;\" aria-level=\"1\"><span style=\"font-weight: 400;\">odk\u0142adanie decyzji kadrowych bez okre\u015blenia terminu ich podj\u0119cia;<\/span><\/li>\n<li style=\"font-weight: 400;\" aria-level=\"1\"><span style=\"font-weight: 400;\">reagowanie wy\u0142\u0105cznie na bie\u017c\u0105ce problemy zamiast planowania dzia\u0142a\u0144 d\u0142ugofalowych.<\/span><\/li>\n<\/ul>\n<h2><span class=\"ez-toc-section\" id=\"Jak_brak_przygotowania_merytorycznego_dyrektora_wplywa_na_zarzadzanie_w_oswiacie\"><\/span><span style=\"font-weight: 400;\">Jak brak przygotowania merytorycznego dyrektora wp\u0142ywa na zarz\u0105dzanie w o\u015bwiacie?<\/span><span class=\"ez-toc-section-end\"><\/span><\/h2>\n<p><span style=\"font-weight: 400;\">Brak przygotowania merytorycznego dyrektora <\/span><b>zwi\u0119ksza ryzyko nieprawid\u0142owych decyzji prawnych i finansowych oraz os\u0142abia skuteczno\u015b\u0107 zarz\u0105dzania szko\u0142\u0105<\/b><span style=\"font-weight: 400;\">.<\/span><\/p>\n<p><span style=\"font-weight: 400;\">Chcesz wiedzie\u0107, jak prawid\u0142owo kierowa\u0107 plac\u00f3wk\u0105 o\u015bwiatow\u0105, podejmowa\u0107 decyzje zgodne z przepisami i skutecznie organizowa\u0107 prac\u0119 ca\u0142ego zespo\u0142u? <\/span><b>Doskona\u0142ym wyborem b\u0119dzie <\/b><a href=\"https:\/\/epedagog.edu.pl\/oferta\/kursy\/kurs-kwalifikacyjny-pedagogiczny-dla-kadry-zarzadzajacej-oswiata-210-godzin\"><b>Kurs Kwalifikacyjny Pedagogiczny dla kadry zarz\u0105dzaj\u0105cej o\u015bwiat\u0105<\/b><\/a><span style=\"font-weight: 400;\"> dost\u0119pny na platformie epedagog.edu.pl. Szkolenie umo\u017cliwi Ci zdobycie niezb\u0119dnego przygotowania do pe\u0142nienia funkcji dyrektora w plac\u00f3wce o\u015bwiatowej.<\/span><\/p>\n<p><span style=\"font-weight: 400;\">Sprawd\u017a tak\u017ce powi\u0105zane artyku\u0142y:<\/span><\/p>\n<ul>\n<li style=\"font-weight: 400;\" aria-level=\"1\"><a href=\"https:\/\/epedagog.edu.pl\/aktualnosci\/obowiazki-dyrektora-szkoly-sprawdz-czy-to-stanowisko-dla-ciebie\/\"><span style=\"font-weight: 400;\">Obowi\u0105zki dyrektora szko\u0142y \u2013 sprawd\u017a, czy to stanowisko dla Ciebie<\/span><\/a><span style=\"font-weight: 400;\">;<\/span><\/li>\n<li style=\"font-weight: 400;\" aria-level=\"1\"><a href=\"https:\/\/epedagog.edu.pl\/aktualnosci\/jak-zostac-dyrektorem-szkoly-droga-do-zarzadzania-oswiata\/\"><span style=\"font-weight: 400;\">Jak zosta\u0107 dyrektorem szko\u0142y \u2013 droga do zarz\u0105dzania o\u015bwiat\u0105<\/span><\/a><span style=\"font-weight: 400;\">.<\/span><\/li>\n<\/ul>\n<h2><span class=\"ez-toc-section\" id=\"Jakich_bledow_dyrektor_powinien_unikac_w_relacjach_z_gronem_pedagogicznym\"><\/span><span style=\"font-weight: 400;\">Jakich b\u0142\u0119d\u00f3w dyrektor powinien unika\u0107 w relacjach z gronem pedagogicznym?<\/span><span class=\"ez-toc-section-end\"><\/span><\/h2>\n<p><span style=\"font-weight: 400;\">Dyrektor powinien <\/span><b>unika\u0107 wykluczania nauczycieli z procesu decyzyjnego oraz braku jasno okre\u015blonych zasad komunikacji i wsp\u00f3\u0142pracy w zespole<\/b><span style=\"font-weight: 400;\">.<\/span> <span style=\"font-weight: 400;\">Relacje osoby zarz\u0105dzaj\u0105cej szko\u0142\u0105 z gronem pedagogicznym mog\u0105 by\u0107 os\u0142abiane przez m.in.:<\/span><\/p>\n<ul>\n<li style=\"font-weight: 400;\" aria-level=\"1\"><span style=\"font-weight: 400;\">pomijanie opinii nauczycieli przy ustalaniu rozwi\u0105za\u0144 organizacyjnych;<\/span><\/li>\n<li style=\"font-weight: 400;\" aria-level=\"1\"><span style=\"font-weight: 400;\">informowanie zespo\u0142u o zmianach bez odpowiedniego wyprzedzenia;<\/span><\/li>\n<li style=\"font-weight: 400;\" aria-level=\"1\"><span style=\"font-weight: 400;\">nier\u00f3wne traktowanie pedagog\u00f3w w zakresie obowi\u0105zk\u00f3w i oceny pracy;<\/span><\/li>\n<li style=\"font-weight: 400;\" aria-level=\"1\"><span style=\"font-weight: 400;\">brak regularnej, rzeczowej informacji zwrotnej dotycz\u0105cej realizowanych zada\u0144.<\/span><\/li>\n<\/ul>\n<p><img loading=\"lazy\" decoding=\"async\" class=\"alignnone size-full wp-image-1557\" src=\"https:\/\/epedagog.edu.pl\/aktualnosci\/wp-content\/uploads\/2024\/10\/terapeuta-rodzinny-kurs-scaled.jpg\" alt=\"zarz\u0105dzanie w o\u015bwiacie\" width=\"2560\" height=\"1707\" srcset=\"https:\/\/epedagog.edu.pl\/aktualnosci\/wp-content\/uploads\/2024\/10\/terapeuta-rodzinny-kurs-scaled.jpg 2560w, https:\/\/epedagog.edu.pl\/aktualnosci\/wp-content\/uploads\/2024\/10\/terapeuta-rodzinny-kurs-300x200.jpg 300w, https:\/\/epedagog.edu.pl\/aktualnosci\/wp-content\/uploads\/2024\/10\/terapeuta-rodzinny-kurs-1024x683.jpg 1024w, https:\/\/epedagog.edu.pl\/aktualnosci\/wp-content\/uploads\/2024\/10\/terapeuta-rodzinny-kurs-768x512.jpg 768w, https:\/\/epedagog.edu.pl\/aktualnosci\/wp-content\/uploads\/2024\/10\/terapeuta-rodzinny-kurs-1536x1024.jpg 1536w\" sizes=\"auto, (max-width: 2560px) 100vw, 2560px\" \/><\/p>\n<h2><span class=\"ez-toc-section\" id=\"Jak_brak_planowania_rozwoju_szkoly_wplywa_na_prace_dyrektora\"><\/span><span style=\"font-weight: 400;\">Jak brak planowania rozwoju szko\u0142y wp\u0142ywa na prac\u0119 dyrektora?<\/span><span class=\"ez-toc-section-end\"><\/span><\/h2>\n<p><span style=\"font-weight: 400;\">Brak zaplanowanego kierunku rozwoju szko\u0142y po stronie dyrektora <\/span><b>prowadzi do niesp\u00f3jnych dzia\u0142a\u0144 organizacyjnych oraz spadku zaanga\u017cowania zespo\u0142u<\/b><span style=\"font-weight: 400;\">. Funkcja ta wymaga nie tylko bie\u017c\u0105cego zarz\u0105dzania o\u015bwiat\u0105, lecz tak\u017ce wyznaczania cel\u00f3w i podejmowania decyzji z my\u015bl\u0105 o d\u0142ugofalowym rozwoju plac\u00f3wki.<\/span><\/p>\n<p><span style=\"font-weight: 400;\">Do najcz\u0119stszych b\u0142\u0119d\u00f3w w planowaniu rozwoju szko\u0142y przez dyrektora nale\u017c\u0105 m.in.:<\/span><\/p>\n<ul>\n<li style=\"font-weight: 400;\" aria-level=\"1\"><span style=\"font-weight: 400;\">brak d\u0142ugofalowych cel\u00f3w dla plac\u00f3wki o\u015bwiatowej;<\/span><\/li>\n<li style=\"font-weight: 400;\" aria-level=\"1\"><span style=\"font-weight: 400;\">pomijanie rozwoju kadry dydaktycznej;<\/span><\/li>\n<li style=\"font-weight: 400;\" aria-level=\"1\"><span style=\"font-weight: 400;\">brak realizacji potrzeb uczni\u00f3w i rodzic\u00f3w.<\/span><\/li>\n<\/ul>\n<h2><span class=\"ez-toc-section\" id=\"FAQ\"><\/span><span style=\"font-weight: 400;\">FAQ\u00a0<\/span><span class=\"ez-toc-section-end\"><\/span><\/h2>\n<h3><span class=\"ez-toc-section\" id=\"Jakie_sa_najczestsze_bledy_na_stanowisku_dyrektora_szkoly\"><\/span><span style=\"font-weight: 400;\">Jakie s\u0105 najcz\u0119stsze b\u0142\u0119dy na stanowisku dyrektora szko\u0142y?<\/span><span class=\"ez-toc-section-end\"><\/span><\/h3>\n<p><span style=\"font-weight: 400;\">Najcz\u0119\u015bciej s\u0105 to brak przygotowania do pe\u0142nienia funkcji kierowniczej, nieuporz\u0105dkowana organizacja pracy szko\u0142y oraz niew\u0142a\u015bciwe relacje z kadr\u0105 pedagogiczn\u0105.<\/span><\/p>\n<h3><span class=\"ez-toc-section\" id=\"Czy_zarzadzanie_w_oswiacie_rozni_sie_od_zarzadzania_w_firmie\"><\/span><span style=\"font-weight: 400;\">Czy zarz\u0105dzanie w o\u015bwiacie r\u00f3\u017cni si\u0119 od zarz\u0105dzania w firmie?<\/span><span class=\"ez-toc-section-end\"><\/span><\/h3>\n<p><span style=\"font-weight: 400;\">Tak \u2013 zarz\u0105dzanie w o\u015bwiacie wi\u0105\u017ce si\u0119 z dodatkowymi obowi\u0105zkami wynikaj\u0105cymi z prawa o\u015bwiatowego, odpowiedzialno\u015bci pedagogicznej oraz roli spo\u0142ecznej szko\u0142y.<\/span><\/p>\n<h3><span class=\"ez-toc-section\" id=\"Czy_kursy_pomagaja_w_zarzadzaniu_oswiata\"><\/span><span style=\"font-weight: 400;\">Czy kursy pomagaj\u0105 w zarz\u0105dzaniu o\u015bwiat\u0105?<\/span><span class=\"ez-toc-section-end\"><\/span><\/h3>\n<p><span style=\"font-weight: 400;\">Tak \u2013 kursy dedykowane kadrze kierowniczej na platformie epedagog.edu.pl przygotowuj\u0105 do podejmowania decyzji organizacyjnych, prawnych i kadrowych, kt\u00f3rych nie obejmuje do\u015bwiadczenie dydaktyczne.<\/span><\/p>\n<h3><span class=\"ez-toc-section\" id=\"Jak_sprawdzic_czy_stanowisko_dyrektora_szkoly_jest_dla_mnie\"><\/span><span style=\"font-weight: 400;\">Jak sprawdzi\u0107, czy stanowisko dyrektora szko\u0142y jest dla mnie?<\/span><span class=\"ez-toc-section-end\"><\/span><\/h3>\n<p><span style=\"font-weight: 400;\">Nale\u017cy przeanalizowa\u0107 zakres obowi\u0105zk\u00f3w dyrektora, wymagania formalne oraz w\u0142asne kompetencje w zakresie organizacji pracy, podejmowania decyzji i kierowania zespo\u0142em.<\/span><\/p>\n","protected":false},"excerpt":{"rendered":"<p>Jakie b\u0142\u0119dy przy prowadzeniu plac\u00f3wki pope\u0142niaj\u0105 dyrektorzy szk\u00f3\u0142? Najcz\u0119\u015bciej s\u0105 to brak d\u0142ugofalowego planowania pracy szko\u0142y czy niew\u0142a\u015bciwa komunikacja w zespole pedagogicznym. Poznaj zakres obowi\u0105zk\u00f3w dyrektora szko\u0142y i oce\u0144, czy ta rola odpowiada Twoim kompetencjom. Stanowisko dyrektora szko\u0142y \u2013 jakich b\u0142\u0119d\u00f3w organizacyjnych nale\u017cy unika\u0107? Dyrektor powinien unika\u0107 braku formalnego podzia\u0142u obowi\u0105zk\u00f3w, nieokre\u015blenia odpowiedzialno\u015bci pracownik\u00f3w oraz [&hellip;]<\/p>\n","protected":false},"author":18,"featured_media":2197,"comment_status":"closed","ping_status":"closed","sticky":false,"template":"","format":"standard","meta":{"_lmt_disableupdate":"no","_lmt_disable":"no","footnotes":""},"categories":[1274],"tags":[],"class_list":["post-2192","post","type-post","status-publish","format-standard","has-post-thumbnail","hentry","category-zarzadzanie-oswiata"],"modified_by":"Karolina Grad","_links":{"self":[{"href":"https:\/\/epedagog.edu.pl\/aktualnosci\/wp-json\/wp\/v2\/posts\/2192","targetHints":{"allow":["GET"]}}],"collection":[{"href":"https:\/\/epedagog.edu.pl\/aktualnosci\/wp-json\/wp\/v2\/posts"}],"about":[{"href":"https:\/\/epedagog.edu.pl\/aktualnosci\/wp-json\/wp\/v2\/types\/post"}],"author":[{"embeddable":true,"href":"https:\/\/epedagog.edu.pl\/aktualnosci\/wp-json\/wp\/v2\/users\/18"}],"replies":[{"embeddable":true,"href":"https:\/\/epedagog.edu.pl\/aktualnosci\/wp-json\/wp\/v2\/comments?post=2192"}],"version-history":[{"count":1,"href":"https:\/\/epedagog.edu.pl\/aktualnosci\/wp-json\/wp\/v2\/posts\/2192\/revisions"}],"predecessor-version":[{"id":2196,"href":"https:\/\/epedagog.edu.pl\/aktualnosci\/wp-json\/wp\/v2\/posts\/2192\/revisions\/2196"}],"wp:featuredmedia":[{"embeddable":true,"href":"https:\/\/epedagog.edu.pl\/aktualnosci\/wp-json\/wp\/v2\/media\/2197"}],"wp:attachment":[{"href":"https:\/\/epedagog.edu.pl\/aktualnosci\/wp-json\/wp\/v2\/media?parent=2192"}],"wp:term":[{"taxonomy":"category","embeddable":true,"href":"https:\/\/epedagog.edu.pl\/aktualnosci\/wp-json\/wp\/v2\/categories?post=2192"},{"taxonomy":"post_tag","embeddable":true,"href":"https:\/\/epedagog.edu.pl\/aktualnosci\/wp-json\/wp\/v2\/tags?post=2192"}],"curies":[{"name":"wp","href":"https:\/\/api.w.org\/{rel}","templated":true}]}}