{"id":2056,"date":"2025-09-15T07:00:43","date_gmt":"2025-09-15T05:00:43","guid":{"rendered":"https:\/\/epedagog.edu.pl\/aktualnosci\/?p=2056"},"modified":"2025-09-15T10:20:47","modified_gmt":"2025-09-15T08:20:47","slug":"szkolenia-pedagogiczne-online-z-certyfikatem-co-wybrac-w-roku-szkolnym-2025-2026","status":"publish","type":"post","link":"https:\/\/epedagog.edu.pl\/aktualnosci\/szkolenia-pedagogiczne-online-z-certyfikatem-co-wybrac-w-roku-szkolnym-2025-2026\/","title":{"rendered":"Szkolenia pedagogiczne online z certyfikatem. Co wybra\u0107 w roku szkolnym 2025\/2026?"},"content":{"rendered":"<p>W roku szkolnym 2025\/2026 szczeg\u00f3lnie warto zwr\u00f3ci\u0107 uwag\u0119 na trzy kursy, kt\u00f3re odpowiadaj\u0105 na realne potrzeby plac\u00f3wek edukacyjnych i samych pedagog\u00f3w. Mowa o <strong>Treningu Umiej\u0119tno\u015bci Spo\u0142ecznych (TUS)<\/strong>, <strong>Arteterapii<\/strong> oraz <strong>Zarz\u0105dzaniu o\u015bwiat\u0105<\/strong> \u2013 to w\u0142a\u015bnie je om\u00f3wimy w tym artykule, pokazuj\u0105c, dlaczego szkolenia pedagogiczne online z certyfikatem s\u0105 warto\u015bciowe i jak mog\u0105 wp\u0142yn\u0105\u0107 na rozw\u00f3j zawodowy.<\/p>\n<div id=\"ez-toc-container\" class=\"ez-toc-v2_0_76 counter-hierarchy ez-toc-counter ez-toc-custom ez-toc-container-direction\">\n<div class=\"ez-toc-title-container\">\n<p class=\"ez-toc-title\" style=\"cursor:inherit\">Spis tre\u015bci<\/p>\n<span class=\"ez-toc-title-toggle\"><a href=\"#\" class=\"ez-toc-pull-right ez-toc-btn ez-toc-btn-xs ez-toc-btn-default ez-toc-toggle\" aria-label=\"Prze\u0142\u0105cznik Spisu Tre\u015bci\"><span class=\"ez-toc-js-icon-con\"><span class=\"\"><span class=\"eztoc-hide\" style=\"display:none;\">Toggle<\/span><span class=\"ez-toc-icon-toggle-span\"><svg style=\"fill: #999;color:#999\" xmlns=\"http:\/\/www.w3.org\/2000\/svg\" class=\"list-377408\" width=\"20px\" height=\"20px\" viewBox=\"0 0 24 24\" fill=\"none\"><path d=\"M6 6H4v2h2V6zm14 0H8v2h12V6zM4 11h2v2H4v-2zm16 0H8v2h12v-2zM4 16h2v2H4v-2zm16 0H8v2h12v-2z\" fill=\"currentColor\"><\/path><\/svg><svg style=\"fill: #999;color:#999\" class=\"arrow-unsorted-368013\" xmlns=\"http:\/\/www.w3.org\/2000\/svg\" width=\"10px\" height=\"10px\" viewBox=\"0 0 24 24\" version=\"1.2\" baseProfile=\"tiny\"><path d=\"M18.2 9.3l-6.2-6.3-6.2 6.3c-.2.2-.3.4-.3.7s.1.5.3.7c.2.2.4.3.7.3h11c.3 0 .5-.1.7-.3.2-.2.3-.5.3-.7s-.1-.5-.3-.7zM5.8 14.7l6.2 6.3 6.2-6.3c.2-.2.3-.5.3-.7s-.1-.5-.3-.7c-.2-.2-.4-.3-.7-.3h-11c-.3 0-.5.1-.7.3-.2.2-.3.5-.3.7s.1.5.3.7z\"\/><\/svg><\/span><\/span><\/span><\/a><\/span><\/div>\n<nav><ul class='ez-toc-list ez-toc-list-level-1 ' ><li class='ez-toc-page-1 ez-toc-heading-level-2'><a class=\"ez-toc-link ez-toc-heading-1\" href=\"https:\/\/epedagog.edu.pl\/aktualnosci\/szkolenia-pedagogiczne-online-z-certyfikatem-co-wybrac-w-roku-szkolnym-2025-2026\/#Trening_Umiejetnosci_Spolecznych_%E2%80%93_kurs_dzieki_ktoremu_poprawisz_stan_waznych_kompetencji_polskiej_mlodziezy\" >Trening Umiej\u0119tno\u015bci Spo\u0142ecznych \u2013 kurs, dzi\u0119ki kt\u00f3remu poprawisz stan wa\u017cnych kompetencji polskiej m\u0142odzie\u017cy<\/a><\/li><li class='ez-toc-page-1 ez-toc-heading-level-2'><a class=\"ez-toc-link ez-toc-heading-2\" href=\"https:\/\/epedagog.edu.pl\/aktualnosci\/szkolenia-pedagogiczne-online-z-certyfikatem-co-wybrac-w-roku-szkolnym-2025-2026\/#Szkolenia_pedagogiczne_online_z_certyfikatem_%E2%80%93_cenne_kompetencje_z_zakresu_arteterapii\" >Szkolenia pedagogiczne online z certyfikatem \u2013 cenne kompetencje z zakresu arteterapii<\/a><\/li><li class='ez-toc-page-1 ez-toc-heading-level-2'><a class=\"ez-toc-link ez-toc-heading-3\" href=\"https:\/\/epedagog.edu.pl\/aktualnosci\/szkolenia-pedagogiczne-online-z-certyfikatem-co-wybrac-w-roku-szkolnym-2025-2026\/#Zarzadzanie_oswiata_%E2%80%93_kompetencje_dla_dyrektora_i_lidera_edukacji\" >Zarz\u0105dzanie o\u015bwiat\u0105 \u2013 kompetencje dla dyrektora i lidera edukacji<\/a><\/li><li class='ez-toc-page-1 ez-toc-heading-level-2'><a class=\"ez-toc-link ez-toc-heading-4\" href=\"https:\/\/epedagog.edu.pl\/aktualnosci\/szkolenia-pedagogiczne-online-z-certyfikatem-co-wybrac-w-roku-szkolnym-2025-2026\/#FAQ\" >FAQ<\/a><ul class='ez-toc-list-level-3' ><li class='ez-toc-heading-level-3'><a class=\"ez-toc-link ez-toc-heading-5\" href=\"https:\/\/epedagog.edu.pl\/aktualnosci\/szkolenia-pedagogiczne-online-z-certyfikatem-co-wybrac-w-roku-szkolnym-2025-2026\/#Arteterapia_%E2%80%93_co_daje\" >Arteterapia \u2013 co daje?<\/a><\/li><li class='ez-toc-page-1 ez-toc-heading-level-3'><a class=\"ez-toc-link ez-toc-heading-6\" href=\"https:\/\/epedagog.edu.pl\/aktualnosci\/szkolenia-pedagogiczne-online-z-certyfikatem-co-wybrac-w-roku-szkolnym-2025-2026\/#Kto_prowadzi_Trening_Umiejetnosci_Spolecznych\" >Kto prowadzi Trening Umiej\u0119tno\u015bci Spo\u0142ecznych?<\/a><\/li><li class='ez-toc-page-1 ez-toc-heading-level-3'><a class=\"ez-toc-link ez-toc-heading-7\" href=\"https:\/\/epedagog.edu.pl\/aktualnosci\/szkolenia-pedagogiczne-online-z-certyfikatem-co-wybrac-w-roku-szkolnym-2025-2026\/#Czy_dyrektor_szkoly_musi_miec_ukonczone_zarzadzanie_oswiata\" >Czy dyrektor szko\u0142y musi mie\u0107 uko\u0144czone zarz\u0105dzanie o\u015bwiat\u0105?<\/a><\/li><li class='ez-toc-page-1 ez-toc-heading-level-3'><a class=\"ez-toc-link ez-toc-heading-8\" href=\"https:\/\/epedagog.edu.pl\/aktualnosci\/szkolenia-pedagogiczne-online-z-certyfikatem-co-wybrac-w-roku-szkolnym-2025-2026\/#Kto_moze_zrobic_kurs_pedagogiczny\" >Kto mo\u017ce zrobi\u0107 kurs pedagogiczny?<\/a><\/li><\/ul><\/li><\/ul><\/nav><\/div>\n<h2><span class=\"ez-toc-section\" id=\"Trening_Umiejetnosci_Spolecznych_%E2%80%93_kurs_dzieki_ktoremu_poprawisz_stan_waznych_kompetencji_polskiej_mlodziezy\"><\/span>Trening Umiej\u0119tno\u015bci Spo\u0142ecznych \u2013 kurs, dzi\u0119ki kt\u00f3remu poprawisz stan wa\u017cnych kompetencji polskiej m\u0142odzie\u017cy<span class=\"ez-toc-section-end\"><\/span><\/h2>\n<p>Wed\u0142ug bada\u0144 <strong>PISA 2022<\/strong> Polska wypad\u0142a znacznie poni\u017cej \u015bredniej kraj\u00f3w Organizacji Wsp\u00f3\u0142pracy Gospodarczej i Rozwoju (OECD) we wszystkich wymiarach kompetencji spo\u0142eczno-emocjonalnych. To alarmuj\u0105cy sygna\u0142, kt\u00f3ry jasno pokazuje, jak bardzo potrzebne jest wsparcie pedagog\u00f3w i nauczycieli w tym obszarze.<\/p>\n<p>Je\u015bli chcesz mie\u0107 wp\u0142yw na kondycj\u0119 tych kompetencji w\u015br\u00f3d polskich uczni\u00f3w, w pierwszej kolejno\u015bci musisz zdoby\u0107 wiedz\u0119 i udokumentowane przygotowanie z tego zakresu. Z pomoc\u0105 przychodzi <a href=\"https:\/\/epedagog.edu.pl\/oferta\/kursy\/kurs-trening-umiejetnosci-spolecznych-poziom-i\"><strong>Kurs Kwalifikacyjny TUS (Trening umiej\u0119tno\u015bci spo\u0142ecznych) &#8211; cz\u0119\u015b\u0107 I<\/strong><\/a> stworzony dla:<\/p>\n<ul>\n<li>pedagog\u00f3w;<\/li>\n<li>nauczycieli;<\/li>\n<li>opiekun\u00f3w;<\/li>\n<li>os\u00f3b, kt\u00f3re chc\u0105 zosta\u0107 trenerami TUS.<\/li>\n<\/ul>\n<p>Kurs przygotowuje do <strong>samodzielnego prowadzenia zaj\u0119\u0107 rozwijaj\u0105cych kompetencje spo\u0142eczne<\/strong> dzieci, m\u0142odzie\u017cy i doros\u0142ych. Uczestnicy ucz\u0105 si\u0119, jak wspiera\u0107 rozw\u00f3j umiej\u0119tno\u015bci interpersonalnych, radzenia sobie w grupie i budowania pozytywnych relacji.<\/p>\n<p><strong>Pierwszy poziom kursu pozwala zdoby\u0107 przygotowanie z zakresu:<\/strong><\/p>\n<ul>\n<li>kszta\u0142towania nawyk\u00f3w celowej aktywno\u015bci;<\/li>\n<li>wzmacniania motywacji do spo\u0142ecznie akceptowanych zachowa\u0144;<\/li>\n<li>prowadzenia treningu zachowa\u0144 spo\u0142ecznych;<\/li>\n<li>zasad pracy w grupie, w tym z osobami doros\u0142ymi;<\/li>\n<li>rozwoju kompetencji interpersonalnych trenera.<\/li>\n<\/ul>\n<p>Pierwsza cz\u0119\u015b\u0107 kursu jest \u015bwietnym punktem wyj\u015bcia do dalszego rozwoju \u2013 mo\u017cesz go kontynuowa\u0107 na drugim poziomie. Warto zaznaczy\u0107, \u017ce s\u0105 to szkolenia pedagogiczne online z certyfikatem \u2013 po ich uko\u0144czeniu otrzymasz <strong>dokumentacj\u0119 zgodn\u0105 z wymaganiami MEiN<\/strong>, kt\u00f3ry potwierdza Twoje kwalifikacje i zwi\u0119ksza Tw\u00f3j potencja\u0142 zawodowy.<\/p>\n<p>Wi\u0119cej o tym, <a href=\"https:\/\/epedagog.edu.pl\/aktualnosci\/tus-co-to-jest-trening-umiejetnosci-spolecznych\/\">co to jest TUS<\/a>, przeczytasz na naszym blogu.<\/p>\n<h2><span class=\"ez-toc-section\" id=\"Szkolenia_pedagogiczne_online_z_certyfikatem_%E2%80%93_cenne_kompetencje_z_zakresu_arteterapii\"><\/span>Szkolenia pedagogiczne online z certyfikatem \u2013 cenne kompetencje z zakresu arteterapii<span class=\"ez-toc-section-end\"><\/span><\/h2>\n<p>Liczne badania wykazuj\u0105, \u017ce ju\u017c <strong>45 minut tworzenia sztuki obni\u017ca poziom kortyzolu<\/strong>, czyli hormonu stresu \u2013 i to niezale\u017cnie od poziomu umiej\u0119tno\u015bci artystycznych. Tworzenie ma dzia\u0142anie fizjologicznie uspokajaj\u0105ce, dlatego nic dziwnego, \u017ce arteterapia coraz cz\u0119\u015bciej znajduje zastosowanie w pracy z dzie\u0107mi, m\u0142odzie\u017c\u0105 oraz osobami doros\u0142ymi, kt\u00f3re potrzebuj\u0105 emocjonalnego i terapeutycznego wsparcia.<\/p>\n<p>Na naszym blogu szerzej opisali\u015bmy, <a href=\"https:\/\/epedagog.edu.pl\/aktualnosci\/co-to-jest-arteterapia\/\">co to jest arteterapia<\/a>.<\/p>\n<p>Je\u015bli chcesz zdoby\u0107 kompetencje w bran\u017cy pedagogicznej i jednocze\u015bnie po\u0142\u0105czy\u0107 zami\u0142owanie do sztuki z pomoc\u0105 innym, postaw na <a href=\"https:\/\/epedagog.edu.pl\/oferta\/kursy\/kurs-kwalifikacyjny-z-zakresu-arteterapii-270-godzin\">Kurs Kwalifikacyjny z zakresu arteterapii<\/a> skierowany do os\u00f3b z wykszta\u0142ceniem:<\/p>\n<ul>\n<li>pedagogicznym;<\/li>\n<li>psychologicznym;<\/li>\n<li>artystycznym;<\/li>\n<li>bibliotekarskim.<\/li>\n<\/ul>\n<p><a href=\"https:\/\/epedagog.edu.pl\/oferta\/kursy\/kurs-kwalifikacyjny-z-zakresu-arteterapii-270-godzin\"><img loading=\"lazy\" decoding=\"async\" class=\"alignnone wp-image-613\" src=\"https:\/\/epedagog.edu.pl\/aktualnosci\/wp-content\/uploads\/2022\/03\/baner_linkuj\u0105cy-300x65.png\" alt=\"kursy dla pedagog\u00f3w\" width=\"674\" height=\"146\" srcset=\"https:\/\/epedagog.edu.pl\/aktualnosci\/wp-content\/uploads\/2022\/03\/baner_linkuj\u0105cy-300x65.png 300w, https:\/\/epedagog.edu.pl\/aktualnosci\/wp-content\/uploads\/2022\/03\/baner_linkuj\u0105cy.png 694w\" sizes=\"auto, (max-width: 674px) 100vw, 674px\" \/><\/a><\/p>\n<p>Szkolenie pedagogiczne online ma na celu przygotowa\u0107 kursanta <strong>prowadzenia zaj\u0119\u0107 terapeutycznych z wykorzystaniem r\u00f3\u017cnych form sztuki<\/strong> \u2013 od muzyki, przez plastyk\u0119, po teatr czy literatur\u0119. Uczestnicy ucz\u0105 si\u0119, jak wspiera\u0107 rozw\u00f3j emocjonalny i spo\u0142eczny poprzez dzia\u0142ania tw\u00f3rcze.<\/p>\n<p><strong>W programie znajduj\u0105 si\u0119 takie zagadnienia, jak:<\/strong><\/p>\n<ul>\n<li>psychologia tw\u00f3rczo\u015bci;<\/li>\n<li>metody arteterapeutyczne;<\/li>\n<li>socjologia i filozofia sztuki;<\/li>\n<li>elementy kultury w edukacji, wychowaniu i terapii;<\/li>\n<li>projektowanie zaj\u0119\u0107 wspieraj\u0105cych rozw\u00f3j emocjonalny i spo\u0142eczny.<\/li>\n<\/ul>\n<p>Arteterapia ma niezwykle szerokie zastosowanie praktyczne \u2013 sprawdza si\u0119 zar\u00f3wno w pracy z dzie\u0107mi, jak i doros\u0142ymi, pomagaj\u0105c osobom z trudno\u015bciami, zaburzeniami czy w ramach profilaktyki zdrowia psychicznego. Kurs umo\u017cliwia nabycie kompetencji cenionych w plac\u00f3wkach edukacyjnych, terapeutycznych i opieku\u0144czych, otwieraj\u0105c przed absolwentami wiele dr\u00f3g zawodowych.<\/p>\n<p>Po uzyskaniu pozytywnego wyniku na stacjonarnym egzaminie otrzymasz dokumentacj\u0119 potwierdzaj\u0105c\u0105 nabycie kwalifikacji zgodnych z rozporz\u0105dzeniem MEiN.<\/p>\n<h2><span class=\"ez-toc-section\" id=\"Zarzadzanie_oswiata_%E2%80%93_kompetencje_dla_dyrektora_i_lidera_edukacji\"><\/span>Zarz\u0105dzanie o\u015bwiat\u0105 \u2013 kompetencje dla dyrektora i lidera edukacji<span class=\"ez-toc-section-end\"><\/span><\/h2>\n<p>Wed\u0142ug danych GUS w roku szkolnym 2023\/2024 w Polsce funkcjonowa\u0142o:<\/p>\n<ul>\n<li>oko\u0142o <strong>14 000 szk\u00f3\u0142 podstawowych<\/strong>;<\/li>\n<li><strong>6935 szk\u00f3\u0142 ponadpodstawowych<\/strong>;<\/li>\n<li><strong>1695 bran\u017cowych szk\u00f3\u0142 I stopnia<\/strong>;<\/li>\n<li><strong>261 bran\u017cowych szk\u00f3\u0142 II stopnia;<\/strong><\/li>\n<li><strong>3179 lice\u00f3w og\u00f3lnokszta\u0142c\u0105cych;<\/strong><\/li>\n<li><strong>1858 technik\u00f3w<\/strong>.<\/li>\n<\/ul>\n<blockquote>\n<p style=\"text-align: center;\"><a href=\"https:\/\/epedagog.edu.pl\/oferta\/kategorie\/wszystkie\"><em>ZAPISZ SI\u0118 NA PEDAGOGICZNE SZKOLENIA ONLINE Z CERTYFIKATEM I ZWI\u0118KSZ SWOJE MO\u017bLIWO\u015aCI ZAWODOWE<\/em><\/a><\/p>\n<\/blockquote>\n<p>Wliczaj\u0105c inne rodzaje szk\u00f3\u0142, daje to niespe\u0142na <strong>30 tysi\u0119cy plac\u00f3wek edukacyjnych<\/strong>, kt\u00f3re wymagaj\u0105 sprawnego zarz\u0105dzania. Tak du\u017ca liczba potencjalnych miejsc pracy na stanowiskach dyrektorskich i kierowniczych sprawia, \u017ce <strong>szkolenia pedagogiczne online w zakresie zarz\u0105dzania o\u015bwiat\u0105<\/strong> to \u015bwietny wyb\u00f3r dla os\u00f3b my\u015bl\u0105cych o rozwoju kariery w edukacji.<\/p>\n<p>W naszej ofercie znajdziesz <a href=\"https:\/\/epedagog.edu.pl\/oferta\/kursy\/kurs-kwalifikacyjny-pedagogiczny-dla-kadry-zarzadzajacej-oswiata-210-godzin\">Kurs Kwalifikacyjny Pedagogiczny dla kadry zarz\u0105dzaj\u0105cej o\u015bwiat\u0105<\/a>, kt\u00f3ry zosta\u0142 stworzony z my\u015bl\u0105 o osobach z wykszta\u0142ceniem wy\u017cszym, a w szczeg\u00f3lno\u015bci o:<\/p>\n<ul>\n<li>nauczycielach;<\/li>\n<li>pedagogach pe\u0142ni\u0105cych funkcje kierownicze;<\/li>\n<li>osobach przygotowuj\u0105cych si\u0119 do obj\u0119cia stanowisk dyrektorskich i mened\u017cerskich w o\u015bwiacie.<\/li>\n<\/ul>\n<p><img loading=\"lazy\" decoding=\"async\" class=\"alignnone wp-image-2062\" src=\"https:\/\/epedagog.edu.pl\/aktualnosci\/wp-content\/uploads\/2025\/09\/Szkolenia-pedagogiczne-online-z-certyfikatem-300x200.jpg\" alt=\"Szkolenia pedagogiczne online z certyfikatem\" width=\"681\" height=\"454\" srcset=\"https:\/\/epedagog.edu.pl\/aktualnosci\/wp-content\/uploads\/2025\/09\/Szkolenia-pedagogiczne-online-z-certyfikatem-300x200.jpg 300w, https:\/\/epedagog.edu.pl\/aktualnosci\/wp-content\/uploads\/2025\/09\/Szkolenia-pedagogiczne-online-z-certyfikatem-768x512.jpg 768w, https:\/\/epedagog.edu.pl\/aktualnosci\/wp-content\/uploads\/2025\/09\/Szkolenia-pedagogiczne-online-z-certyfikatem-696x464.jpg 696w, https:\/\/epedagog.edu.pl\/aktualnosci\/wp-content\/uploads\/2025\/09\/Szkolenia-pedagogiczne-online-z-certyfikatem-630x420.jpg 630w, https:\/\/epedagog.edu.pl\/aktualnosci\/wp-content\/uploads\/2025\/09\/Szkolenia-pedagogiczne-online-z-certyfikatem.jpg 1000w\" sizes=\"auto, (max-width: 681px) 100vw, 681px\" \/><\/p>\n<p>Zakres programowy obejmuje 6 blok\u00f3w tematycznych, w tym:<\/p>\n<ul>\n<li>przyw\u00f3dztwo edukacyjne w szkole;<\/li>\n<li>przyw\u00f3dztwo dla uczenia si\u0119 i rozwoju indywidualnego;<\/li>\n<li>zarz\u0105dzanie strategiczne w kontek\u015bcie prawnym, spo\u0142ecznym i finansowym;<\/li>\n<li>polityk\u0119 o\u015bwiatow\u0105;<\/li>\n<li>zarz\u0105dzanie zasobami ludzkimi;<\/li>\n<li>zarz\u0105dzanie strategiczne w kontek\u015bcie prawnym, spo\u0142ecznym i finansowym.<\/li>\n<\/ul>\n<p>Uko\u0144czenie kursu daje kwalifikacje do zarz\u0105dzania plac\u00f3wk\u0105 edukacyjn\u0105, zgodnie z obowi\u0105zuj\u0105cym rozporz\u0105dzeniem MEiN. Ogromnym plusem jest mo\u017cliwo\u015b\u0107 zaliczenia kursu bez realizacji praktyk, je\u015bli uczestnik posiada ju\u017c odpowiednie do\u015bwiadczenie zawodowe \u2013 to rozwi\u0105zanie, kt\u00f3re oszcz\u0119dza czas i pozwala szybciej zdoby\u0107 potrzebne uprawnienia.<\/p>\n<p><a href=\"https:\/\/epedagog.edu.pl\/aktualnosci\/jak-zostac-dyrektorem-szkoly-droga-do-zarzadzania-oswiata\/\">Jak zosta\u0107 dyrektorem szko\u0142y?<\/a> Na naszym blogu znajdziesz wi\u0119cej informacji na temat wymog\u00f3w.<\/p>\n<p>Opisane w tym artykule szkolenie pedagogiczne online z certyfikatem odpowiadaj\u0105 na inne potrzeby \u2013 <strong>Trening Umiej\u0119tno\u015bci Spo\u0142ecznych<\/strong> wspiera rozw\u00f3j kompetencji spo\u0142ecznych, <strong>Arteterapia<\/strong> otwiera drog\u0119 do pracy terapeutycznej, a <strong>Zarz\u0105dzanie o\u015bwiat\u0105<\/strong> rozwija kwalifikacje mened\u017cerskie niezb\u0119dne w kierowaniu plac\u00f3wkami. Wybierz kurs, kt\u00f3ry najlepiej wspiera Tw\u00f3j kierunek rozwoju zawodowego i ju\u017c w roku szkolnym 2025\/2026 postaw na inwestycj\u0119 w przysz\u0142o\u015b\u0107!<\/p>\n<h2><span class=\"ez-toc-section\" id=\"FAQ\"><\/span>FAQ<span class=\"ez-toc-section-end\"><\/span><\/h2>\n<h3><span class=\"ez-toc-section\" id=\"Arteterapia_%E2%80%93_co_daje\"><\/span>Arteterapia \u2013 co daje?<span class=\"ez-toc-section-end\"><\/span><\/h3>\n<p>Realizuj\u0105c kurs z arteterapii, mo\u017cesz prowadzi\u0107 zaj\u0119cia dla os\u00f3b wymagaj\u0105cych wsparcia terapeutycznego i realnie przyczyni\u0107 si\u0119 do poprawy ich funkcjonowania. To metoda, kt\u00f3ra wspiera:<\/p>\n<ul>\n<li>wyra\u017canie emocji;<\/li>\n<li>rozw\u00f3j samo\u015bwiadomo\u015bci;<\/li>\n<li>redukcj\u0119 stresu i l\u0119ku;<\/li>\n<li>popraw\u0119 zdrowia psychicznego;<\/li>\n<li>rozw\u00f3j relacji spo\u0142ecznych.<\/li>\n<\/ul>\n<h3><span class=\"ez-toc-section\" id=\"Kto_prowadzi_Trening_Umiejetnosci_Spolecznych\"><\/span>Kto prowadzi Trening Umiej\u0119tno\u015bci Spo\u0142ecznych?<span class=\"ez-toc-section-end\"><\/span><\/h3>\n<p>Trening Umiej\u0119tno\u015bci Spo\u0142ecznych mog\u0105 prowadzi\u0107 osoby posiadaj\u0105ce udokumentowane kwalifikacje. Szkolenia pedagogiczne online z tego zakresu otwiera przed Tob\u0105 nowe mo\u017cliwo\u015bci zawodowe i daje prawo do prowadzenia zaj\u0119\u0107 TUS.<\/p>\n<h3><span class=\"ez-toc-section\" id=\"Czy_dyrektor_szkoly_musi_miec_ukonczone_zarzadzanie_oswiata\"><\/span>Czy dyrektor szko\u0142y musi mie\u0107 uko\u0144czone zarz\u0105dzanie o\u015bwiat\u0105?<span class=\"ez-toc-section-end\"><\/span><\/h3>\n<p>Tak, jednym z formalnych wymog\u00f3w jest posiadanie przez kandydata na dyrektora przygotowania w zakresie zarz\u0105dzania o\u015bwiat\u0105. Kurs dost\u0119pny w naszej ofercie pozwala spe\u0142ni\u0107 ten warunek i spe\u0142ni\u0107 wymagania.<\/p>\n<h3><span class=\"ez-toc-section\" id=\"Kto_moze_zrobic_kurs_pedagogiczny\"><\/span>Kto mo\u017ce zrobi\u0107 kurs pedagogiczny?<span class=\"ez-toc-section-end\"><\/span><\/h3>\n<p>Szkolenia pedagogiczne online w naszej ofercie s\u0105 skierowane przede wszystkim do os\u00f3b z wykszta\u0142ceniem wy\u017cszym. Je\u015bli nie masz jeszcze uko\u0144czonych studi\u00f3w, umo\u017cliwiamy warunkowe przyst\u0105pienie do kursu \u2013 w tym celu skontaktuj si\u0119 z nami pod adresem e-mail: kontakt@epedagog.edu.pl.<\/p>\n","protected":false},"excerpt":{"rendered":"<p>W roku szkolnym 2025\/2026 szczeg\u00f3lnie warto zwr\u00f3ci\u0107 uwag\u0119 na trzy kursy, kt\u00f3re odpowiadaj\u0105 na realne potrzeby plac\u00f3wek edukacyjnych i samych pedagog\u00f3w. Mowa o Treningu Umiej\u0119tno\u015bci Spo\u0142ecznych (TUS), Arteterapii oraz Zarz\u0105dzaniu o\u015bwiat\u0105 \u2013 to w\u0142a\u015bnie je om\u00f3wimy w tym artykule, pokazuj\u0105c, dlaczego szkolenia pedagogiczne online z certyfikatem s\u0105 warto\u015bciowe i jak mog\u0105 wp\u0142yn\u0105\u0107 na rozw\u00f3j zawodowy. [&hellip;]<\/p>\n","protected":false},"author":19,"featured_media":2063,"comment_status":"closed","ping_status":"closed","sticky":false,"template":"","format":"standard","meta":{"_lmt_disableupdate":"no","_lmt_disable":"no","footnotes":""},"categories":[1356],"tags":[],"class_list":["post-2056","post","type-post","status-publish","format-standard","has-post-thumbnail","hentry","category-rozwoj-nauczycieli"],"modified_by":"Ernest","_links":{"self":[{"href":"https:\/\/epedagog.edu.pl\/aktualnosci\/wp-json\/wp\/v2\/posts\/2056","targetHints":{"allow":["GET"]}}],"collection":[{"href":"https:\/\/epedagog.edu.pl\/aktualnosci\/wp-json\/wp\/v2\/posts"}],"about":[{"href":"https:\/\/epedagog.edu.pl\/aktualnosci\/wp-json\/wp\/v2\/types\/post"}],"author":[{"embeddable":true,"href":"https:\/\/epedagog.edu.pl\/aktualnosci\/wp-json\/wp\/v2\/users\/19"}],"replies":[{"embeddable":true,"href":"https:\/\/epedagog.edu.pl\/aktualnosci\/wp-json\/wp\/v2\/comments?post=2056"}],"version-history":[{"count":10,"href":"https:\/\/epedagog.edu.pl\/aktualnosci\/wp-json\/wp\/v2\/posts\/2056\/revisions"}],"predecessor-version":[{"id":2070,"href":"https:\/\/epedagog.edu.pl\/aktualnosci\/wp-json\/wp\/v2\/posts\/2056\/revisions\/2070"}],"wp:featuredmedia":[{"embeddable":true,"href":"https:\/\/epedagog.edu.pl\/aktualnosci\/wp-json\/wp\/v2\/media\/2063"}],"wp:attachment":[{"href":"https:\/\/epedagog.edu.pl\/aktualnosci\/wp-json\/wp\/v2\/media?parent=2056"}],"wp:term":[{"taxonomy":"category","embeddable":true,"href":"https:\/\/epedagog.edu.pl\/aktualnosci\/wp-json\/wp\/v2\/categories?post=2056"},{"taxonomy":"post_tag","embeddable":true,"href":"https:\/\/epedagog.edu.pl\/aktualnosci\/wp-json\/wp\/v2\/tags?post=2056"}],"curies":[{"name":"wp","href":"https:\/\/api.w.org\/{rel}","templated":true}]}}