{"id":1971,"date":"2025-07-17T23:29:43","date_gmt":"2025-07-17T21:29:43","guid":{"rendered":"https:\/\/epedagog.edu.pl\/aktualnosci\/?p=1971"},"modified":"2025-07-21T12:06:53","modified_gmt":"2025-07-21T10:06:53","slug":"diagnoza-funkcjonalna-czym-sie-charakteryzuje","status":"publish","type":"post","link":"https:\/\/epedagog.edu.pl\/aktualnosci\/diagnoza-funkcjonalna-czym-sie-charakteryzuje\/","title":{"rendered":"Diagnoza funkcjonalna \u2013 czym si\u0119 charakteryzuje?"},"content":{"rendered":"<p><span style=\"font-weight: 400;\">Czujesz, \u017ce pewne dzieci w klasie maj\u0105 trudno\u015bci, kt\u00f3re wp\u0142ywaj\u0105 na ich codzienne funkcjonowanie? Mo\u017ce to problemy z koncentracj\u0105, trudno\u015bci w nawi\u0105zywaniu relacji z r\u00f3wie\u015bnikami, a mo\u017ce potrzeba wi\u0119kszego wsparcia w nauce? W takich przypadkach kluczowym narz\u0119dziem jest <strong>diagnoza funkcjonalna<\/strong> \u2013 rozpoznanie mocnych i s\u0142abych stron ucznia, kt\u00f3re pozwala na lepsze dopasowanie metod wsparcia. W tym artykule przyjrzymy si\u0119, czym jest, kiedy i u kogo si\u0119 j\u0105 stosuje oraz jak powinna wygl\u0105da\u0107 w praktyce szkolnej. Odpowiemy r\u00f3wnie\u017c na pytanie, jakie elementy powinna zawiera\u0107 i kto jest odpowiedzialny za jej przeprowadzenie.<\/span><\/p>\n<div id=\"ez-toc-container\" class=\"ez-toc-v2_0_76 counter-hierarchy ez-toc-counter ez-toc-custom ez-toc-container-direction\">\n<div class=\"ez-toc-title-container\">\n<p class=\"ez-toc-title\" style=\"cursor:inherit\">Spis tre\u015bci<\/p>\n<span class=\"ez-toc-title-toggle\"><a href=\"#\" class=\"ez-toc-pull-right ez-toc-btn ez-toc-btn-xs ez-toc-btn-default ez-toc-toggle\" aria-label=\"Prze\u0142\u0105cznik Spisu Tre\u015bci\"><span class=\"ez-toc-js-icon-con\"><span class=\"\"><span class=\"eztoc-hide\" style=\"display:none;\">Toggle<\/span><span class=\"ez-toc-icon-toggle-span\"><svg style=\"fill: #999;color:#999\" xmlns=\"http:\/\/www.w3.org\/2000\/svg\" class=\"list-377408\" width=\"20px\" height=\"20px\" viewBox=\"0 0 24 24\" fill=\"none\"><path d=\"M6 6H4v2h2V6zm14 0H8v2h12V6zM4 11h2v2H4v-2zm16 0H8v2h12v-2zM4 16h2v2H4v-2zm16 0H8v2h12v-2z\" fill=\"currentColor\"><\/path><\/svg><svg style=\"fill: #999;color:#999\" class=\"arrow-unsorted-368013\" xmlns=\"http:\/\/www.w3.org\/2000\/svg\" width=\"10px\" height=\"10px\" viewBox=\"0 0 24 24\" version=\"1.2\" baseProfile=\"tiny\"><path d=\"M18.2 9.3l-6.2-6.3-6.2 6.3c-.2.2-.3.4-.3.7s.1.5.3.7c.2.2.4.3.7.3h11c.3 0 .5-.1.7-.3.2-.2.3-.5.3-.7s-.1-.5-.3-.7zM5.8 14.7l6.2 6.3 6.2-6.3c.2-.2.3-.5.3-.7s-.1-.5-.3-.7c-.2-.2-.4-.3-.7-.3h-11c-.3 0-.5.1-.7.3-.2.2-.3.5-.3.7s.1.5.3.7z\"\/><\/svg><\/span><\/span><\/span><\/a><\/span><\/div>\n<nav><ul class='ez-toc-list ez-toc-list-level-1 ' ><li class='ez-toc-page-1 ez-toc-heading-level-2'><a class=\"ez-toc-link ez-toc-heading-1\" href=\"https:\/\/epedagog.edu.pl\/aktualnosci\/diagnoza-funkcjonalna-czym-sie-charakteryzuje\/#Diagnoza_funkcjonalna_%E2%80%93_co_to_jest\" >Diagnoza funkcjonalna \u2013 co to jest?<\/a><\/li><li class='ez-toc-page-1 ez-toc-heading-level-2'><a class=\"ez-toc-link ez-toc-heading-2\" href=\"https:\/\/epedagog.edu.pl\/aktualnosci\/diagnoza-funkcjonalna-czym-sie-charakteryzuje\/#Kiedy_i_u_kogo_stosuje_sie_diagnoze_funkcjonalna\" >Kiedy i u kogo stosuje si\u0119 diagnoz\u0119 funkcjonaln\u0105?<\/a><\/li><li class='ez-toc-page-1 ez-toc-heading-level-2'><a class=\"ez-toc-link ez-toc-heading-3\" href=\"https:\/\/epedagog.edu.pl\/aktualnosci\/diagnoza-funkcjonalna-czym-sie-charakteryzuje\/#Jakie_elementy_powinna_zawierac_diagnoza_funkcjonalna\" >Jakie elementy powinna zawiera\u0107 diagnoza funkcjonalna?<\/a><ul class='ez-toc-list-level-3' ><li class='ez-toc-heading-level-3'><a class=\"ez-toc-link ez-toc-heading-4\" href=\"https:\/\/epedagog.edu.pl\/aktualnosci\/diagnoza-funkcjonalna-czym-sie-charakteryzuje\/#Opis_aktualnego_poziomu_funkcjonowania_ucznia\" >Opis aktualnego poziomu funkcjonowania ucznia\u00a0<\/a><\/li><li class='ez-toc-page-1 ez-toc-heading-level-3'><a class=\"ez-toc-link ez-toc-heading-5\" href=\"https:\/\/epedagog.edu.pl\/aktualnosci\/diagnoza-funkcjonalna-czym-sie-charakteryzuje\/#Informacje_o_mocnych_stronach_ucznia\" >Informacje o mocnych stronach ucznia<\/a><\/li><li class='ez-toc-page-1 ez-toc-heading-level-3'><a class=\"ez-toc-link ez-toc-heading-6\" href=\"https:\/\/epedagog.edu.pl\/aktualnosci\/diagnoza-funkcjonalna-czym-sie-charakteryzuje\/#Obszary_wymagajace_wsparcia\" >Obszary wymagaj\u0105ce wsparcia<\/a><\/li><li class='ez-toc-page-1 ez-toc-heading-level-3'><a class=\"ez-toc-link ez-toc-heading-7\" href=\"https:\/\/epedagog.edu.pl\/aktualnosci\/diagnoza-funkcjonalna-czym-sie-charakteryzuje\/#Warunki_sprzyjajace_efektywnemu_funkcjonowaniu_w_szkole\" >Warunki sprzyjaj\u0105ce efektywnemu funkcjonowaniu w szkole\u00a0<\/a><\/li><li class='ez-toc-page-1 ez-toc-heading-level-3'><a class=\"ez-toc-link ez-toc-heading-8\" href=\"https:\/\/epedagog.edu.pl\/aktualnosci\/diagnoza-funkcjonalna-czym-sie-charakteryzuje\/#Wnioski_do_dalszej_pracy\" >Wnioski do dalszej pracy<\/a><\/li><\/ul><\/li><li class='ez-toc-page-1 ez-toc-heading-level-2'><a class=\"ez-toc-link ez-toc-heading-9\" href=\"https:\/\/epedagog.edu.pl\/aktualnosci\/diagnoza-funkcjonalna-czym-sie-charakteryzuje\/#Kto_przeprowadza_diagnoze_funkcjonalna\" >Kto przeprowadza diagnoz\u0119 funkcjonaln\u0105?<\/a><\/li><li class='ez-toc-page-1 ez-toc-heading-level-2'><a class=\"ez-toc-link ez-toc-heading-10\" href=\"https:\/\/epedagog.edu.pl\/aktualnosci\/diagnoza-funkcjonalna-czym-sie-charakteryzuje\/#Jak_przeprowadzic_diagnoze_funkcjonalna_%E2%80%93_krok_po_kroku\" >Jak przeprowadzi\u0107 diagnoz\u0119 funkcjonaln\u0105 \u2013 krok po kroku<\/a><\/li><li class='ez-toc-page-1 ez-toc-heading-level-2'><a class=\"ez-toc-link ez-toc-heading-11\" href=\"https:\/\/epedagog.edu.pl\/aktualnosci\/diagnoza-funkcjonalna-czym-sie-charakteryzuje\/#Diagnoza_funkcjonalna_dziecka_%E2%80%93_czeste_bledy_ktorych_nalezy_unikac\" >Diagnoza funkcjonalna dziecka \u2013 cz\u0119ste b\u0142\u0119dy, kt\u00f3rych nale\u017cy unika\u0107<\/a><\/li><li class='ez-toc-page-1 ez-toc-heading-level-2'><a class=\"ez-toc-link ez-toc-heading-12\" href=\"https:\/\/epedagog.edu.pl\/aktualnosci\/diagnoza-funkcjonalna-czym-sie-charakteryzuje\/#Diagnoza_funkcjonalna_w_praktyce_szkolnej_%E2%80%93_przykladowe_rozwiazania\" >Diagnoza funkcjonalna w praktyce szkolnej \u2013 przyk\u0142adowe rozwi\u0105zania<\/a><\/li><li class='ez-toc-page-1 ez-toc-heading-level-2'><a class=\"ez-toc-link ez-toc-heading-13\" href=\"https:\/\/epedagog.edu.pl\/aktualnosci\/diagnoza-funkcjonalna-czym-sie-charakteryzuje\/#Zdobadz_kluczowe_kompetencje_w_diagnozie_i_terapii_pedagogicznej\" >Zdob\u0105d\u017a kluczowe kompetencje w diagnozie i terapii pedagogicznej<\/a><\/li><\/ul><\/nav><\/div>\n<h2><span class=\"ez-toc-section\" id=\"Diagnoza_funkcjonalna_%E2%80%93_co_to_jest\"><\/span><span style=\"font-weight: 400;\">Diagnoza funkcjonalna \u2013 co to jest?<\/span><span class=\"ez-toc-section-end\"><\/span><\/h2>\n<p><span style=\"font-weight: 400;\">Proces diagnozy funkcjonalnej polega na praktycznym rozpoznaniu mocnych i s\u0142abych stron ucznia, szczeg\u00f3lnie w kontek\u015bcie jego codziennego funkcjonowania w szkole. Celem jest <\/span><b>dok\u0142adne zrozumienie, w jakich obszarach dziecko radzi sobie dobrze, a gdzie potrzebuje wsparcia<\/b><span style=\"font-weight: 400;\">, by mog\u0142o pe\u0142niej uczestniczy\u0107 w procesie edukacyjnym. W przeciwie\u0144stwie do diagnozy psychologicznej, skupiaj\u0105cej si\u0119 na analizie psychicznych i emocjonalnych aspekt\u00f3w dziecka, oraz diagnozy pedagogicznej, kt\u00f3rej celem jest ocena post\u0119p\u00f3w w nauce, <\/span><b>diagnoza funkcjonalna dziecka obejmuje szerszy obraz <\/b><span style=\"font-weight: 400;\">\u2013 od umiej\u0119tno\u015bci poznawczych, przez spo\u0142eczne, a\u017c po samoobs\u0142ugowe.<\/span><\/p>\n<p><span style=\"font-weight: 400;\">Diagnoza ta stanowi istotny element w systemie wsparcia ucznia, szczeg\u00f3lnie w kontek\u015bcie takich dokument\u00f3w jak <\/span><b>IPET <\/b><span style=\"font-weight: 400;\">(Indywidualny Program Edukacyjno-Terapeutyczny), <\/span><b>WOPFU <\/b><span style=\"font-weight: 400;\">(Wielospecjalistyczna Ocena Funkcjonowania Ucznia) og\u00f3lnej pomocy psychologiczno-pedagogicznej. Diagnoza funkcjonalna, cz\u0119sto w postaci <\/span><b>WOPFU<\/b><span style=\"font-weight: 400;\">, dostarcza informacji o mocnych stronach, trudno\u015bciach i potrzebach dziecka, kt\u00f3re stanowi\u0105 podstaw\u0119 do opracowania <\/span><b>IPET-u<\/b><span style=\"font-weight: 400;\">.<\/span><\/p>\n<h2><span class=\"ez-toc-section\" id=\"Kiedy_i_u_kogo_stosuje_sie_diagnoze_funkcjonalna\"><\/span><span style=\"font-weight: 400;\">Kiedy i u kogo stosuje si\u0119 diagnoz\u0119 funkcjonaln\u0105?<\/span><span class=\"ez-toc-section-end\"><\/span><\/h2>\n<p><span style=\"font-weight: 400;\">Diagnoza funkcjonalna jest stosowana w przypadku uczni\u00f3w wymagaj\u0105cych szczeg\u00f3lnego wsparcia w edukacji. Dotyczy to dzieci z r\u00f3\u017cnymi trudno\u015bciami, kt\u00f3re mog\u0105 wp\u0142ywa\u0107 na ich codzienne funkcjonowanie w szkole. Diagnoza funkcjonalna najcz\u0119\u015bciej jest przeprowadzana u:<\/span><\/p>\n<ul>\n<li style=\"font-weight: 400;\" aria-level=\"1\"><b>uczni\u00f3w posiadaj\u0105cych orzeczenie lub opini\u0119 z poradni<\/b><span style=\"font-weight: 400;\"> \u2013 dzieci, kt\u00f3re ju\u017c maj\u0105 formalne wsparcie z poradni psychologiczno-pedagogicznej, wymagaj\u0105 diagnozy funkcjonalnej w celu dostosowania dalszej pomocy;<\/span><\/li>\n<li style=\"font-weight: 400;\" aria-level=\"1\"><b>dzieci ze specjalnymi potrzebami edukacyjnymi (SPE)<\/b><span style=\"font-weight: 400;\"> \u2013 dotyczy to uczni\u00f3w z autyzmem, ADHD, niepe\u0142nosprawno\u015bci\u0105 intelektualn\u0105 czy zaburzeniami emocjonalnymi, kt\u00f3rzy potrzebuj\u0105 indywidualnego podej\u015bcia w nauce;<\/span><\/li>\n<li style=\"font-weight: 400;\" aria-level=\"1\"><b>uczni\u00f3w z trudno\u015bciami w uczeniu si\u0119 lub zachowaniu<\/b><span style=\"font-weight: 400;\"> \u2013 diagnoza funkcjonalna jest istotna tak\u017ce w przypadku dzieci, kt\u00f3re maj\u0105 problemy w przyswajaniu materia\u0142u edukacyjnego lub trudno\u015bci w zachowaniu, aby skutecznie zaplanowa\u0107 odpowiednie wsparcie.<\/span><\/li>\n<\/ul>\n<p><span style=\"font-weight: 400;\">Diagnoza jest w niekt\u00f3rych sytuacjach r\u00f3wnie\u017c obowi\u0105zkiem ustawowym \u2013 jest wymagana na okre\u015blonym etapie dokumentacji ucznia, np. przy tworzeniu IPET-u lub WOPFU, aby zapewni\u0107 systematyczn\u0105 pomoc i monitorowanie post\u0119p\u00f3w dziecka w szkole.<\/span><\/p>\n<h2><span class=\"ez-toc-section\" id=\"Jakie_elementy_powinna_zawierac_diagnoza_funkcjonalna\"><\/span><span style=\"font-weight: 400;\">Jakie elementy powinna zawiera\u0107 diagnoza funkcjonalna?<\/span><span class=\"ez-toc-section-end\"><\/span><\/h2>\n<p><span style=\"font-weight: 400;\">Diagnoza funkcjonalna w szkole powinna przebiega\u0107 kompleksowo, obejmuj\u0105c wszystkie kluczowe obszary funkcjonowania ucznia, by dostarczy\u0107 pe\u0142en obraz jego potrzeb edukacyjnych i rozwojowych. Poni\u017cej przedstawiamy g\u0142\u00f3wne elementy, kt\u00f3re powinny znale\u017a\u0107 si\u0119 w diagnozie funkcjonalnej.<\/span><\/p>\n<h3><span class=\"ez-toc-section\" id=\"Opis_aktualnego_poziomu_funkcjonowania_ucznia\"><\/span><span style=\"font-weight: 400;\">Opis aktualnego poziomu funkcjonowania ucznia\u00a0<\/span><span class=\"ez-toc-section-end\"><\/span><\/h3>\n<p><span style=\"font-weight: 400;\">Diagnoza powinna obejmowa\u0107 ocen\u0119 w nast\u0119puj\u0105cych obszarach:<\/span><\/p>\n<ul>\n<li style=\"font-weight: 400;\" aria-level=\"1\"><b>Poznawczy<\/b><span style=\"font-weight: 400;\"> \u2013 ocena umiej\u0119tno\u015bci my\u015blenia, rozumienia, rozwi\u0105zywania problem\u00f3w oraz przyswajania nowych informacji.<\/span><\/li>\n<li style=\"font-weight: 400;\" aria-level=\"1\"><b>Emocjonalno-spo\u0142eczny<\/b><span style=\"font-weight: 400;\"> \u2013 ocena zdolno\u015bci do nawi\u0105zywania relacji, radzenia sobie z emocjami i uczestniczenia w interakcjach spo\u0142ecznych.<\/span><\/li>\n<li style=\"font-weight: 400;\" aria-level=\"1\"><b>Komunikacyjny<\/b><span style=\"font-weight: 400;\"> \u2013 ocenienie zdolno\u015bci ucznia do wyra\u017cania my\u015bli i rozumienia innych, zar\u00f3wno w mowie, jak i w pi\u015bmie.<\/span><\/li>\n<li style=\"font-weight: 400;\" aria-level=\"1\"><b>Ruchowy i samoobs\u0142ugowy<\/b><span style=\"font-weight: 400;\"> \u2013 analiza zdolno\u015bci ucznia do samodzielnego wykonywania codziennych czynno\u015bci, takich jak ubieranie si\u0119, poruszanie si\u0119 w przestrzeni czy utrzymanie higieny osobistej.<\/span><\/li>\n<\/ul>\n<h3><span class=\"ez-toc-section\" id=\"Informacje_o_mocnych_stronach_ucznia\"><\/span><span style=\"font-weight: 400;\">Informacje o mocnych stronach ucznia<\/span><span class=\"ez-toc-section-end\"><\/span><\/h3>\n<p><span style=\"font-weight: 400;\">Diagnoza powinna wskazywa\u0107 obszary, w kt\u00f3rych ucze\u0144 osi\u0105ga sukcesy, co pomo\u017ce nauczycielom wykorzysta\u0107 te mocne strony do dalszej pracy.<\/span><\/p>\n<h3><span class=\"ez-toc-section\" id=\"Obszary_wymagajace_wsparcia\"><\/span><span style=\"font-weight: 400;\">Obszary wymagaj\u0105ce wsparcia<\/span><span class=\"ez-toc-section-end\"><\/span><\/h3>\n<p><span style=\"font-weight: 400;\">Nale\u017cy wskaza\u0107 te obszary, w kt\u00f3rych ucze\u0144 wymaga dodatkowej pomocy, aby m\u00f3g\u0142 rozwija\u0107 si\u0119 w pe\u0142ni i uczestniczy\u0107 w zaj\u0119ciach na r\u00f3wni z innymi uczniami.<\/span><\/p>\n<h3><span class=\"ez-toc-section\" id=\"Warunki_sprzyjajace_efektywnemu_funkcjonowaniu_w_szkole\"><\/span><span style=\"font-weight: 400;\">Warunki sprzyjaj\u0105ce efektywnemu funkcjonowaniu w szkole\u00a0<\/span><span class=\"ez-toc-section-end\"><\/span><\/h3>\n<p><span style=\"font-weight: 400;\">Diagnoza powinna zawiera\u0107 r\u00f3wnie\u017c opis \u015brodowiska, w kt\u00f3rym ucze\u0144 czuje si\u0119 najlepiej, takich jak konkretne warunki fizyczne (np. cisza, komfort), kt\u00f3re sprzyjaj\u0105 koncentracji i nauce.<\/span><\/p>\n<h3><span class=\"ez-toc-section\" id=\"Wnioski_do_dalszej_pracy\"><\/span><span style=\"font-weight: 400;\">Wnioski do dalszej pracy<\/span><span class=\"ez-toc-section-end\"><\/span><\/h3>\n<p><span style=\"font-weight: 400;\">Na podstawie diagnozy, nauczyciele powinni otrzyma\u0107 konkretne zalecenia dotycz\u0105ce dalszego wsparcia, takie jak dob\u00f3r metod pracy, indywidualizacja nauczania czy dostosowanie materia\u0142\u00f3w edukacyjnych. Wnioski te powinny r\u00f3wnie\u017c wskazywa\u0107 na cele do osi\u0105gni\u0119cia i spos\u00f3b monitorowania post\u0119p\u00f3w ucznia.<\/span><\/p>\n<h2><span class=\"ez-toc-section\" id=\"Kto_przeprowadza_diagnoze_funkcjonalna\"><\/span><span style=\"font-weight: 400;\">Kto przeprowadza diagnoz\u0119 funkcjonaln\u0105?<\/span><span class=\"ez-toc-section-end\"><\/span><\/h2>\n<p><span style=\"font-weight: 400;\">Diagnoza funkcjonalna w szkole jest procesem, kt\u00f3ry wymaga zaanga\u017cowania r\u00f3\u017cnych specjalist\u00f3w i wsp\u00f3\u0142pracy z ca\u0142\u0105 spo\u0142eczno\u015bci\u0105 pedagogiczn\u0105. Oto kluczowe osoby, kt\u00f3re bior\u0105 udzia\u0142 w przeprowadzaniu diagnozy funkcjonalnej:<\/span><\/p>\n<ul>\n<li style=\"font-weight: 400;\" aria-level=\"1\"><b>zesp\u00f3\u0142 nauczycieli<\/b><span style=\"font-weight: 400;\"> \u2013 nauczyciele przedmiotowi, wychowawcy i specjali\u015bci wsp\u00f3lnie obserwuj\u0105 ucznia, gromadz\u0105 dane na temat jego post\u0119p\u00f3w oraz trudno\u015bci, a tak\u017ce identyfikuj\u0105 obszary, w kt\u00f3rych ucze\u0144 potrzebuje wsparcia;<\/span><\/li>\n<li style=\"font-weight: 400;\" aria-level=\"1\"><b>pedagog i psycholog<\/b><span style=\"font-weight: 400;\"> \u2013 specjali\u015bci wspieraj\u0105 proces diagnozy, przeprowadzaj\u0105c odpowiednie badania, wywiady oraz obserwacje, a tak\u017ce pomagaj\u0105 w okre\u015bleniu najlepszych strategii wsparcia ucznia;<\/span><\/li>\n<li style=\"font-weight: 400;\" aria-level=\"1\"><b>terapeuta<\/b><span style=\"font-weight: 400;\"> \u2013 w zale\u017cno\u015bci od potrzeb ucznia, terapeut\u0105 mo\u017ce by\u0107 osoba specjalizuj\u0105ca si\u0119 w pracy z dzie\u0107mi z okre\u015blonymi trudno\u015bciami, np. logopeda, terapeuta integracji sensorycznej lub terapeuta zaj\u0119ciowy.<\/span><\/li>\n<\/ul>\n<p>Na naszym blogu znajdziesz r\u00f3wnie\u017c informacj\u0119 na temat tego, <a href=\"https:\/\/epedagog.edu.pl\/aktualnosci\/diagnoza-pedagogiczna-definicje-etapy-przyklady\/\">czym jest diagnoza pedagogiczna<\/a>.<\/p>\n<p><img loading=\"lazy\" decoding=\"async\" class=\"alignnone wp-image-1976\" src=\"https:\/\/epedagog.edu.pl\/aktualnosci\/wp-content\/uploads\/2025\/07\/diagnoza-funkcjonalna-300x195.jpg\" alt=\"diagnoza funkcjonalna\" width=\"691\" height=\"449\" srcset=\"https:\/\/epedagog.edu.pl\/aktualnosci\/wp-content\/uploads\/2025\/07\/diagnoza-funkcjonalna-300x195.jpg 300w, https:\/\/epedagog.edu.pl\/aktualnosci\/wp-content\/uploads\/2025\/07\/diagnoza-funkcjonalna-768x499.jpg 768w, https:\/\/epedagog.edu.pl\/aktualnosci\/wp-content\/uploads\/2025\/07\/diagnoza-funkcjonalna-696x452.jpg 696w, https:\/\/epedagog.edu.pl\/aktualnosci\/wp-content\/uploads\/2025\/07\/diagnoza-funkcjonalna-647x420.jpg 647w, https:\/\/epedagog.edu.pl\/aktualnosci\/wp-content\/uploads\/2025\/07\/diagnoza-funkcjonalna.jpg 947w\" sizes=\"auto, (max-width: 691px) 100vw, 691px\" \/><\/p>\n<p><span style=\"font-weight: 400;\">Wa\u017cnym elementem diagnozy funkcjonalnej jest tak\u017ce koordynacja przez wychowawc\u0119 lub pedagoga specjalnego. Dbaj\u0105 oni o prawid\u0142owy przebieg ca\u0142ej diagnozy, zapewniaj\u0105c odpowiedni\u0105 organizacj\u0119 spotka\u0144 zespo\u0142u i gromadzenie danych.<\/span><\/p>\n<p><b>R\u00f3wnie istotn\u0105 rol\u0119 odgrywa wsp\u00f3\u0142praca z rodzicami i uczniem<\/b><span style=\"font-weight: 400;\">. Takie zaanga\u017cowanie (je\u015bli to mo\u017cliwe) w procesie zbierania informacji o jego funkcjonowaniu, umo\u017cliwia pe\u0142niejsze zrozumienie jego potrzeb i mo\u017cliwo\u015bci. <\/span><b>Je\u015bli zachodzi taka potrzeba, zesp\u00f3\u0142 uczestnicz\u0105cy w diagnozie <\/b><span style=\"font-weight: 400;\">mo\u017ce skonsultowa\u0107 diagnoz\u0119 z poradni\u0105 psychologiczno-pedagogiczn\u0105, by uzyska\u0107 dodatkowe wsparcie lub opini\u0119 w sprawie zalece\u0144 dla ucznia.<\/span><\/p>\n<h2><span class=\"ez-toc-section\" id=\"Jak_przeprowadzic_diagnoze_funkcjonalna_%E2%80%93_krok_po_kroku\"><\/span><span style=\"font-weight: 400;\">Jak przeprowadzi\u0107 diagnoz\u0119 funkcjonaln\u0105 \u2013 krok po kroku<\/span><span class=\"ez-toc-section-end\"><\/span><\/h2>\n<p><span style=\"font-weight: 400;\">Proces przeprowadzenia diagnozy funkcjonalnej wymaga dok\u0142adno\u015bci i systematyczno\u015bci. Nale\u017cy po\u0142\u0105czy\u0107 obserwacje, analiz\u0119 danych oraz wsp\u00f3\u0142prac\u0119 zespo\u0142u specjalist\u00f3w, aby stworzy\u0107 pe\u0142ny obraz funkcjonowania ucznia. Poni\u017cej przedstawiamy krok po kroku, jak przeprowadzi\u0107 diagnoz\u0119 funkcjonaln\u0105:<\/span><\/p>\n<ol>\n<li style=\"font-weight: 400;\" aria-level=\"1\"><b>Zebranie dokumentacji i obserwacji<\/b><span style=\"font-weight: 400;\"> \u2013 pierwszym krokiem jest zgromadzenie wszystkich dost\u0119pnych informacji o uczniu, w tym orzecze\u0144, opinii oraz wynik\u00f3w wcze\u015bniejszych ocen i obserwacji.<\/span><\/li>\n<li style=\"font-weight: 400;\" aria-level=\"1\"><b>Konsultacje zespo\u0142u nauczycieli i specjalist\u00f3w<\/b><span style=\"font-weight: 400;\"> \u2013 nast\u0119pnie zesp\u00f3\u0142 nauczycieli, psycholog\u00f3w, pedagog\u00f3w i terapeut\u00f3w analizuje zgromadzon\u0105 dokumentacj\u0119 oraz dzieli si\u0119 swoimi obserwacjami, co pozwala na pe\u0142niejsze zrozumienie sytuacji ucznia.<\/span><\/li>\n<li style=\"font-weight: 400;\" aria-level=\"1\"><b>Spotkanie zespo\u0142u i opracowanie wsp\u00f3lnej diagnozy<\/b><span style=\"font-weight: 400;\"> \u2013 po konsultacjach, zesp\u00f3\u0142 spotyka si\u0119, by om\u00f3wi\u0107 wyniki obserwacji i sformu\u0142owa\u0107 wsp\u00f3ln\u0105 diagnoz\u0119, uwzgl\u0119dniaj\u0105c wszystkie aspekty funkcjonowania ucznia.<\/span><\/li>\n<li style=\"font-weight: 400;\" aria-level=\"1\"><b>Sformu\u0142owanie wniosk\u00f3w i zalece\u0144<\/b><span style=\"font-weight: 400;\"> \u2013 w oparciu o diagnoz\u0119, zesp\u00f3\u0142 formu\u0142uje zalecenia dotycz\u0105ce wsparcia ucznia, kt\u00f3re obejmuj\u0105 propozycje metod pracy oraz rekomendacje dotycz\u0105ce dalszego rozwoju.<\/span><\/li>\n<li style=\"font-weight: 400;\" aria-level=\"1\"><b>Uj\u0119cie diagnozy w dokumentacji szkolnej (np. WOPFU)<\/b><span style=\"font-weight: 400;\"> \u2013 na ko\u0144cu diagnoza funkcjonalna musi by\u0107 wprowadzona do odpowiedniej dokumentacji szkolnej, takiej jak WOPFU, aby zapewni\u0107 formalne uwzgl\u0119dnienie w procesie edukacyjnym ucznia.<\/span><\/li>\n<\/ol>\n<h2><span class=\"ez-toc-section\" id=\"Diagnoza_funkcjonalna_dziecka_%E2%80%93_czeste_bledy_ktorych_nalezy_unikac\"><\/span><span style=\"font-weight: 400;\">Diagnoza funkcjonalna dziecka \u2013 cz\u0119ste b\u0142\u0119dy, kt\u00f3rych nale\u017cy unika\u0107<\/span><span class=\"ez-toc-section-end\"><\/span><\/h2>\n<p><span style=\"font-weight: 400;\">Podczas przeprowadzania diagnozy funkcjonalnej nale\u017cy unika\u0107 kilku kluczowych b\u0142\u0119d\u00f3w. Przede wszystkim opisy powinny by\u0107 precyzyjne \u2013 unikajmy zar\u00f3wno zbyt og\u00f3lnych, jak i nadmiernie technicznych sformu\u0142owa\u0144, kt\u00f3re mog\u0105 utrudnia\u0107 zrozumienie diagnozy. Wa\u017cne jest, aby uwzgl\u0119dni\u0107 cz\u0119sto pomijane mocne strony ucznia. Nale\u017cy tak\u017ce pami\u0119ta\u0107 o <strong>regularnych konsultacjach mi\u0119dzy cz\u0142onkami zespo\u0142u<\/strong>, by diagnoza by\u0142a sp\u00f3jna i oparta na wsp\u00f3lnych obserwacjach. Kopiowanie fragment\u00f3w orzecze\u0144 bez w\u0142asnej analizy r\u00f3wnie\u017c nie jest wskazane. Ponadto diagnoza musi by\u0107 zgodna z zaleceniami w IPET, aby zapewni\u0107 skuteczne wsparcie dla ucznia.<\/span><\/p>\n<p><a href=\"https:\/\/epedagog.edu.pl\/oferta\/kursy\/kurs-kwalifikacyjny-z-zakresu-diagnozy-rewalidacji-i-terapii-pedagogicznej-290-godzin\"><img loading=\"lazy\" decoding=\"async\" class=\"alignnone wp-image-613\" src=\"https:\/\/epedagog.edu.pl\/aktualnosci\/wp-content\/uploads\/2022\/03\/baner_linkuj\u0105cy-300x65.png\" alt=\"kursy dla nauczycieli\" width=\"674\" height=\"146\" srcset=\"https:\/\/epedagog.edu.pl\/aktualnosci\/wp-content\/uploads\/2022\/03\/baner_linkuj\u0105cy-300x65.png 300w, https:\/\/epedagog.edu.pl\/aktualnosci\/wp-content\/uploads\/2022\/03\/baner_linkuj\u0105cy.png 694w\" sizes=\"auto, (max-width: 674px) 100vw, 674px\" \/><\/a><\/p>\n<h2><span class=\"ez-toc-section\" id=\"Diagnoza_funkcjonalna_w_praktyce_szkolnej_%E2%80%93_przykladowe_rozwiazania\"><\/span><span style=\"font-weight: 400;\">Diagnoza funkcjonalna w praktyce szkolnej \u2013 przyk\u0142adowe rozwi\u0105zania<\/span><span class=\"ez-toc-section-end\"><\/span><\/h2>\n<p><span style=\"font-weight: 400;\">W praktyce szkolnej diagnoza funkcjonalna opiera si\u0119 na stosowaniu odpowiednich <\/span><b>narz\u0119dzi i arkuszy pomocniczych<\/b><span style=\"font-weight: 400;\">, kt\u00f3re u\u0142atwiaj\u0105 zbieranie i analizowanie informacji o uczniu. Dzi\u0119ki przyk\u0142adom dobrze napisanych diagnoz nauczyciele mog\u0105 lepiej zrozumie\u0107, jak precyzyjnie opisa\u0107 mocne strony oraz obszary wymagaj\u0105ce wsparcia. Istotne jest, aby j\u0119zyk diagnozy by\u0142 <\/span><b>konkretny<\/b><span style=\"font-weight: 400;\">, <\/span><b>prosty<\/b><span style=\"font-weight: 400;\"> i <\/span><b>obserwacyjny<\/b><span style=\"font-weight: 400;\">, co u\u0142atwia jej zrozumienie i dalsze wykorzystanie w pracy z uczniem. Ponadto diagnoza funkcjonalna nie jest dokumentem zamkni\u0119tym \u2014 powinna by\u0107 aktualizowana w ci\u0105gu roku szkolnego, aby odzwierciedla\u0142a post\u0119py ucznia oraz zmieniaj\u0105ce si\u0119 potrzeby.<\/span><\/p>\n<h2><span class=\"ez-toc-section\" id=\"Zdobadz_kluczowe_kompetencje_w_diagnozie_i_terapii_pedagogicznej\"><\/span><span style=\"font-weight: 400;\">Zdob\u0105d\u017a kluczowe kompetencje w diagnozie i terapii pedagogicznej<\/span><span class=\"ez-toc-section-end\"><\/span><\/h2>\n<p><span style=\"font-weight: 400;\">W procesie diagnozy i terapii pedagogicznej <\/span><b>wiedza pedagoga jest kluczowa<\/b><span style=\"font-weight: 400;\">, aby ca\u0142y proces by\u0142 nie tylko skuteczny, ale i bezpieczny dla ucznia. Je\u015bli chcesz uzyska\u0107 kompleksowe przygotowanie do pracy w tym zakresie, nie musisz decydowa\u0107 si\u0119 na wieloletnie studia. Wystarczy, \u017ce wybierzesz nasz <\/span><a href=\"https:\/\/epedagog.edu.pl\/oferta\/kursy\/kurs-kwalifikacyjny-z-zakresu-diagnozy-rewalidacji-i-terapii-pedagogicznej-290-godzin\"><span style=\"font-weight: 400;\">Kurs Kwalifikacyjny z zakresu diagnozy, rewalidacji i terapii pedagogicznej<\/span><\/a><span style=\"font-weight: 400;\">. Zdob\u0119dziesz niezb\u0119dne kompetencje, kt\u00f3re pozwol\u0105 Ci prowadzi\u0107 zaj\u0119cia korekcyjno-kompensacyjne, dostosowane do indywidualnych potrzeb uczni\u00f3w. Dzi\u0119ki temu b\u0119dziesz w stanie opracowa\u0107 skuteczny plan dzia\u0142a\u0144, kt\u00f3ry pomo\u017ce wyr\u00f3wna\u0107 szanse edukacyjne dzieci z r\u00f3\u017cnorodnymi trudno\u015bciami w nauce, w tym z niepe\u0142nosprawno\u015bciami.<\/span><\/p>\n<p><span style=\"font-weight: 400;\">Dlaczego warto rozpocz\u0105\u0107 nauk\u0119 z nami? Powod\u00f3w jest d\u0142uga lista, a do najwa\u017cniejszych korzy\u015bci warto zaliczy\u0107:<\/span><\/p>\n<ul>\n<li style=\"font-weight: 400;\" aria-level=\"1\"><b>Znacz\u0105co ni\u017csze koszty nauki<\/b><span style=\"font-weight: 400;\"> \u2013 brak wydatk\u00f3w na dojazdy, noclegi czy dodatkowe materia\u0142y.<\/span><\/li>\n<li style=\"font-weight: 400;\" aria-level=\"1\"><b>Nauka w dowolnym miejscu i czasie<\/b><span style=\"font-weight: 400;\"> \u2013 uczysz si\u0119 kiedy chcesz i gdzie chcesz, maj\u0105c sta\u0142y dost\u0119p do materia\u0142\u00f3w.<\/span><\/li>\n<li style=\"font-weight: 400;\" aria-level=\"1\"><b>Kwalifikacje zgodne z wytycznymi MEiN<\/b><span style=\"font-weight: 400;\"> \u2013 po uko\u0144czeniu kursu zdob\u0119dziesz pe\u0142noprawne kwalifikacje, kt\u00f3re b\u0119d\u0105 cenione na rynku pracy.<\/span><\/li>\n<\/ul>\n<p><span style=\"font-weight: 400;\">Diagnoza funkcjonalna to fundament skutecznej indywidualizacji pracy z uczniem, pozwalaj\u0105ca dostosowa\u0107 metody nauczania do jego potrzeb. Kluczem do trafnej diagnozy jest wsp\u00f3\u0142praca i komunikacja w zespole nauczycieli, specjalist\u00f3w oraz rodzic\u00f3w. Je\u015bli chcesz zdoby\u0107 kompleksow\u0105 wiedz\u0119 i umiej\u0119tno\u015bci w zakresie diagnozy i terapii pedagogicznej, <\/span><b>zapisz si\u0119 na nasz kurs<\/b><span style=\"font-weight: 400;\">. Dzi\u0119ki niemu b\u0119dziesz w stanie realnie poprawi\u0107 jako\u015b\u0107 wsparcia, jakie oferujesz uczniom z trudno\u015bciami edukacyjnymi!<\/span><\/p>\n","protected":false},"excerpt":{"rendered":"<p>Czujesz, \u017ce pewne dzieci w klasie maj\u0105 trudno\u015bci, kt\u00f3re wp\u0142ywaj\u0105 na ich codzienne funkcjonowanie? Mo\u017ce to problemy z koncentracj\u0105, trudno\u015bci w nawi\u0105zywaniu relacji z r\u00f3wie\u015bnikami, a mo\u017ce potrzeba wi\u0119kszego wsparcia w nauce? W takich przypadkach kluczowym narz\u0119dziem jest diagnoza funkcjonalna \u2013 rozpoznanie mocnych i s\u0142abych stron ucznia, kt\u00f3re pozwala na lepsze dopasowanie metod wsparcia. W [&hellip;]<\/p>\n","protected":false},"author":19,"featured_media":1975,"comment_status":"closed","ping_status":"closed","sticky":false,"template":"","format":"standard","meta":{"_lmt_disableupdate":"no","_lmt_disable":"no","footnotes":""},"categories":[1270],"tags":[],"class_list":["post-1971","post","type-post","status-publish","format-standard","has-post-thumbnail","hentry","category-pedagogika"],"modified_by":"Ernest","_links":{"self":[{"href":"https:\/\/epedagog.edu.pl\/aktualnosci\/wp-json\/wp\/v2\/posts\/1971","targetHints":{"allow":["GET"]}}],"collection":[{"href":"https:\/\/epedagog.edu.pl\/aktualnosci\/wp-json\/wp\/v2\/posts"}],"about":[{"href":"https:\/\/epedagog.edu.pl\/aktualnosci\/wp-json\/wp\/v2\/types\/post"}],"author":[{"embeddable":true,"href":"https:\/\/epedagog.edu.pl\/aktualnosci\/wp-json\/wp\/v2\/users\/19"}],"replies":[{"embeddable":true,"href":"https:\/\/epedagog.edu.pl\/aktualnosci\/wp-json\/wp\/v2\/comments?post=1971"}],"version-history":[{"count":5,"href":"https:\/\/epedagog.edu.pl\/aktualnosci\/wp-json\/wp\/v2\/posts\/1971\/revisions"}],"predecessor-version":[{"id":1979,"href":"https:\/\/epedagog.edu.pl\/aktualnosci\/wp-json\/wp\/v2\/posts\/1971\/revisions\/1979"}],"wp:featuredmedia":[{"embeddable":true,"href":"https:\/\/epedagog.edu.pl\/aktualnosci\/wp-json\/wp\/v2\/media\/1975"}],"wp:attachment":[{"href":"https:\/\/epedagog.edu.pl\/aktualnosci\/wp-json\/wp\/v2\/media?parent=1971"}],"wp:term":[{"taxonomy":"category","embeddable":true,"href":"https:\/\/epedagog.edu.pl\/aktualnosci\/wp-json\/wp\/v2\/categories?post=1971"},{"taxonomy":"post_tag","embeddable":true,"href":"https:\/\/epedagog.edu.pl\/aktualnosci\/wp-json\/wp\/v2\/tags?post=1971"}],"curies":[{"name":"wp","href":"https:\/\/api.w.org\/{rel}","templated":true}]}}