{"id":1962,"date":"2025-07-17T17:26:38","date_gmt":"2025-07-17T15:26:38","guid":{"rendered":"https:\/\/epedagog.edu.pl\/aktualnosci\/?p=1962"},"modified":"2026-04-13T10:22:43","modified_gmt":"2026-04-13T08:22:43","slug":"stopnie-awansu-zawodowego-nauczyciela","status":"publish","type":"post","link":"https:\/\/epedagog.edu.pl\/aktualnosci\/stopnie-awansu-zawodowego-nauczyciela\/","title":{"rendered":"Jakie s\u0105 stopnie awansu zawodowego nauczyciela w 2026 roku?"},"content":{"rendered":"<p><span style=\"font-weight: 400;\">Jak aktualnie wygl\u0105da system awansu pracownik\u00f3w o\u015bwiaty? <\/span><b>Po zmianach przepis\u00f3w \u015bcie\u017cka kariery obejmuje stanowisko nauczyciela pocz\u0105tkuj\u0105cego, mianowanego i dyplomowanego.<\/b><span style=\"font-weight: 400;\"> Sprawd\u017a, jakie wymagania trzeba spe\u0142ni\u0107, by pi\u0105\u0107 si\u0119 po szczeblach zawodowego rozwoju.<\/span><\/p>\n<div id=\"ez-toc-container\" class=\"ez-toc-v2_0_76 counter-hierarchy ez-toc-counter ez-toc-custom ez-toc-container-direction\">\n<div class=\"ez-toc-title-container\">\n<p class=\"ez-toc-title\" style=\"cursor:inherit\">Spis tre\u015bci<\/p>\n<span class=\"ez-toc-title-toggle\"><a href=\"#\" class=\"ez-toc-pull-right ez-toc-btn ez-toc-btn-xs ez-toc-btn-default ez-toc-toggle\" aria-label=\"Prze\u0142\u0105cznik Spisu Tre\u015bci\"><span class=\"ez-toc-js-icon-con\"><span class=\"\"><span class=\"eztoc-hide\" style=\"display:none;\">Toggle<\/span><span class=\"ez-toc-icon-toggle-span\"><svg style=\"fill: #999;color:#999\" xmlns=\"http:\/\/www.w3.org\/2000\/svg\" class=\"list-377408\" width=\"20px\" height=\"20px\" viewBox=\"0 0 24 24\" fill=\"none\"><path d=\"M6 6H4v2h2V6zm14 0H8v2h12V6zM4 11h2v2H4v-2zm16 0H8v2h12v-2zM4 16h2v2H4v-2zm16 0H8v2h12v-2z\" fill=\"currentColor\"><\/path><\/svg><svg style=\"fill: #999;color:#999\" class=\"arrow-unsorted-368013\" xmlns=\"http:\/\/www.w3.org\/2000\/svg\" width=\"10px\" height=\"10px\" viewBox=\"0 0 24 24\" version=\"1.2\" baseProfile=\"tiny\"><path d=\"M18.2 9.3l-6.2-6.3-6.2 6.3c-.2.2-.3.4-.3.7s.1.5.3.7c.2.2.4.3.7.3h11c.3 0 .5-.1.7-.3.2-.2.3-.5.3-.7s-.1-.5-.3-.7zM5.8 14.7l6.2 6.3 6.2-6.3c.2-.2.3-.5.3-.7s-.1-.5-.3-.7c-.2-.2-.4-.3-.7-.3h-11c-.3 0-.5.1-.7.3-.2.2-.3.5-.3.7s.1.5.3.7z\"\/><\/svg><\/span><\/span><\/span><\/a><\/span><\/div>\n<nav><ul class='ez-toc-list ez-toc-list-level-1 ' ><li class='ez-toc-page-1 ez-toc-heading-level-2'><a class=\"ez-toc-link ez-toc-heading-1\" href=\"https:\/\/epedagog.edu.pl\/aktualnosci\/stopnie-awansu-zawodowego-nauczyciela\/#Co_zmienilo_sie_w_Karcie_Nauczyciela_w_kontekscie_awansu\" >Co zmieni\u0142o si\u0119 w Karcie Nauczyciela w kontek\u015bcie awansu?<\/a><\/li><li class='ez-toc-page-1 ez-toc-heading-level-2'><a class=\"ez-toc-link ez-toc-heading-2\" href=\"https:\/\/epedagog.edu.pl\/aktualnosci\/stopnie-awansu-zawodowego-nauczyciela\/#Czym_jest_przygotowanie_do_zawodu_nauczyciela\" >Czym jest przygotowanie do zawodu nauczyciela?<\/a><\/li><li class='ez-toc-page-1 ez-toc-heading-level-2'><a class=\"ez-toc-link ez-toc-heading-3\" href=\"https:\/\/epedagog.edu.pl\/aktualnosci\/stopnie-awansu-zawodowego-nauczyciela\/#Kim_jest_mentor_ktory_wspiera_poczatkujacego_nauczyciela\" >Kim jest mentor, kt\u00f3ry wspiera pocz\u0105tkuj\u0105cego nauczyciela?<\/a><\/li><li class='ez-toc-page-1 ez-toc-heading-level-2'><a class=\"ez-toc-link ez-toc-heading-4\" href=\"https:\/\/epedagog.edu.pl\/aktualnosci\/stopnie-awansu-zawodowego-nauczyciela\/#Jak_wygladaja_sciezki_awansu_zawodowego_nauczyciela_po_zmianach\" >Jak wygl\u0105daj\u0105 \u015bcie\u017cki awansu zawodowego nauczyciela po zmianach?<\/a><\/li><li class='ez-toc-page-1 ez-toc-heading-level-2'><a class=\"ez-toc-link ez-toc-heading-5\" href=\"https:\/\/epedagog.edu.pl\/aktualnosci\/stopnie-awansu-zawodowego-nauczyciela\/#Jakie_warunki_trzeba_spelnic_aby_rozpoczac_przygotowanie_do_zawodu_nauczyciela\" >Jakie warunki trzeba spe\u0142ni\u0107, aby rozpocz\u0105\u0107 przygotowanie do zawodu nauczyciela?<\/a><\/li><li class='ez-toc-page-1 ez-toc-heading-level-2'><a class=\"ez-toc-link ez-toc-heading-6\" href=\"https:\/\/epedagog.edu.pl\/aktualnosci\/stopnie-awansu-zawodowego-nauczyciela\/#Jak_wyglada_awans_na_nauczyciela_mianowanego\" >Jak wygl\u0105da awans na nauczyciela mianowanego?<\/a><\/li><li class='ez-toc-page-1 ez-toc-heading-level-2'><a class=\"ez-toc-link ez-toc-heading-7\" href=\"https:\/\/epedagog.edu.pl\/aktualnosci\/stopnie-awansu-zawodowego-nauczyciela\/#Kiedy_mozna_ubiegac_sie_o_stopien_nauczyciela_dyplomowanego\" >Kiedy mo\u017cna ubiega\u0107 si\u0119 o stopie\u0144 nauczyciela dyplomowanego?<\/a><\/li><li class='ez-toc-page-1 ez-toc-heading-level-2'><a class=\"ez-toc-link ez-toc-heading-8\" href=\"https:\/\/epedagog.edu.pl\/aktualnosci\/stopnie-awansu-zawodowego-nauczyciela\/#Dlaczego_warto_rozwijac_sie_poprzez_kwalifikacyjne_kursy_pedagogiczne\" >Dlaczego warto rozwija\u0107 si\u0119 poprzez kwalifikacyjne kursy pedagogiczne?<\/a><\/li><li class='ez-toc-page-1 ez-toc-heading-level-2'><a class=\"ez-toc-link ez-toc-heading-9\" href=\"https:\/\/epedagog.edu.pl\/aktualnosci\/stopnie-awansu-zawodowego-nauczyciela\/#FAQ\" >FAQ<\/a><ul class='ez-toc-list-level-3' ><li class='ez-toc-heading-level-3'><a class=\"ez-toc-link ez-toc-heading-10\" href=\"https:\/\/epedagog.edu.pl\/aktualnosci\/stopnie-awansu-zawodowego-nauczyciela\/#Jakie_sa_stopnie_rozwoju_nauczycieli\" >Jakie s\u0105 stopnie rozwoju nauczycieli?<\/a><\/li><li class='ez-toc-page-1 ez-toc-heading-level-3'><a class=\"ez-toc-link ez-toc-heading-11\" href=\"https:\/\/epedagog.edu.pl\/aktualnosci\/stopnie-awansu-zawodowego-nauczyciela\/#Ile_trwaja_staze_na_poszczegolne_stopnie_awansu_zawodowego_nauczycieli\" >Ile trwaj\u0105 sta\u017ce na poszczeg\u00f3lne stopnie awansu zawodowego nauczycieli?<\/a><\/li><li class='ez-toc-page-1 ez-toc-heading-level-3'><a class=\"ez-toc-link ez-toc-heading-12\" href=\"https:\/\/epedagog.edu.pl\/aktualnosci\/stopnie-awansu-zawodowego-nauczyciela\/#Jak_wyglada_procedura_awansu_zawodowego_nauczyciela\" >Jak wygl\u0105da procedura awansu zawodowego nauczyciela?<\/a><\/li><li class='ez-toc-page-1 ez-toc-heading-level-3'><a class=\"ez-toc-link ez-toc-heading-13\" href=\"https:\/\/epedagog.edu.pl\/aktualnosci\/stopnie-awansu-zawodowego-nauczyciela\/#Jak_rozwijac_swoje_kompetencje_pedagogiczne\" >Jak rozwija\u0107 swoje kompetencje pedagogiczne?<\/a><\/li><\/ul><\/li><\/ul><\/nav><\/div>\n<h2><span class=\"ez-toc-section\" id=\"Co_zmienilo_sie_w_Karcie_Nauczyciela_w_kontekscie_awansu\"><\/span><span style=\"font-weight: 400;\">Co zmieni\u0142o si\u0119 w Karcie Nauczyciela w kontek\u015bcie awansu?<\/span><span class=\"ez-toc-section-end\"><\/span><\/h2>\n<p><span style=\"font-weight: 400;\">G\u0142\u00f3wnym celem nowelizacji z dnia 5 sierpnia 2022 roku by\u0142o <\/span><b>uproszczenie \u015bcie\u017cki awansu zawodowego przez zlikwidowanie dw\u00f3ch stopni \u2013 sta\u017cysty i kontraktowego.<\/b><span style=\"font-weight: 400;\"> Aktualnie osoby pracuj\u0105ce w o\u015bwiacie mog\u0105 pe\u0142ni\u0107 funkcj\u0119 nauczyciela:<\/span><\/p>\n<ul>\n<li style=\"font-weight: 400;\" aria-level=\"1\"><span style=\"font-weight: 400;\">pocz\u0105tkuj\u0105cego;<\/span><\/li>\n<li style=\"font-weight: 400;\" aria-level=\"1\"><span style=\"font-weight: 400;\">mianowanego;<\/span><\/li>\n<li style=\"font-weight: 400;\" aria-level=\"1\"><span style=\"font-weight: 400;\">dyplomowanego (jak mo\u017cna przeczyta\u0107 na portalu samorzad.pap.pl, to najliczniejisza grupa stanowi\u0105ca ponad 55% wszystkich zatrudnionych).\u00a0\u00a0<\/span><\/li>\n<\/ul>\n<h2><span class=\"ez-toc-section\" id=\"Czym_jest_przygotowanie_do_zawodu_nauczyciela\"><\/span><span style=\"font-weight: 400;\">Czym jest przygotowanie do zawodu nauczyciela?<\/span><span class=\"ez-toc-section-end\"><\/span><\/h2>\n<p><span style=\"font-weight: 400;\">Przygotowanie do zawodu nauczyciela jest <\/span><b>obowi\u0105zkowym etapem dla os\u00f3b rozpoczynaj\u0105cych prac\u0119 w zawodzie<\/b><span style=\"font-weight: 400;\">, kt\u00f3re nie posiadaj\u0105 \u017cadnego stopnia awansu zawodowego. Trwa ono <\/span><b>3 lata i 9 miesi\u0119cy<\/b><span style=\"font-weight: 400;\">, z mo\u017cliwo\u015bci\u0105 skr\u00f3cenia do 2 lat i 9 miesi\u0119cy w przypadku posiadania stopnia naukowego lub do\u015bwiadczenia zawodowego za granic\u0105.\u00a0<\/span><\/p>\n<p><span style=\"font-weight: 400;\">A co w przypadku, gdy w trakcie pracy b\u0119dziesz potrzebowa\u0107 d\u0142u\u017cszej przerwy? Na naszym blogu znajdziesz informacje na temat tego, czym jest\u00a0<\/span><a href=\"https:\/\/epedagog.edu.pl\/aktualnosci\/urlop-dla-poratowania-zdrowia-kto-i-kiedy-moze-z-niego-skorzystac\/\"><span style=\"font-weight: 400;\">urlop dla poratowania zdrowia<\/span><\/a><span style=\"font-weight: 400;\">.<\/span><\/p>\n<p><img loading=\"lazy\" decoding=\"async\" class=\"alignnone wp-image-1964\" src=\"https:\/\/epedagog.edu.pl\/aktualnosci\/wp-content\/uploads\/2025\/07\/awans-nauczycieli-w-2025-roku-300x195.jpg\" alt=\"awans zawodowy nauczyciela\" width=\"683\" height=\"444\" srcset=\"https:\/\/epedagog.edu.pl\/aktualnosci\/wp-content\/uploads\/2025\/07\/awans-nauczycieli-w-2025-roku-300x195.jpg 300w, https:\/\/epedagog.edu.pl\/aktualnosci\/wp-content\/uploads\/2025\/07\/awans-nauczycieli-w-2025-roku-768x499.jpg 768w, https:\/\/epedagog.edu.pl\/aktualnosci\/wp-content\/uploads\/2025\/07\/awans-nauczycieli-w-2025-roku-696x452.jpg 696w, https:\/\/epedagog.edu.pl\/aktualnosci\/wp-content\/uploads\/2025\/07\/awans-nauczycieli-w-2025-roku-647x420.jpg 647w, https:\/\/epedagog.edu.pl\/aktualnosci\/wp-content\/uploads\/2025\/07\/awans-nauczycieli-w-2025-roku.jpg 973w\" sizes=\"auto, (max-width: 683px) 100vw, 683px\" \/><\/p>\n<h2><span class=\"ez-toc-section\" id=\"Kim_jest_mentor_ktory_wspiera_poczatkujacego_nauczyciela\"><\/span><span style=\"font-weight: 400;\">Kim jest mentor, kt\u00f3ry wspiera pocz\u0105tkuj\u0105cego nauczyciela?<\/span><span class=\"ez-toc-section-end\"><\/span><\/h2>\n<p><span style=\"font-weight: 400;\">Mentor to do\u015bwiadczony nauczyciel przydzielony osobie przygotowuj\u0105cej sie do zawodu, a jego g\u0142\u00f3wnym zadaniem jest <\/span><b>pomoc w rozwoju zawodowym i u\u0142atwienie adaptacji w nowym \u015brodowisku edukacyjnym.\u00a0<\/b><\/p>\n<p><span style=\"font-weight: 400;\">Do g\u0142\u00f3wnych zada\u0144 mentora nale\u017cy r\u00f3wnie\u017c:<\/span><\/p>\n<ul>\n<li style=\"font-weight: 400;\" aria-level=\"1\"><b>wsparcie w pracy dydaktycznej i wychowawczej<\/b><span style=\"font-weight: 400;\">\u00a0\u2013 mentor pomaga w opracowywaniu i realizowaniu plan\u00f3w lekcji, zapewniaj\u0105c nauczycielowi wskaz\u00f3wki dotycz\u0105ce metod pracy z uczniami;<\/span><\/li>\n<li style=\"font-weight: 400;\" aria-level=\"1\"><b>pomoc w rozwoju zawodowym<\/b><span style=\"font-weight: 400;\">\u00a0\u2013 mentor doradza w kwestiach zwi\u0105zanych z dalszym rozwojem zawodowym, wskazuj\u0105c na mocne strony oraz obszary wymagaj\u0105ce poprawy;<\/span><\/li>\n<li style=\"font-weight: 400;\" aria-level=\"1\"><b>obserwacja i omawianie zaj\u0119\u0107<\/b><span style=\"font-weight: 400;\">\u00a0\u2013 to kluczowy element wsp\u00f3\u0142pracy, dzi\u0119ki kt\u00f3remu nauczyciel ma mo\u017cliwo\u015b\u0107 doskonalenia swojego warsztatu pedagogicznego.<\/span><\/li>\n<\/ul>\n<p><span style=\"font-weight: 400;\">Przygotuj si\u0119 do nowych wyzwa\u0144 w pracy z uczniami, wybieraj\u0105c<\/span><a href=\"https:\/\/epedagog.edu.pl\/\"><b> kwalifikacyjne kursy pedagogiczne<\/b><\/a><b>.<\/b><span style=\"font-weight: 400;\"> To praktyczny spos\u00f3b na zdobycie wiedzy, kt\u00f3ra skutecznie wspiera codzienne zadania w \u015brodowisku szkolnym.<\/span><\/p>\n<h2><span class=\"ez-toc-section\" id=\"Jak_wygladaja_sciezki_awansu_zawodowego_nauczyciela_po_zmianach\"><\/span><span style=\"font-weight: 400;\">Jak wygl\u0105daj\u0105 \u015bcie\u017cki awansu zawodowego nauczyciela po zmianach?<\/span><span class=\"ez-toc-section-end\"><\/span><\/h2>\n<p><span style=\"font-weight: 400;\">Po zmianach w przepisach obowi\u0105zuj\u0105cych od 2022 roku <\/span><b>funkcjonuj\u0105 obecnie dwie \u015bcie\u017cki rozwoju zawodowego <\/b><span style=\"font-weight: 400;\">\u2013 dla os\u00f3b rozpoczynaj\u0105cych prac\u0119 w zawodzie oraz dla nauczycieli, kt\u00f3rzy uzyskali stopnie awansu wed\u0142ug wcze\u015bniejszych zasad.<\/span><\/p>\n<p><span style=\"font-weight: 400;\">W praktyce oznacza to, \u017ce <\/span><b>osoby zaczynaj\u0105ce prac\u0119 posiadaj\u0105 stopie\u0144 nauczyciela pocz\u0105tkuj\u0105cego<\/b><span style=\"font-weight: 400;\"> i przygotowuj\u0105 si\u0119 do uzyskania stopnia nauczyciela mianowanego. Z kolei <\/span><b>cz\u0119\u015b\u0107 nauczycieli kontraktowych mo\u017ce jeszcze kontynuowa\u0107 awans wed\u0142ug wcze\u015bniejszych przepis\u00f3w<\/b><span style=\"font-weight: 400;\"> (do 2027 roku). Nauczyciele mianowani realizuj\u0105 natomiast awans na stopie\u0144 nauczyciela dyplomowanego <\/span><b>zgodnie z aktualnymi zasadami.<\/b><\/p>\n<p><a href=\"https:\/\/epedagog.edu.pl\/\"><img loading=\"lazy\" decoding=\"async\" class=\"alignnone wp-image-613\" src=\"https:\/\/epedagog.edu.pl\/aktualnosci\/wp-content\/uploads\/2022\/03\/baner_linkuj\u0105cy-300x65.png\" alt=\"kurs kwalifikacyjny\" width=\"683\" height=\"148\" srcset=\"https:\/\/epedagog.edu.pl\/aktualnosci\/wp-content\/uploads\/2022\/03\/baner_linkuj\u0105cy-300x65.png 300w, https:\/\/epedagog.edu.pl\/aktualnosci\/wp-content\/uploads\/2022\/03\/baner_linkuj\u0105cy.png 694w\" sizes=\"auto, (max-width: 683px) 100vw, 683px\" \/><\/a><\/p>\n<h2><span class=\"ez-toc-section\" id=\"Jakie_warunki_trzeba_spelnic_aby_rozpoczac_przygotowanie_do_zawodu_nauczyciela\"><\/span><span style=\"font-weight: 400;\">Jakie warunki trzeba spe\u0142ni\u0107, aby rozpocz\u0105\u0107 przygotowanie do zawodu nauczyciela?<\/span><span class=\"ez-toc-section-end\"><\/span><\/h2>\n<p><span style=\"font-weight: 400;\">Aby rozpocz\u0105\u0107 przygotowanie do zawodu nauczyciela, konieczne jest spe\u0142nienie okre\u015blonych <\/span><b>warunk\u00f3w formalnych zwi\u0105zanych z zatrudnieniem<\/b><span style=\"font-weight: 400;\">. Przygotowanie to rozpoczyna si\u0119 z dniem nawi\u0105zania stosunku pracy, pod warunkiem \u017ce <\/span><b>nauczyciel jest zatrudniony w wymiarze co najmniej \u00bd etatu<\/b><span style=\"font-weight: 400;\"> oraz posiada wymagane kwalifikacje do zajmowanego stanowiska.\u00a0<\/span><\/p>\n<p><span style=\"font-weight: 400;\">Co istotne, <\/span><b>moment zatrudnienia nie musi przypada\u0107 na pocz\u0105tek roku szkolnego<\/b><span style=\"font-weight: 400;\"> \u2013 mo\u017cliwe jest rozpocz\u0119cie pracy i przygotowania do zawodu tak\u017ce w jego trakcie, np. w ramach zast\u0119pstwa lub z przyczyn organizacyjnych.<\/span><\/p>\n<h2><span class=\"ez-toc-section\" id=\"Jak_wyglada_awans_na_nauczyciela_mianowanego\"><\/span><span style=\"font-weight: 400;\">Jak wygl\u0105da awans na nauczyciela mianowanego?<\/span><span class=\"ez-toc-section-end\"><\/span><\/h2>\n<p><span style=\"font-weight: 400;\">W obecnym systemie awansu zawodowego nauczycieli, aby uzyska\u0107 stopie\u0144 nauczyciela mianowanego, <\/span><b>konieczne jest odbycie przygotowania do zawodu trwaj\u0105cego<\/b> <b>3 lata i 9 miesi\u0119cy<\/b><span style=\"font-weight: 400;\">.\u00a0<\/span><\/p>\n<p><span style=\"font-weight: 400;\">W tym czasie nauczyciel pocz\u0105tkuj\u0105cy rozwija swoje kompetencje dydaktyczne i wychowawcze oraz podlega ocenie pracy. Po zako\u0144czeniu tego etapu, uzyskaniu <\/span><b>co najmniej dobrej oceny pracy <\/b><span style=\"font-weight: 400;\">oraz <\/span><b>zdaniu egzaminu przed komisj\u0105<\/b><span style=\"font-weight: 400;\"> mo\u017cliwe jest nadanie stopnia nauczyciela mianowanego.<\/span><\/p>\n<h2><span class=\"ez-toc-section\" id=\"Kiedy_mozna_ubiegac_sie_o_stopien_nauczyciela_dyplomowanego\"><\/span><span style=\"font-weight: 400;\">Kiedy mo\u017cna ubiega\u0107 si\u0119 o stopie\u0144 nauczyciela dyplomowanego?<\/span><span class=\"ez-toc-section-end\"><\/span><\/h2>\n<p><span style=\"font-weight: 400;\">Nauczyciel mianowany mo\u017ce przyst\u0105pi\u0107 do post\u0119powania kwalifikacyjnego po przepracowaniu <\/span><b>co najmniej 5 lat i 9 miesi\u0119cy od momentu uzyskania tego stopnia<\/b><span style=\"font-weight: 400;\">. W tym czasie rozwija swoje kompetencje zawodowe oraz realizuje dzia\u0142ania potwierdzaj\u0105ce jego do\u015bwiadczenie i zaanga\u017cowanie w prac\u0119 dydaktyczn\u0105 oraz wychowawcz\u0105.\u00a0<\/span><\/p>\n<p><span style=\"font-weight: 400;\">W drodze do awansu nale\u017cy uzyska\u0107 <\/span><b>co najmniej bardzo dobr\u0105 ocen\u0119 pracy w ostatnim roku<\/b><span style=\"font-weight: 400;\"> oraz pozytywny wynik rozmowy przed komisj\u0105 kwalifikacyjn\u0105, kt\u00f3ra podejmuje ostateczn\u0105 decyzj\u0119.<\/span><\/p>\n<h2><span class=\"ez-toc-section\" id=\"Dlaczego_warto_rozwijac_sie_poprzez_kwalifikacyjne_kursy_pedagogiczne\"><\/span><span style=\"font-weight: 400;\">Dlaczego warto rozwija\u0107 si\u0119 poprzez kwalifikacyjne kursy pedagogiczne?<\/span><span class=\"ez-toc-section-end\"><\/span><\/h2>\n<p><a href=\"https:\/\/epedagog.edu.pl\/\"><span style=\"font-weight: 400;\">Kwalifikacyjne kursy pedagogiczne<\/span><\/a><span style=\"font-weight: 400;\"> dost\u0119pne na epedagog.edu.pl to skuteczny spos\u00f3b na rozw\u00f3j kompetencji w r\u00f3\u017cnych obszarach edukacji. Dzi\u0119ki nim mo\u017cesz <\/span><b>znacznie zwi\u0119kszy\u0107 swoje mo\u017cliwo\u015bci zawodowe<\/b><span style=\"font-weight: 400;\">\u00a0 \u2013 zar\u00f3wno pod k\u0105tem zakresu obowi\u0105zk\u00f3w, jak i perspektyw zatrudnienia czy wynagrodzenia.\u00a0<\/span><\/p>\n<p><span style=\"font-weight: 400;\">Wybierz interesuj\u0105cy Ci\u0119 kurs i <\/span><b>sta\u0144 si\u0119 pedagogiem profesjonalnie przygotowanym do codziennych wyzwa\u0144<\/b><span style=\"font-weight: 400;\">, kt\u00f3ry \u015bwiadomie kszta\u0142tuje swoj\u0105 \u015bcie\u017ck\u0119 w bran\u017cy edukacyjnej.<\/span><\/p>\n<h2><span class=\"ez-toc-section\" id=\"FAQ\"><\/span><span style=\"font-weight: 400;\">FAQ<\/span><span class=\"ez-toc-section-end\"><\/span><\/h2>\n<h3><span class=\"ez-toc-section\" id=\"Jakie_sa_stopnie_rozwoju_nauczycieli\"><\/span><span style=\"font-weight: 400;\">Jakie s\u0105 stopnie rozwoju nauczycieli?<\/span><span class=\"ez-toc-section-end\"><\/span><\/h3>\n<p><span style=\"font-weight: 400;\">Obecnie \u015bcie\u017cka rozwoju zawodowego obejmuje trzy stopnie: nauczyciela pocz\u0105tkuj\u0105cego, mianowanego oraz dyplomowanego. Ka\u017cdy z nich wi\u0105\u017ce si\u0119 z okre\u015blonymi wymaganiami, do\u015bwiadczeniem zawodowym oraz poziomem odpowiedzialno\u015bci w pracy dydaktycznej i wychowawczej.<\/span><\/p>\n<h3><span class=\"ez-toc-section\" id=\"Ile_trwaja_staze_na_poszczegolne_stopnie_awansu_zawodowego_nauczycieli\"><\/span><span style=\"font-weight: 400;\">Ile trwaj\u0105 sta\u017ce na poszczeg\u00f3lne stopnie awansu zawodowego nauczycieli?<\/span><span class=\"ez-toc-section-end\"><\/span><\/h3>\n<p><span style=\"font-weight: 400;\">Przygotowanie do uzyskania stopnia nauczyciela mianowanego trwa 3 lata i 9 miesi\u0119cy, natomiast awans na nauczyciela dyplomowanego wymaga przepracowania co najmniej 5 lat i 9 miesi\u0119cy jako nauczyciel mianowany.<\/span><\/p>\n<h3><span class=\"ez-toc-section\" id=\"Jak_wyglada_procedura_awansu_zawodowego_nauczyciela\"><\/span><span style=\"font-weight: 400;\">Jak wygl\u0105da procedura awansu zawodowego nauczyciela?<\/span><span class=\"ez-toc-section-end\"><\/span><\/h3>\n<p><span style=\"font-weight: 400;\">Procedura awansu obejmuje odbycie odpowiedniego okresu pracy, uzyskanie wymaganej oceny pracy oraz pozytywne przej\u015bcie egzaminu lub rozmowy przed komisj\u0105. Ka\u017cdy etap wymaga tak\u017ce spe\u0142nienia okre\u015blonych warunk\u00f3w formalnych oraz potwierdzenia kompetencji zawodowych nauczyciela.<\/span><\/p>\n<h3><span class=\"ez-toc-section\" id=\"Jak_rozwijac_swoje_kompetencje_pedagogiczne\"><\/span><span style=\"font-weight: 400;\">Jak rozwija\u0107 swoje kompetencje pedagogiczne?<\/span><span class=\"ez-toc-section-end\"><\/span><\/h3>\n<p><span style=\"font-weight: 400;\">Kompetencje pedagogiczne mo\u017cna rozwija\u0107 poprzez udzia\u0142 w specjalistycznych kursach, kt\u00f3re pozwalaj\u0105 zdoby\u0107 praktyczn\u0105 wiedz\u0119 do pracy z uczniami o r\u00f3\u017cnych potrzebach edukacyjnych. W szczeg\u00f3lno\u015bci warto wybiera\u0107 kursy z zakresu diagnozy, terapii pedagogicznej oraz wsparcia rozwoju dziecka, kt\u00f3re znajdziesz na epedagog.edu.pl.<\/span><\/p>\n","protected":false},"excerpt":{"rendered":"<p>Jak aktualnie wygl\u0105da system awansu pracownik\u00f3w o\u015bwiaty? Po zmianach przepis\u00f3w \u015bcie\u017cka kariery obejmuje stanowisko nauczyciela pocz\u0105tkuj\u0105cego, mianowanego i dyplomowanego. Sprawd\u017a, jakie wymagania trzeba spe\u0142ni\u0107, by pi\u0105\u0107 si\u0119 po szczeblach zawodowego rozwoju. Co zmieni\u0142o si\u0119 w Karcie Nauczyciela w kontek\u015bcie awansu? G\u0142\u00f3wnym celem nowelizacji z dnia 5 sierpnia 2022 roku by\u0142o uproszczenie \u015bcie\u017cki awansu zawodowego przez [&hellip;]<\/p>\n","protected":false},"author":19,"featured_media":2271,"comment_status":"closed","ping_status":"closed","sticky":false,"template":"","format":"standard","meta":{"_lmt_disableupdate":"no","_lmt_disable":"no","footnotes":""},"categories":[1270],"tags":[],"class_list":["post-1962","post","type-post","status-publish","format-standard","has-post-thumbnail","hentry","category-pedagogika"],"modified_by":"Ernest","_links":{"self":[{"href":"https:\/\/epedagog.edu.pl\/aktualnosci\/wp-json\/wp\/v2\/posts\/1962","targetHints":{"allow":["GET"]}}],"collection":[{"href":"https:\/\/epedagog.edu.pl\/aktualnosci\/wp-json\/wp\/v2\/posts"}],"about":[{"href":"https:\/\/epedagog.edu.pl\/aktualnosci\/wp-json\/wp\/v2\/types\/post"}],"author":[{"embeddable":true,"href":"https:\/\/epedagog.edu.pl\/aktualnosci\/wp-json\/wp\/v2\/users\/19"}],"replies":[{"embeddable":true,"href":"https:\/\/epedagog.edu.pl\/aktualnosci\/wp-json\/wp\/v2\/comments?post=1962"}],"version-history":[{"count":7,"href":"https:\/\/epedagog.edu.pl\/aktualnosci\/wp-json\/wp\/v2\/posts\/1962\/revisions"}],"predecessor-version":[{"id":2270,"href":"https:\/\/epedagog.edu.pl\/aktualnosci\/wp-json\/wp\/v2\/posts\/1962\/revisions\/2270"}],"wp:featuredmedia":[{"embeddable":true,"href":"https:\/\/epedagog.edu.pl\/aktualnosci\/wp-json\/wp\/v2\/media\/2271"}],"wp:attachment":[{"href":"https:\/\/epedagog.edu.pl\/aktualnosci\/wp-json\/wp\/v2\/media?parent=1962"}],"wp:term":[{"taxonomy":"category","embeddable":true,"href":"https:\/\/epedagog.edu.pl\/aktualnosci\/wp-json\/wp\/v2\/categories?post=1962"},{"taxonomy":"post_tag","embeddable":true,"href":"https:\/\/epedagog.edu.pl\/aktualnosci\/wp-json\/wp\/v2\/tags?post=1962"}],"curies":[{"name":"wp","href":"https:\/\/api.w.org\/{rel}","templated":true}]}}