{"id":1799,"date":"2025-04-14T10:28:15","date_gmt":"2025-04-14T08:28:15","guid":{"rendered":"https:\/\/epedagog.edu.pl\/aktualnosci\/?p=1799"},"modified":"2025-04-14T11:14:43","modified_gmt":"2025-04-14T09:14:43","slug":"dydaktyka-specjalna-czym-rozni-sie-od-dydaktyki-ogolnej","status":"publish","type":"post","link":"https:\/\/epedagog.edu.pl\/aktualnosci\/dydaktyka-specjalna-czym-rozni-sie-od-dydaktyki-ogolnej\/","title":{"rendered":"Dydaktyka specjalna. Czym r\u00f3\u017cni si\u0119 od dydaktyki og\u00f3lnej?"},"content":{"rendered":"<p><span style=\"font-weight: 400;\">Wyobra\u017a sobie klas\u0119, w kt\u00f3rej ka\u017cde dziecko potrzebuje nie tylko uwagi, ale te\u017c innego j\u0119zyka nauczania. Jedno uczy si\u0119 w biegu, drugie w ciszy, a trzecie dopiero wtedy, gdy poczuje si\u0119 bezpiecznie. W\u0142a\u015bnie w takich warunkach ko\u0144czy si\u0119 rola klasycznej dydaktyki og\u00f3lnej, a zaczyna co\u015b wi\u0119cej \u2013 <\/span><b>dydaktyka specjalna<\/b><span style=\"font-weight: 400;\">, stworzona z my\u015bl\u0105 o indywidualnych potrzebach ucznia. W tym artykule wyja\u015bnimy, czym dok\u0142adnie r\u00f3\u017cni si\u0119 od dydaktyki og\u00f3lnej i dlaczego ka\u017cdy pedagog powinien zna\u0107 granice i mo\u017cliwo\u015bci obu podej\u015b\u0107.<\/span><\/p>\n<div id=\"ez-toc-container\" class=\"ez-toc-v2_0_76 counter-hierarchy ez-toc-counter ez-toc-custom ez-toc-container-direction\">\n<div class=\"ez-toc-title-container\">\n<p class=\"ez-toc-title\" style=\"cursor:inherit\">Spis tre\u015bci<\/p>\n<span class=\"ez-toc-title-toggle\"><a href=\"#\" class=\"ez-toc-pull-right ez-toc-btn ez-toc-btn-xs ez-toc-btn-default ez-toc-toggle\" aria-label=\"Prze\u0142\u0105cznik Spisu Tre\u015bci\"><span class=\"ez-toc-js-icon-con\"><span class=\"\"><span class=\"eztoc-hide\" style=\"display:none;\">Toggle<\/span><span class=\"ez-toc-icon-toggle-span\"><svg style=\"fill: #999;color:#999\" xmlns=\"http:\/\/www.w3.org\/2000\/svg\" class=\"list-377408\" width=\"20px\" height=\"20px\" viewBox=\"0 0 24 24\" fill=\"none\"><path d=\"M6 6H4v2h2V6zm14 0H8v2h12V6zM4 11h2v2H4v-2zm16 0H8v2h12v-2zM4 16h2v2H4v-2zm16 0H8v2h12v-2z\" fill=\"currentColor\"><\/path><\/svg><svg style=\"fill: #999;color:#999\" class=\"arrow-unsorted-368013\" xmlns=\"http:\/\/www.w3.org\/2000\/svg\" width=\"10px\" height=\"10px\" viewBox=\"0 0 24 24\" version=\"1.2\" baseProfile=\"tiny\"><path d=\"M18.2 9.3l-6.2-6.3-6.2 6.3c-.2.2-.3.4-.3.7s.1.5.3.7c.2.2.4.3.7.3h11c.3 0 .5-.1.7-.3.2-.2.3-.5.3-.7s-.1-.5-.3-.7zM5.8 14.7l6.2 6.3 6.2-6.3c.2-.2.3-.5.3-.7s-.1-.5-.3-.7c-.2-.2-.4-.3-.7-.3h-11c-.3 0-.5.1-.7.3-.2.2-.3.5-.3.7s.1.5.3.7z\"\/><\/svg><\/span><\/span><\/span><\/a><\/span><\/div>\n<nav><ul class='ez-toc-list ez-toc-list-level-1 ' ><li class='ez-toc-page-1 ez-toc-heading-level-2'><a class=\"ez-toc-link ez-toc-heading-1\" href=\"https:\/\/epedagog.edu.pl\/aktualnosci\/dydaktyka-specjalna-czym-rozni-sie-od-dydaktyki-ogolnej\/#Uniwersalne_podejscie_do_nauczania_%E2%80%93_dydaktyka_ogolna\" >Uniwersalne podej\u015bcie do nauczania \u2013 dydaktyka og\u00f3lna<\/a><\/li><li class='ez-toc-page-1 ez-toc-heading-level-2'><a class=\"ez-toc-link ez-toc-heading-2\" href=\"https:\/\/epedagog.edu.pl\/aktualnosci\/dydaktyka-specjalna-czym-rozni-sie-od-dydaktyki-ogolnej\/#Kiedy_jedna_droga_nie_wystarcza_%E2%80%93_dydaktyka_specjalna\" >Kiedy jedna droga nie wystarcza \u2013 dydaktyka specjalna<\/a><\/li><li class='ez-toc-page-1 ez-toc-heading-level-2'><a class=\"ez-toc-link ez-toc-heading-3\" href=\"https:\/\/epedagog.edu.pl\/aktualnosci\/dydaktyka-specjalna-czym-rozni-sie-od-dydaktyki-ogolnej\/#Glowne_roznice_miedzy_dydaktyka_specjalna_a_ogolna\" >G\u0142\u00f3wne r\u00f3\u017cnice mi\u0119dzy dydaktyk\u0105 specjaln\u0105 a og\u00f3ln\u0105<\/a><\/li><li class='ez-toc-page-1 ez-toc-heading-level-2'><a class=\"ez-toc-link ez-toc-heading-4\" href=\"https:\/\/epedagog.edu.pl\/aktualnosci\/dydaktyka-specjalna-czym-rozni-sie-od-dydaktyki-ogolnej\/#Znaczenie_dydaktyki_specjalnej_w_nowoczesnym_systemie_edukacji\" >Znaczenie dydaktyki specjalnej w nowoczesnym systemie edukacji<\/a><\/li><li class='ez-toc-page-1 ez-toc-heading-level-2'><a class=\"ez-toc-link ez-toc-heading-5\" href=\"https:\/\/epedagog.edu.pl\/aktualnosci\/dydaktyka-specjalna-czym-rozni-sie-od-dydaktyki-ogolnej\/#Wczesne_wspomaganie_rozwoju_%E2%80%93_kurs_dla_specjalistow_edukacji_specjalnej\" >Wczesne wspomaganie rozwoju \u2013 kurs dla specjalist\u00f3w edukacji specjalnej<\/a><\/li><\/ul><\/nav><\/div>\n<h2><span class=\"ez-toc-section\" id=\"Uniwersalne_podejscie_do_nauczania_%E2%80%93_dydaktyka_ogolna\"><\/span><span style=\"font-weight: 400;\">Uniwersalne podej\u015bcie do nauczania \u2013 dydaktyka og\u00f3lna<\/span><span class=\"ez-toc-section-end\"><\/span><\/h2>\n<p><span style=\"font-weight: 400;\">Dydaktyka og\u00f3lna to fundament nauczania. To zbi\u00f3r zasad, kt\u00f3re maj\u0105 zastosowanie w wi\u0119kszo\u015bci sytuacji edukacyjnych, niezale\u017cnie od przedmiotu, wieku uczni\u00f3w czy miejsca nauki. Jej celem jest opracowanie uniwersalnych regu\u0142 planowania, realizacji i oceniania procesu dydaktycznego. Zak\u0142ada, \u017ce uczniowie posiadaj\u0105 zbli\u017cony potencja\u0142 do uczenia si\u0119, a nauczanie mo\u017cna prowadzi\u0107 wed\u0142ug wsp\u00f3lnego schematu.<\/span><\/p>\n<p><b>Przyk\u0142ady zastosowania dydaktyki og\u00f3lnej:<\/b><\/p>\n<ul>\n<li style=\"font-weight: 400;\" aria-level=\"1\"><span style=\"font-weight: 400;\">organizowanie zaj\u0119\u0107 na podstawie okre\u015blonego programu nauczania i podr\u0119cznik\u00f3w;<\/span><\/li>\n<li style=\"font-weight: 400;\" aria-level=\"1\"><span style=\"font-weight: 400;\">prowadzenie lekcji wed\u0142ug wyznaczonego planu dydaktycznego;<\/span><\/li>\n<li style=\"font-weight: 400;\" aria-level=\"1\"><span style=\"font-weight: 400;\">ocenianie wiedzy uczni\u00f3w w jednakowy spos\u00f3b (np. kartk\u00f3wki, sprawdziany);<\/span><\/li>\n<li style=\"font-weight: 400;\" aria-level=\"1\"><span style=\"font-weight: 400;\">stosowanie jednolitych metod nauczania, takich jak wyk\u0142ad, pogadanka czy praca z tekstem.<\/span><\/li>\n<\/ul>\n<div\n\t\tclass=\"free align wp-block-btn-button\"\tid='btnButton-1'\n\tdata-nonce='&quot;19a85e522d&quot;'\n\tdata-attributes='{&quot;cPostId&quot;:1803,&quot;text&quot;:&quot;ZAPISZ SI\\u0118 NA KURS I ZDOB\\u0104D\\u0179 KWALIFIKACJE Z ZAKRESU WCZESNEGO WSPOMAGANIA ROZWOJU&quot;,&quot;url&quot;:&quot;https:\\\/\\\/epedagog.edu.pl\\\/oferta\\\/kursy\\\/kurs-kwalifikacyjny-z-zakresu-wczesnego-wspomagania-rozwoju-i-edukacji-uczniow-autystycznych&quot;,&quot;icon&quot;:{&quot;class&quot;:&quot;fa-solid fa-graduation-cap&quot;},&quot;animationType&quot;:&quot;zoom-in&quot;,&quot;colors&quot;:{&quot;color&quot;:&quot;#fff&quot;,&quot;bg&quot;:&quot;#4527a4&quot;,&quot;bgType&quot;:&quot;gradient&quot;,&quot;gradient&quot;:&quot;linear-gradient(135deg,rgb(239,145,64) 0%,rgb(255,101,20) 100%)&quot;},&quot;hovColors&quot;:{&quot;color&quot;:&quot;#fff&quot;,&quot;bg&quot;:&quot;#8344c5&quot;,&quot;bgType&quot;:&quot;gradient&quot;,&quot;gradient&quot;:&quot;linear-gradient(135deg,rgb(170,174,216) 0%,rgb(20,4,95) 100%)&quot;},&quot;border&quot;:{&quot;radius&quot;:&quot;50px&quot;},&quot;align&quot;:&quot;&quot;,&quot;actionType&quot;:&quot;link&quot;,&quot;security&quot;:&quot;none&quot;,&quot;securityPassword&quot;:&quot;&quot;,&quot;tooltip&quot;:&quot;&quot;,&quot;tooltipPos&quot;:&quot;top&quot;,&quot;target&quot;:&quot;_self&quot;,&quot;attrs&quot;:{&quot;rel&quot;:&quot;noreferrer&quot;,&quot;referrerpolicy&quot;:&quot;no-referrer&quot;},&quot;hideOn&quot;:{&quot;desktop&quot;:false,&quot;tablet&quot;:false,&quot;mobile&quot;:false},&quot;isDownload&quot;:false,&quot;downloadFileName&quot;:&quot;&quot;,&quot;isUpIcon&quot;:false,&quot;upIcon&quot;:{&quot;id&quot;:null,&quot;url&quot;:&quot;&quot;,&quot;alt&quot;:&quot;&quot;,&quot;title&quot;:&quot;&quot;},&quot;iconPos&quot;:&quot;left&quot;,&quot;type&quot;:&quot;flat&quot;,&quot;isFullWidth&quot;:false,&quot;size&quot;:&quot;medium&quot;,&quot;popup&quot;:{&quot;type&quot;:&quot;image&quot;,&quot;content&quot;:&quot;&quot;,&quot;caption&quot;:&quot;&quot;,&quot;width&quot;:&quot;&quot;},&quot;animationDuration&quot;:0.4,&quot;addID&quot;:&quot;&quot;,&quot;addCSS&quot;:&quot;&quot;,&quot;alignment&quot;:&quot;center&quot;,&quot;typography&quot;:{&quot;fontSize&quot;:{&quot;desktop&quot;:&quot;16px&quot;},&quot;fontWeight&quot;:600,&quot;textDecoration&quot;:&quot;none&quot;},&quot;padding&quot;:{&quot;vertical&quot;:&quot;12px&quot;,&quot;horizontal&quot;:&quot;24px&quot;},&quot;shadow&quot;:[]}'\n\tdata-info='{&quot;userRoles&quot;:[],&quot;loginURL&quot;:&quot;https:\\\/\\\/epedagog.edu.pl\\\/aktualnosci\\\/wp-login.php&quot;}'\n><\/div>\n<h2><span class=\"ez-toc-section\" id=\"Kiedy_jedna_droga_nie_wystarcza_%E2%80%93_dydaktyka_specjalna\"><\/span><span style=\"font-weight: 400;\">Kiedy jedna droga nie wystarcza \u2013 dydaktyka specjalna<\/span><span class=\"ez-toc-section-end\"><\/span><\/h2>\n<p><span style=\"font-weight: 400;\">Dydaktyka specjalna rozwija klasyczne podej\u015bcie do nauczania, skupiaj\u0105c si\u0119 na potrzebach uczni\u00f3w, kt\u00f3rzy z r\u00f3\u017cnych powod\u00f3w wymagaj\u0105 <\/span><b>indywidualnego wsparcia edukacyjnego<\/b><span style=\"font-weight: 400;\">. Dotyczy dzieci i m\u0142odzie\u017cy z niepe\u0142nosprawno\u015bciami, zaburzeniami rozwoju, trudno\u015bciami adaptacyjnymi czy problemami emocjonalnymi. W tym modelu nauczyciel nie opiera si\u0119 na uniwersalnych schematach, lecz <\/span><b>dostosowuje metody, formy i \u015brodki dydaktyczne do konkretnych mo\u017cliwo\u015bci ucznia<\/b><span style=\"font-weight: 400;\">.<\/span><\/p>\n<p><b>Przyk\u0142ady dostosowa\u0144 w dydaktyce specjalnej:<\/b><\/p>\n<ul>\n<li style=\"font-weight: 400;\" aria-level=\"1\"><span style=\"font-weight: 400;\">prowadzenie zaj\u0119\u0107 w mniejszych grupach lub indywidualnie;<\/span><\/li>\n<li style=\"font-weight: 400;\" aria-level=\"1\"><span style=\"font-weight: 400;\">stosowanie materia\u0142\u00f3w edukacyjnych w wersji \u0142atwej do czytania;<\/span><\/li>\n<li style=\"font-weight: 400;\" aria-level=\"1\"><span style=\"font-weight: 400;\">wykorzystywanie metod multisensorycznych (np. elementy ruchu, d\u017awi\u0119ku, dotyku);<\/span><\/li>\n<li style=\"font-weight: 400;\" aria-level=\"1\"><span style=\"font-weight: 400;\">skracanie czasu trwania zadania lub modyfikowanie jego tre\u015bci;<\/span><\/li>\n<li style=\"font-weight: 400;\" aria-level=\"1\"><span style=\"font-weight: 400;\">ocenianie post\u0119p\u00f3w ucznia z uwzgl\u0119dnieniem jego indywidualnych mo\u017cliwo\u015bci.<\/span><\/li>\n<\/ul>\n<h2><span class=\"ez-toc-section\" id=\"Glowne_roznice_miedzy_dydaktyka_specjalna_a_ogolna\"><\/span><span style=\"font-weight: 400;\">G\u0142\u00f3wne r\u00f3\u017cnice mi\u0119dzy dydaktyk\u0105 specjaln\u0105 a og\u00f3ln\u0105<\/span><span class=\"ez-toc-section-end\"><\/span><\/h2>\n<p><span style=\"font-weight: 400;\">Cho\u0107 zar\u00f3wno dydaktyka og\u00f3lna, jak i specjalna maj\u0105 ten sam cel, czyli wspieranie procesu uczenia si\u0119, r\u00f3\u017cni\u0105 si\u0119 od siebie w wielu aspektach. Dla lepszego zobrazowania tych r\u00f3\u017cnic przygotowali\u015bmy czytelne zestawienie, kt\u00f3re pokazuje, na czym polegaj\u0105 kluczowe odmienno\u015bci mi\u0119dzy tymi dwiema ga\u0142\u0119ziami dydaktyki.<\/span><\/p>\n<table>\n<thead>\n<tr>\n<th style=\"text-align: center;\"><b>Obszar<\/b><\/th>\n<th style=\"text-align: center;\"><b>Dydaktyka og\u00f3lna<\/b><\/th>\n<th style=\"text-align: center;\"><b>Dydaktyka specjalna<\/b><\/th>\n<\/tr>\n<\/thead>\n<tbody>\n<tr>\n<td><b>Grupa odbiorc\u00f3w<\/b><\/td>\n<td><span style=\"font-weight: 400;\">Uczniowie rozwijaj\u0105cy si\u0119 typowo, bez szczeg\u00f3lnych potrzeb edukacyjnych<\/span><\/td>\n<td><span style=\"font-weight: 400;\">Osoby z niepe\u0142nosprawno\u015bciami, zaburzeniami rozwojowymi lub trudno\u015bciami w uczeniu si\u0119<\/span><\/td>\n<\/tr>\n<tr>\n<td><b>Cele edukacyjne<\/b><\/td>\n<td><span style=\"font-weight: 400;\">Realizacja podstawy programowej, przekazywanie wiedzy og\u00f3lnej<\/span><\/td>\n<td><span style=\"font-weight: 400;\">Wspieranie rozwoju poznawczego, spo\u0142ecznego i emocjonalnego przy uwzgl\u0119dnieniu indywidualnych potrzeb<\/span><\/td>\n<\/tr>\n<tr>\n<td><b>Metody nauczania<\/b><\/td>\n<td><span style=\"font-weight: 400;\">Standardowe metody dydaktyczne (wyk\u0142ad, praca z podr\u0119cznikiem, praca grupowa)<\/span><\/td>\n<td><span style=\"font-weight: 400;\">Zindywidualizowane podej\u015bcia, metody alternatywne, praca oparta na mocnych stronach ucznia<\/span><\/td>\n<\/tr>\n<tr>\n<td><b>Elastyczno\u015b\u0107 podej\u015bcia<\/b><\/td>\n<td><span style=\"font-weight: 400;\">Ograniczona \u2013 jednolity system nauczania dla wi\u0119kszo\u015bci uczni\u00f3w<\/span><\/td>\n<td><span style=\"font-weight: 400;\">Wysoka \u2013 nauczanie dostosowane do poziomu funkcjonowania i potrzeb konkretnego ucznia<\/span><\/td>\n<\/tr>\n<tr>\n<td style=\"text-align: center;\"><b>Organizacja zaj\u0119\u0107<\/b><\/td>\n<td style=\"text-align: center;\"><span style=\"font-weight: 400;\">Klasy o sta\u0142ej strukturze, wsp\u00f3lny program nauczania<\/span><\/td>\n<td style=\"text-align: center;\"><span style=\"font-weight: 400;\">Indywidualne programy edukacyjno-terapeutyczne, zaj\u0119cia specjalistyczne, wsp\u00f3\u0142praca interdyscyplinarna<\/span><\/td>\n<\/tr>\n<\/tbody>\n<\/table>\n<p>&nbsp;<\/p>\n<h2><span class=\"ez-toc-section\" id=\"Znaczenie_dydaktyki_specjalnej_w_nowoczesnym_systemie_edukacji\"><\/span><span style=\"font-weight: 400;\">Znaczenie dydaktyki specjalnej w nowoczesnym systemie edukacji<\/span><span class=\"ez-toc-section-end\"><\/span><\/h2>\n<p><span style=\"font-weight: 400;\">Wsp\u00f3\u0142czesna szko\u0142a coraz cz\u0119\u015bciej staje si\u0119 miejscem nauki dla dzieci o bardzo zr\u00f3\u017cnicowanych potrzebach edukacyjnych \u2013 ro\u015bnie liczba uczni\u00f3w posiadaj\u0105cych orzeczenia o specjalnych potrzebach oraz tych wymagaj\u0105cych indywidualnego podej\u015bcia. To sprawia, \u017ce <\/span><b>rola nauczycieli wspomagaj\u0105cych i terapeut\u00f3w staje si\u0119 kluczowa w codziennej pracy dydaktycznej<\/b><span style=\"font-weight: 400;\">. Dydaktyka specjalna przestaje by\u0107 dodatkiem \u2013 staje si\u0119 fundamentem, kt\u00f3ry uzupe\u0142nia tradycyjne podej\u015bcie do nauczania i pozwala tworzy\u0107 system edukacji w pe\u0142ni w\u0142\u0105czaj\u0105cy i skuteczny.<\/span><\/p>\n<p><img loading=\"lazy\" decoding=\"async\" class=\"alignnone wp-image-1602\" src=\"https:\/\/epedagog.edu.pl\/aktualnosci\/wp-content\/uploads\/2024\/12\/pedagog-kwalifikacje-300x195.jpg\" alt=\"pedagogika specjalna\" width=\"682\" height=\"443\" srcset=\"https:\/\/epedagog.edu.pl\/aktualnosci\/wp-content\/uploads\/2024\/12\/pedagog-kwalifikacje-300x195.jpg 300w, https:\/\/epedagog.edu.pl\/aktualnosci\/wp-content\/uploads\/2024\/12\/pedagog-kwalifikacje-696x452.jpg 696w, https:\/\/epedagog.edu.pl\/aktualnosci\/wp-content\/uploads\/2024\/12\/pedagog-kwalifikacje-647x420.jpg 647w, https:\/\/epedagog.edu.pl\/aktualnosci\/wp-content\/uploads\/2024\/12\/pedagog-kwalifikacje.jpg 724w\" sizes=\"auto, (max-width: 682px) 100vw, 682px\" \/><\/p>\n<h2><span class=\"ez-toc-section\" id=\"Wczesne_wspomaganie_rozwoju_%E2%80%93_kurs_dla_specjalistow_edukacji_specjalnej\"><\/span><span style=\"font-weight: 400;\">Wczesne wspomaganie rozwoju \u2013 kurs dla specjalist\u00f3w edukacji specjalnej<\/span><span class=\"ez-toc-section-end\"><\/span><\/h2>\n<p><span style=\"font-weight: 400;\">Wychodz\u0105c naprzeciw nieustannie zmieniaj\u0105cym si\u0119 potrzebom edukacyjnym, przygotowali\u015bmy <\/span><a href=\"https:\/\/epedagog.edu.pl\/oferta\/kursy\/kurs-kwalifikacyjny-z-zakresu-wczesnego-wspomagania-rozwoju-i-edukacji-uczniow-autystycznych\"><b>Kurs Kwalifikacyjny z zakresu wczesnego wspomagania rozwoju i edukacji uczni\u00f3w autystycznych<\/b><\/a><span style=\"font-weight: 400;\">. Jego program zosta\u0142 opracowany z my\u015bl\u0105 o osobach, kt\u00f3re chc\u0105 zdoby\u0107 praktyczn\u0105 i specjalistyczn\u0105 wiedz\u0119 na temat funkcjonowania dzieci i m\u0142odzie\u017cy ze spektrum autyzmu oraz skutecznych metod wspierania ich rozwoju.<\/span><\/p>\n<p><span style=\"font-weight: 400;\">W trakcie kursu uczestnicy poznaj\u0105 potrzeby edukacyjne os\u00f3b autystycznych, ucz\u0105 si\u0119 wsp\u00f3\u0142pracy z ich rodzinami i zespo\u0142em specjalist\u00f3w zajmuj\u0105cych si\u0119 diagnoz\u0105, terapi\u0105 i wsparciem. Absolwenci zdobywaj\u0105 <\/span><b>kwalifikacje zgodne z rozporz\u0105dzeniem MEiN<\/b><span style=\"font-weight: 400;\">, a pozytywny wynik egzaminu umo\u017cliwia otrzymanie dokumentacji, kt\u00f3ra potwierdza posiadanie uzyskanych kompetencji.<\/span><\/p>\n<p><span style=\"font-weight: 400;\"><a href=\"https:\/\/epedagog.edu.pl\/oferta\/kursy\/kurs-kwalifikacyjny-z-zakresu-wczesnego-wspomagania-rozwoju-i-edukacji-uczniow-autystycznych\"><img loading=\"lazy\" decoding=\"async\" class=\"alignnone wp-image-613\" src=\"https:\/\/epedagog.edu.pl\/aktualnosci\/wp-content\/uploads\/2022\/03\/baner_linkuj\u0105cy-300x65.png\" alt=\"pedagogika specjalna a pedagogika og\u00f3lna\" width=\"669\" height=\"145\" srcset=\"https:\/\/epedagog.edu.pl\/aktualnosci\/wp-content\/uploads\/2022\/03\/baner_linkuj\u0105cy-300x65.png 300w, https:\/\/epedagog.edu.pl\/aktualnosci\/wp-content\/uploads\/2022\/03\/baner_linkuj\u0105cy.png 694w\" sizes=\"auto, (max-width: 669px) 100vw, 669px\" \/><\/a><\/span><\/p>\n<p><span style=\"font-weight: 400;\">Dydaktyka specjalna odgrywa dzi\u015b kluczow\u0105 rol\u0119 w budowaniu bardziej otwartego i dostosowanego do potrzeb ka\u017cdego ucznia systemu edukacji. Wspiera nauczycieli i specjalist\u00f3w w codziennej pracy z dzie\u0107mi wymagaj\u0105cymi indywidualnego podej\u015bcia, a jej rozw\u00f3j to odpowied\u017a na realne wyzwania nowoczesnej szko\u0142y. Je\u015bli chcesz \u015bwiadomie uczestniczy\u0107 w tym procesie i zdoby\u0107 konkretne kwalifikacje,<\/span><b> wybierz kurs dopasowany do aktualnych potrzeb edukacyjnych<\/b><span style=\"font-weight: 400;\"> \u2013 bo realna zmiana zaczyna si\u0119 od dobrze przygotowanego pedagoga.<\/span><\/p>\n<p>Ciekawi\u0105 Ci\u0119 inne ga\u0142\u0119zie nauczania? Sprawd\u017a, czym jest <a href=\"https:\/\/epedagog.edu.pl\/aktualnosci\/neurodydaktyka-co-to-jest-i-czy-warto-wybrac-ten-kurs\/\">neurodydaktyka<\/a>!<\/p>\n","protected":false},"excerpt":{"rendered":"<p>Wyobra\u017a sobie klas\u0119, w kt\u00f3rej ka\u017cde dziecko potrzebuje nie tylko uwagi, ale te\u017c innego j\u0119zyka nauczania. Jedno uczy si\u0119 w biegu, drugie w ciszy, a trzecie dopiero wtedy, gdy poczuje si\u0119 bezpiecznie. W\u0142a\u015bnie w takich warunkach ko\u0144czy si\u0119 rola klasycznej dydaktyki og\u00f3lnej, a zaczyna co\u015b wi\u0119cej \u2013 dydaktyka specjalna, stworzona z my\u015bl\u0105 o indywidualnych potrzebach [&hellip;]<\/p>\n","protected":false},"author":19,"featured_media":1802,"comment_status":"closed","ping_status":"closed","sticky":false,"template":"","format":"standard","meta":{"_lmt_disableupdate":"no","_lmt_disable":"no","footnotes":""},"categories":[1270],"tags":[],"class_list":["post-1799","post","type-post","status-publish","format-standard","has-post-thumbnail","hentry","category-pedagogika"],"modified_by":"Ernest","_links":{"self":[{"href":"https:\/\/epedagog.edu.pl\/aktualnosci\/wp-json\/wp\/v2\/posts\/1799","targetHints":{"allow":["GET"]}}],"collection":[{"href":"https:\/\/epedagog.edu.pl\/aktualnosci\/wp-json\/wp\/v2\/posts"}],"about":[{"href":"https:\/\/epedagog.edu.pl\/aktualnosci\/wp-json\/wp\/v2\/types\/post"}],"author":[{"embeddable":true,"href":"https:\/\/epedagog.edu.pl\/aktualnosci\/wp-json\/wp\/v2\/users\/19"}],"replies":[{"embeddable":true,"href":"https:\/\/epedagog.edu.pl\/aktualnosci\/wp-json\/wp\/v2\/comments?post=1799"}],"version-history":[{"count":7,"href":"https:\/\/epedagog.edu.pl\/aktualnosci\/wp-json\/wp\/v2\/posts\/1799\/revisions"}],"predecessor-version":[{"id":1810,"href":"https:\/\/epedagog.edu.pl\/aktualnosci\/wp-json\/wp\/v2\/posts\/1799\/revisions\/1810"}],"wp:featuredmedia":[{"embeddable":true,"href":"https:\/\/epedagog.edu.pl\/aktualnosci\/wp-json\/wp\/v2\/media\/1802"}],"wp:attachment":[{"href":"https:\/\/epedagog.edu.pl\/aktualnosci\/wp-json\/wp\/v2\/media?parent=1799"}],"wp:term":[{"taxonomy":"category","embeddable":true,"href":"https:\/\/epedagog.edu.pl\/aktualnosci\/wp-json\/wp\/v2\/categories?post=1799"},{"taxonomy":"post_tag","embeddable":true,"href":"https:\/\/epedagog.edu.pl\/aktualnosci\/wp-json\/wp\/v2\/tags?post=1799"}],"curies":[{"name":"wp","href":"https:\/\/api.w.org\/{rel}","templated":true}]}}