{"id":1723,"date":"2025-02-20T14:00:25","date_gmt":"2025-02-20T13:00:25","guid":{"rendered":"https:\/\/epedagog.edu.pl\/aktualnosci\/?p=1723"},"modified":"2025-02-20T14:00:25","modified_gmt":"2025-02-20T13:00:25","slug":"czy-niepelnosprawnosc-intelektualna-jest-choroba-fakty-i-mity-wokol-oligofrenopedagogiki","status":"publish","type":"post","link":"https:\/\/epedagog.edu.pl\/aktualnosci\/czy-niepelnosprawnosc-intelektualna-jest-choroba-fakty-i-mity-wokol-oligofrenopedagogiki\/","title":{"rendered":"Czy niepe\u0142nosprawno\u015b\u0107 intelektualna jest chorob\u0105? Fakty i mity wok\u00f3\u0142 oligofrenopedagogiki"},"content":{"rendered":"<p><span style=\"font-weight: 400;\">Czy autyzm to niepe\u0142nosprawno\u015b\u0107 intelektualna? <strong>Czy niepe\u0142nosprawno\u015b\u0107 intelektualna jest chorob\u0105<\/strong>? To tylko niekt\u00f3re pytania nurtuj\u0105ce osoby, kt\u00f3re zaczynaj\u0105 interesowa\u0107 si\u0119 oligofrenopedagogik\u0105. Cho\u0107 jest to dziedzina, kt\u00f3ra nieustannie si\u0119 rozwija, wok\u00f3\u0142 niej funkcjonuje wci\u0105\u017c wiele mit\u00f3w. W tym artykule rozja\u015bniamy kwestie, kt\u00f3re maj\u0105 ogromne znacznie w pracy z uczniami borykaj\u0105cymi si\u0119 z r\u00f3\u017cnymi deficytami.<\/span><\/p>\n<div id=\"ez-toc-container\" class=\"ez-toc-v2_0_76 counter-hierarchy ez-toc-counter ez-toc-custom ez-toc-container-direction\">\n<div class=\"ez-toc-title-container\">\n<p class=\"ez-toc-title\" style=\"cursor:inherit\">Spis tre\u015bci<\/p>\n<span class=\"ez-toc-title-toggle\"><a href=\"#\" class=\"ez-toc-pull-right ez-toc-btn ez-toc-btn-xs ez-toc-btn-default ez-toc-toggle\" aria-label=\"Prze\u0142\u0105cznik Spisu Tre\u015bci\"><span class=\"ez-toc-js-icon-con\"><span class=\"\"><span class=\"eztoc-hide\" style=\"display:none;\">Toggle<\/span><span class=\"ez-toc-icon-toggle-span\"><svg style=\"fill: #999;color:#999\" xmlns=\"http:\/\/www.w3.org\/2000\/svg\" class=\"list-377408\" width=\"20px\" height=\"20px\" viewBox=\"0 0 24 24\" fill=\"none\"><path d=\"M6 6H4v2h2V6zm14 0H8v2h12V6zM4 11h2v2H4v-2zm16 0H8v2h12v-2zM4 16h2v2H4v-2zm16 0H8v2h12v-2z\" fill=\"currentColor\"><\/path><\/svg><svg style=\"fill: #999;color:#999\" class=\"arrow-unsorted-368013\" xmlns=\"http:\/\/www.w3.org\/2000\/svg\" width=\"10px\" height=\"10px\" viewBox=\"0 0 24 24\" version=\"1.2\" baseProfile=\"tiny\"><path d=\"M18.2 9.3l-6.2-6.3-6.2 6.3c-.2.2-.3.4-.3.7s.1.5.3.7c.2.2.4.3.7.3h11c.3 0 .5-.1.7-.3.2-.2.3-.5.3-.7s-.1-.5-.3-.7zM5.8 14.7l6.2 6.3 6.2-6.3c.2-.2.3-.5.3-.7s-.1-.5-.3-.7c-.2-.2-.4-.3-.7-.3h-11c-.3 0-.5.1-.7.3-.2.2-.3.5-.3.7s.1.5.3.7z\"\/><\/svg><\/span><\/span><\/span><\/a><\/span><\/div>\n<nav><ul class='ez-toc-list ez-toc-list-level-1 ' ><li class='ez-toc-page-1 ez-toc-heading-level-2'><a class=\"ez-toc-link ez-toc-heading-1\" href=\"https:\/\/epedagog.edu.pl\/aktualnosci\/czy-niepelnosprawnosc-intelektualna-jest-choroba-fakty-i-mity-wokol-oligofrenopedagogiki\/#Czy_niepelnosprawnosc_intelektualna_jest_choroba_Podstawowe_informacje\" >Czy niepe\u0142nosprawno\u015b\u0107 intelektualna jest chorob\u0105? Podstawowe informacje<\/a><\/li><li class='ez-toc-page-1 ez-toc-heading-level-2'><a class=\"ez-toc-link ez-toc-heading-2\" href=\"https:\/\/epedagog.edu.pl\/aktualnosci\/czy-niepelnosprawnosc-intelektualna-jest-choroba-fakty-i-mity-wokol-oligofrenopedagogiki\/#MIT_1_Niepelnosprawnosc_intelektualna_i_autyzm_to_terminy_oznaczajace_to_samo\" >MIT 1: Niepe\u0142nosprawno\u015b\u0107 intelektualna i autyzm to terminy oznaczaj\u0105ce to samo<\/a><\/li><li class='ez-toc-page-1 ez-toc-heading-level-2'><a class=\"ez-toc-link ez-toc-heading-3\" href=\"https:\/\/epedagog.edu.pl\/aktualnosci\/czy-niepelnosprawnosc-intelektualna-jest-choroba-fakty-i-mity-wokol-oligofrenopedagogiki\/#MIT_2_Osoby_z_niepelnosprawnoscia_intelektualna_nie_moga_sie_uczyc\" >MIT 2: Osoby z niepe\u0142nosprawno\u015bci\u0105 intelektualn\u0105 nie mog\u0105 si\u0119 uczy\u0107<\/a><\/li><li class='ez-toc-page-1 ez-toc-heading-level-2'><a class=\"ez-toc-link ez-toc-heading-4\" href=\"https:\/\/epedagog.edu.pl\/aktualnosci\/czy-niepelnosprawnosc-intelektualna-jest-choroba-fakty-i-mity-wokol-oligofrenopedagogiki\/#MIT_3_Niepelnosprawnosc_intelektualna_to_stan_ktory_sie_nie_zmienia\" >MIT 3: Niepe\u0142nosprawno\u015b\u0107 intelektualna to stan, kt\u00f3ry si\u0119 nie zmienia<\/a><\/li><li class='ez-toc-page-1 ez-toc-heading-level-2'><a class=\"ez-toc-link ez-toc-heading-5\" href=\"https:\/\/epedagog.edu.pl\/aktualnosci\/czy-niepelnosprawnosc-intelektualna-jest-choroba-fakty-i-mity-wokol-oligofrenopedagogiki\/#MIT_4_Niepelnosprawnosc_intelektualna_w_stopniu_lekkim_%E2%80%93_objawy_to_tylko_trudnosci_w_nauce\" >MIT 4: Niepe\u0142nosprawno\u015b\u0107 intelektualna w stopniu lekkim \u2013 objawy to tylko trudno\u015bci w nauce<\/a><\/li><li class='ez-toc-page-1 ez-toc-heading-level-2'><a class=\"ez-toc-link ez-toc-heading-6\" href=\"https:\/\/epedagog.edu.pl\/aktualnosci\/czy-niepelnosprawnosc-intelektualna-jest-choroba-fakty-i-mity-wokol-oligofrenopedagogiki\/#Wsparcie_ktore_otwiera_nowe_mozliwosci_%E2%80%93_oligofrenopedagogika_coraz_skuteczniejsza\" >Wsparcie, kt\u00f3re otwiera nowe mo\u017cliwo\u015bci \u2013 oligofrenopedagogika coraz skuteczniejsza<\/a><\/li><li class='ez-toc-page-1 ez-toc-heading-level-2'><a class=\"ez-toc-link ez-toc-heading-7\" href=\"https:\/\/epedagog.edu.pl\/aktualnosci\/czy-niepelnosprawnosc-intelektualna-jest-choroba-fakty-i-mity-wokol-oligofrenopedagogiki\/#Wspieranie_potencjalu_%E2%80%93_jak_pomagac_osobom_z_niepelnosprawnoscia_intelektualna\" >Wspieranie potencja\u0142u \u2013 jak pomaga\u0107 osobom z niepe\u0142nosprawno\u015bci\u0105 intelektualn\u0105?<\/a><\/li><li class='ez-toc-page-1 ez-toc-heading-level-2'><a class=\"ez-toc-link ez-toc-heading-8\" href=\"https:\/\/epedagog.edu.pl\/aktualnosci\/czy-niepelnosprawnosc-intelektualna-jest-choroba-fakty-i-mity-wokol-oligofrenopedagogiki\/#Nowe_wyzwania_nowe_mozliwosci_%E2%80%93_zdobadz_kwalifikacje_w_zakresie_pedagogiki_specjalnej\" >Nowe wyzwania, nowe mo\u017cliwo\u015bci \u2013 zdob\u0105d\u017a kwalifikacje w zakresie pedagogiki specjalnej!\u00a0<\/a><\/li><\/ul><\/nav><\/div>\n<h2><span class=\"ez-toc-section\" id=\"Czy_niepelnosprawnosc_intelektualna_jest_choroba_Podstawowe_informacje\"><\/span><span style=\"font-weight: 400;\">Czy niepe\u0142nosprawno\u015b\u0107 intelektualna jest chorob\u0105? Podstawowe informacje<\/span><span class=\"ez-toc-section-end\"><\/span><\/h2>\n<p><span style=\"font-weight: 400;\">Zanim przejdziemy do obalania mit\u00f3w i przytaczania fakt\u00f3w o oligofrenopedagogice, warto najpierw przyjrze\u0107 si\u0119 podstawowym informacjom dotycz\u0105cych tego obszaru. W pierwszej kolejno\u015bci rozwiejemy w\u0105tpliwo\u015bci na temat tego, <\/span><b>czy niepe\u0142nosprawno\u015b\u0107 intelektualn\u0105 jest chorob\u0105<\/b><span style=\"font-weight: 400;\">. Warto podkre\u015bli\u0107, \u017ce jest to stan charakteryzuj\u0105cy si\u0119 obni\u017conym funkcjonowaniem intelektualnym oraz trudno\u015bciami w przystosowaniu spo\u0142ecznym Nie mo\u017cna jej jednak nazwa\u0107 chorob\u0105.<\/span><\/p>\n<p><span style=\"font-weight: 400;\">Osoby z tym rodzajem niepe\u0142nosprawno\u015bci mog\u0105 do\u015bwiadcza\u0107 problem\u00f3w w sferze poznawczej, emocjonalnej i adaptacyjnej. W zale\u017cno\u015bci od stopnia nasilenia wyr\u00f3\u017cnia si\u0119 cztery poziomy:<\/span><\/p>\n<ul>\n<li style=\"font-weight: 400;\" aria-level=\"1\"><span style=\"font-weight: 400;\">lekki;<\/span><\/li>\n<li style=\"font-weight: 400;\" aria-level=\"1\"><span style=\"font-weight: 400;\">umiarkowany;<\/span><\/li>\n<li style=\"font-weight: 400;\" aria-level=\"1\"><span style=\"font-weight: 400;\">znaczny;<\/span><\/li>\n<li style=\"font-weight: 400;\" aria-level=\"1\"><span style=\"font-weight: 400;\">g\u0142\u0119boki.\u00a0<\/span><\/li>\n<\/ul>\n<p><span style=\"font-weight: 400;\">Wa\u017cne jest zrozumienie, \u017ce niepe\u0142nosprawno\u015b\u0107 intelektualna ma r\u00f3\u017cnorodne przyczyny, takie jak <\/span><b>czynniki genetyczne<\/b><span style=\"font-weight: 400;\">, <\/span><b>zaburzenia rozwoju p\u0142odu<\/b><span style=\"font-weight: 400;\"> czy <\/span><b>komplikacje oko\u0142oporodowe<\/b><span style=\"font-weight: 400;\">. Dzi\u0119ki odpowiedniemu wsparciu i terapii osoby z niepe\u0142nosprawno\u015bci\u0105 intelektualn\u0105 mog\u0105 rozwija\u0107 swoje umiej\u0119tno\u015bci i lepiej funkcjonowa\u0107 w spo\u0142ecze\u0144stwie.\u00a0<\/span><span style=\"font-weight: 400;\"><a href=\"https:\/\/epedagog.edu.pl\/oferta\/kursy\/kurs-kwalifikacyjny-w-zakresie-pedagogiki-specjalnej-dla-nauczycieli-praktycznej-nauki-zawodu-pracujacych-z-mlodzieza-niepelnosprawna\"><img loading=\"lazy\" decoding=\"async\" class=\"alignnone wp-image-613\" src=\"https:\/\/epedagog.edu.pl\/aktualnosci\/wp-content\/uploads\/2022\/03\/baner_linkuj\u0105cy-300x65.png\" alt=\"oligofrenopedagogika\" width=\"692\" height=\"150\" srcset=\"https:\/\/epedagog.edu.pl\/aktualnosci\/wp-content\/uploads\/2022\/03\/baner_linkuj\u0105cy-300x65.png 300w, https:\/\/epedagog.edu.pl\/aktualnosci\/wp-content\/uploads\/2022\/03\/baner_linkuj\u0105cy.png 694w\" sizes=\"auto, (max-width: 692px) 100vw, 692px\" \/><\/a>Upo\u015bledzenie umys\u0142owe czy niepe\u0142nosprawno\u015b\u0107 intelektualna \u2013 jakiego zwrotu nale\u017cy u\u017cywa\u0107?<\/span><\/p>\n<p><span style=\"font-weight: 400;\">Warto wspomnie\u0107 r\u00f3wnie\u017c o tym, jakich zwrot\u00f3w powinno si\u0119 u\u017cywa\u0107, opisuj\u0105c zagadnienia z obszaru oligofrenopedagogiki \u2013 <\/span><b>upo\u015bledzenie umys\u0142owe czy niepe\u0142nosprawno\u015b\u0107 intelektualna?<\/b><span style=\"font-weight: 400;\"> Pierwszy zwrot, cho\u0107 funkcjonowa\u0142 przez wiele lat, aktualnie uwa\u017cany jest za negatywny. Poprawne jest stosowanie terminu \u201eniepe\u0142nosprawno\u015b\u0107 intelektualna\u201d.<\/span><\/p>\n<h2><span class=\"ez-toc-section\" id=\"MIT_1_Niepelnosprawnosc_intelektualna_i_autyzm_to_terminy_oznaczajace_to_samo\"><\/span><span style=\"font-weight: 400;\">MIT 1: Niepe\u0142nosprawno\u015b\u0107 intelektualna i autyzm to terminy oznaczaj\u0105ce to samo<\/span><span class=\"ez-toc-section-end\"><\/span><\/h2>\n<p><b>FAKT:<\/b><span style=\"font-weight: 400;\"> Osoby, kt\u00f3re zaczynaj\u0105 interesowa\u0107 si\u0119 oligofrenopedagogik\u0105, zastanawiaj\u0105 si\u0119 bardzo cz\u0119sto, <\/span><b>czy autyzm to niepe\u0142nosprawno\u015b\u0107 intelektualna<\/b><span style=\"font-weight: 400;\">. Chocia\u017c te dwa stany mog\u0105 wyst\u0119powa\u0107 w tym samym czasie, nie s\u0105 one to\u017csame. Autyzm to zaburzenie neurorozwojowe, podczas gdy niepe\u0142nosprawno\u015b\u0107 intelektualna odnosi si\u0119 do ogranicze\u0144 w funkcjonowaniu poznawczym i adaptacyjnym.\u00a0<\/span><\/p>\n<p><span style=\"font-weight: 400;\">Osoby, u kt\u00f3rych zdiagnozowano autyzm, mog\u0105 mie\u0107 prawid\u0142owy rozw\u00f3j intelektualny, a nawet ponadprzeci\u0119tne zdolno\u015bci, podczas gdy <\/span><b>niepe\u0142nosprawno\u015b\u0107 intelektualna charakteryzuje si\u0119 obni\u017conym poziomem funkcji poznawczych<\/b><span style=\"font-weight: 400;\">. Wa\u017cne jest, aby rozr\u00f3\u017cnia\u0107 te poj\u0119cia, poniewa\u017c wymagaj\u0105 one odmiennych podej\u015b\u0107 diagnostycznych i terapeutycznych.<\/span><\/p>\n<h2><span class=\"ez-toc-section\" id=\"MIT_2_Osoby_z_niepelnosprawnoscia_intelektualna_nie_moga_sie_uczyc\"><\/span><span style=\"font-weight: 400;\">MIT 2: Osoby z niepe\u0142nosprawno\u015bci\u0105 intelektualn\u0105 nie mog\u0105 si\u0119 uczy\u0107<\/span><span class=\"ez-toc-section-end\"><\/span><\/h2>\n<p><b>FAKT:<\/b><span style=\"font-weight: 400;\"> Osoby z niepe\u0142nosprawno\u015bci\u0105 intelektualn\u0105 maj\u0105 zdolno\u015b\u0107 do nauki i rozwijania nowych umiej\u0119tno\u015bci. Kluczem jest <\/span><b>zastosowanie odpowiednich metod edukacyjnych<\/b><span style=\"font-weight: 400;\">, takich jak te oferowane przez oligofrenopedagogik\u0119, kt\u00f3re dostosowuj\u0105 proces nauczania do indywidualnych potrzeb ucznia. Dzi\u0119ki temu mo\u017cliwe jest wspieranie ich rozwoju poznawczego, spo\u0142ecznego i emocjonalnego, co pozwala na lepsze funkcjonowanie w spo\u0142ecze\u0144stwie.<\/span><\/p>\n<blockquote>\n<p style=\"text-align: center;\"><a href=\"https:\/\/epedagog.edu.pl\/oferta\/kursy\/kurs-kwalifikacyjny-w-zakresie-pedagogiki-specjalnej-dla-nauczycieli-praktycznej-nauki-zawodu-pracujacych-z-mlodzieza-niepelnosprawna\">zapisz si\u0119 na kurs i sta\u0144 si\u0119 specjalist\u0105 od pedagogiki specjalnej<\/a><\/p>\n<\/blockquote>\n<h2><span class=\"ez-toc-section\" id=\"MIT_3_Niepelnosprawnosc_intelektualna_to_stan_ktory_sie_nie_zmienia\"><\/span><span style=\"font-weight: 400;\">MIT 3: Niepe\u0142nosprawno\u015b\u0107 intelektualna to stan, kt\u00f3ry si\u0119 nie zmienia<\/span><span class=\"ez-toc-section-end\"><\/span><\/h2>\n<p><b>FAKT:<\/b><span style=\"font-weight: 400;\"> Niepe\u0142nosprawno\u015b\u0107 intelektualna nie jest stanem statycznym. Dzi\u0119ki odpowiedniej terapii, wsparciu edukacyjnemu i rehabilitacji osoby z tym rodzajem niepe\u0142nosprawno\u015bci mog\u0105 znacz\u0105co poprawi\u0107 swoje umiej\u0119tno\u015bci spo\u0142eczne i funkcjonalne.\u00a0<\/span><\/p>\n<p><span style=\"font-weight: 400;\">Wczesne rozpocz\u0119cie dzia\u0142a\u0144 rehabilitacyjnych jest kluczowe dla osi\u0105gni\u0119cia lepszych wynik\u00f3w, poniewa\u017c pozwala na maksymalne wykorzystanie potencja\u0142u rozwojowego jednostki. Indywidualnie dostosowane programy edukacyjne i terapeutyczne wspieraj\u0105 rozw\u00f3j kompetencji,<\/span><b> umo\u017cliwiaj\u0105c osobom z niepe\u0142nosprawno\u015bci\u0105 intelektualn\u0105 wi\u0119ksz\u0105 samodzielno\u015b\u0107 i lepsz\u0105 jako\u015b\u0107 \u017cycia<\/b><span style=\"font-weight: 400;\">.<\/span><\/p>\n<h2><span class=\"ez-toc-section\" id=\"MIT_4_Niepelnosprawnosc_intelektualna_w_stopniu_lekkim_%E2%80%93_objawy_to_tylko_trudnosci_w_nauce\"><\/span><span style=\"font-weight: 400;\">MIT 4: Niepe\u0142nosprawno\u015b\u0107 intelektualna w stopniu lekkim \u2013 objawy to tylko trudno\u015bci w nauce<\/span><span class=\"ez-toc-section-end\"><\/span><\/h2>\n<p><b>FAKT:<\/b><span style=\"font-weight: 400;\"> Osoby z niepe\u0142nosprawno\u015bci\u0105 intelektualn\u0105 w stopniu lekkim, opr\u00f3cz trudno\u015bci w nauce, mog\u0105 do\u015bwiadcza\u0107 problem\u00f3w z my\u015bleniem abstrakcyjnym, planowaniem dzia\u0142a\u0144 oraz adaptacj\u0105 do nowych sytuacji. Cz\u0119sto wyst\u0119puj\u0105 u nich zaburzenia koncentracji uwagi, wolniejsze tempo pracy oraz trudno\u015bci w orientacji przestrzennej.\u00a0<\/span><\/p>\n<p><span style=\"font-weight: 400;\">Dla uczni\u00f3w, u kt\u00f3rych wyst\u0119puje <\/span><b>niepe\u0142nosprawno\u015b\u0107 intelektualna w stopniu lekkim, objawy <\/b><span style=\"font-weight: 400;\">mog\u0105 tak\u017ce dotyczy\u0107 ograniczonego zasobu s\u0142ownictwa i problem\u00f3w z komunikacj\u0105 werbaln\u0105. Wa\u017cne jest, aby dostrzega\u0107 te trudno\u015bci i zapewnia\u0107 odpowiednie wsparcie edukacyjne oraz terapeutyczne, kt\u00f3re pomo\u017ce w rozwijaniu umiej\u0119tno\u015bci niezb\u0119dnych do samodzielnego funkcjonowania.<\/span><\/p>\n<h2><span class=\"ez-toc-section\" id=\"Wsparcie_ktore_otwiera_nowe_mozliwosci_%E2%80%93_oligofrenopedagogika_coraz_skuteczniejsza\"><\/span><span style=\"font-weight: 400;\">Wsparcie, kt\u00f3re otwiera nowe mo\u017cliwo\u015bci \u2013 oligofrenopedagogika coraz skuteczniejsza<\/span><span class=\"ez-toc-section-end\"><\/span><\/h2>\n<p><span style=\"font-weight: 400;\">Oligofrenopedagogika to specjalizacja pedagogiki specjalnej, skupiaj\u0105ca si\u0119 na edukacji i wsparciu os\u00f3b z niepe\u0142nosprawno\u015bci\u0105 intelektualn\u0105. Jej celem jest opracowanie i wdra\u017canie metod dydaktycznych oraz terapeutycznych dostosowanych do indywidualnych potrzeb uczni\u00f3w, umo\u017cliwiaj\u0105cych im rozw\u00f3j poznawczy, emocjonalny i spo\u0142eczny. W praktyce <strong>oligofrenopedagodzy stosuj\u0105 r\u00f3\u017cnorodne metody pracy<\/strong>, takie jak:<\/span><\/p>\n<ul>\n<li style=\"font-weight: 400;\" aria-level=\"1\"><span style=\"font-weight: 400;\">terapia zaj\u0119ciowa;<\/span><\/li>\n<li style=\"font-weight: 400;\" aria-level=\"1\"><span style=\"font-weight: 400;\">terapia ruchowa;<\/span><\/li>\n<li style=\"font-weight: 400;\" aria-level=\"1\"><span style=\"font-weight: 400;\">terapia mowy;<\/span><\/li>\n<li style=\"font-weight: 400;\" aria-level=\"1\"><span style=\"font-weight: 400;\">terapia behawioralna.<\/span><\/li>\n<\/ul>\n<p><span style=\"font-weight: 400;\">Przyk\u0142adowe metody pracy z dzie\u0107mi z niepe\u0142nosprawno\u015bci\u0105 intelektualn\u0105 to <\/span><b>Metoda O\u015brodk\u00f3w Pracy<\/b><span style=\"font-weight: 400;\">, <\/span><b>Metoda Ruchu Rozwijaj\u0105cego Weroniki Sherborne<\/b><span style=\"font-weight: 400;\"> oraz <\/span><b>Programy Aktywno\u015bci Knill\u00f3w<\/b><span style=\"font-weight: 400;\">, kt\u00f3re poprzez integracj\u0119 sensoryczn\u0105, ruch i zabaw\u0119 wspieraj\u0105 rozw\u00f3j poznawczy i spo\u0142eczny dzieci.\u00a0<\/span><\/p>\n<p><span style=\"font-weight: 400;\">Na naszym blogu znajdziesz informacje na temat innych metod \u2013 zobacz, <\/span><a href=\"https:\/\/epedagog.edu.pl\/aktualnosci\/na-czym-polega-oligofrenopedagogika-z-arteterapia\/\"><span style=\"font-weight: 400;\">na czym polega oligofrenopedagogika z arteterapi\u0105<\/span><\/a><span style=\"font-weight: 400;\">.<\/span><\/p>\n<h2><span class=\"ez-toc-section\" id=\"Wspieranie_potencjalu_%E2%80%93_jak_pomagac_osobom_z_niepelnosprawnoscia_intelektualna\"><\/span><span style=\"font-weight: 400;\">Wspieranie potencja\u0142u \u2013 jak pomaga\u0107 osobom z niepe\u0142nosprawno\u015bci\u0105 intelektualn\u0105?<\/span><span class=\"ez-toc-section-end\"><\/span><\/h2>\n<p><span style=\"font-weight: 400;\">Osoby z niepe\u0142nosprawno\u015bci\u0105 intelektualn\u0105 najlepiej wspiera\u0107 poprzez skoordynowan\u0105 wsp\u00f3\u0142prac\u0119 nauczycieli, terapeut\u00f3w i rodzic\u00f3w, kt\u00f3rzy odgrywaj\u0105 kluczow\u0105 rol\u0119 w procesie edukacyjnym i spo\u0142ecznym. Wdra\u017canie indywidualnych program\u00f3w nauczania oraz dostosowanych metod to fundament budowania pozytywnej samooceny i integracji spo\u0142ecznej.<\/span><\/p>\n<p><span style=\"font-weight: 400;\">Wsparcie powinno by\u0107 udzielane przez:<\/span><\/p>\n<ul>\n<li style=\"font-weight: 400;\" aria-level=\"1\"><b>nauczycieli, <\/b><span style=\"font-weight: 400;\">kt\u00f3rzy dostosowuj\u0105 metody dydaktyczne do indywidualnych potrzeb uczni\u00f3w, tworz\u0105c przyjazne \u015brodowisko nauki;<\/span><\/li>\n<li style=\"font-weight: 400;\" aria-level=\"1\"><b>terapeut\u00f3w <\/b><span style=\"font-weight: 400;\">zapewniaj\u0105cych wsparcie emocjonalne i rozwijaj\u0105 kompetencje interpersonalne, pomagaj\u0105c dzieciom radzi\u0107 sobie w codziennych sytuacjach;<\/span><\/li>\n<li style=\"font-weight: 400;\" aria-level=\"1\"><b>rodzic\u00f3w <\/b><span style=\"font-weight: 400;\">anga\u017cuj\u0105cych si\u0119 w proces edukacyjny i wspieraj\u0105 rozw\u00f3j spo\u0142eczny swoich dzieci poprzez codzienne dzia\u0142ania i wsp\u00f3\u0142prac\u0119 z plac\u00f3wkami o\u015bwiatowymi.<\/span><\/li>\n<\/ul>\n<p><img loading=\"lazy\" decoding=\"async\" class=\"alignnone wp-image-1730\" src=\"https:\/\/epedagog.edu.pl\/aktualnosci\/wp-content\/uploads\/2025\/02\/Czy-niepelnosprawnosc-intelektualna-jest-choroba-300x177.jpg\" alt=\"Czy niepe\u0142nosprawno\u015b\u0107 intelektualna jest chorob\u0105\" width=\"692\" height=\"408\" srcset=\"https:\/\/epedagog.edu.pl\/aktualnosci\/wp-content\/uploads\/2025\/02\/Czy-niepelnosprawnosc-intelektualna-jest-choroba-300x177.jpg 300w, https:\/\/epedagog.edu.pl\/aktualnosci\/wp-content\/uploads\/2025\/02\/Czy-niepelnosprawnosc-intelektualna-jest-choroba-768x454.jpg 768w, https:\/\/epedagog.edu.pl\/aktualnosci\/wp-content\/uploads\/2025\/02\/Czy-niepelnosprawnosc-intelektualna-jest-choroba-710x420.jpg 710w, https:\/\/epedagog.edu.pl\/aktualnosci\/wp-content\/uploads\/2025\/02\/Czy-niepelnosprawnosc-intelektualna-jest-choroba.jpg 847w\" sizes=\"auto, (max-width: 692px) 100vw, 692px\" \/><\/p>\n<p><span style=\"font-weight: 400;\">Wsp\u00f3lne wysi\u0142ki tych trzech grup tworz\u0105 zintegrowan\u0105 sie\u0107 wsparcia, kt\u00f3ra jest niezb\u0119dna dla prawid\u0142owego rozwoju os\u00f3b z niepe\u0142nosprawno\u015bci\u0105 intelektualn\u0105. Dzi\u0119ki takim dzia\u0142aniom mo\u017cliwe jest skuteczne wdra\u017canie program\u00f3w indywidualnych, co przek\u0142ada si\u0119 na lepsz\u0105 adaptacj\u0119 w spo\u0142ecze\u0144stwie. W rezultacie wsparcie to<\/span><b> buduje pozytywn\u0105 samoocen\u0119 i umo\u017cliwia pe\u0142niejsze wykorzystanie potencja\u0142u ka\u017cdej osoby<\/b><span style=\"font-weight: 400;\">.<\/span><\/p>\n<h2><span class=\"ez-toc-section\" id=\"Nowe_wyzwania_nowe_mozliwosci_%E2%80%93_zdobadz_kwalifikacje_w_zakresie_pedagogiki_specjalnej\"><\/span><span style=\"font-weight: 400;\">Nowe wyzwania, nowe mo\u017cliwo\u015bci \u2013 zdob\u0105d\u017a kwalifikacje w zakresie pedagogiki specjalnej!\u00a0<\/span><span class=\"ez-toc-section-end\"><\/span><\/h2>\n<p><span style=\"font-weight: 400;\">Wsp\u00f3\u0142czesny \u015bwiat coraz lepiej rozumie potrzeby os\u00f3b z niepe\u0142nosprawno\u015bci\u0105 intelektualn\u0105, a co za tym idzie \u2013 <\/span><b>ro\u015bnie zapotrzebowanie na wykwalifikowanych specjalist\u00f3w w tej dziedzinie<\/b><span style=\"font-weight: 400;\">. Skuteczne nauczanie m\u0142odzie\u017cy z niepe\u0142nosprawno\u015bciami wymaga nie tylko wiedzy merytorycznej, ale tak\u017ce umiej\u0119tno\u015bci dostosowania metod edukacyjnych do indywidualnych mo\u017cliwo\u015bci uczni\u00f3w.\u00a0<\/span><\/p>\n<p><a href=\"https:\/\/epedagog.edu.pl\/oferta\/kursy\/kurs-kwalifikacyjny-w-zakresie-pedagogiki-specjalnej-dla-nauczycieli-praktycznej-nauki-zawodu-pracujacych-z-mlodzieza-niepelnosprawna\"><b>Kurs Kwalifikacyjny w zakresie pedagogiki specjalnej dla nauczycieli praktycznej nauki zawodu<\/b><\/a><span style=\"font-weight: 400;\"> to doskona\u0142a okazja, by zdoby\u0107 niezb\u0119dne kompetencje i nauczy\u0107 si\u0119 efektywnego przekazywania wiedzy w spos\u00f3b dostosowany do potrzeb m\u0142odzie\u017cy. Zainwestuj w sw\u00f3j rozw\u00f3j i do\u0142\u0105cz do grona pedagog\u00f3w, kt\u00f3rzy realnie zmieniaj\u0105 przysz\u0142o\u015b\u0107 swoich uczni\u00f3w!<\/span><\/p>\n","protected":false},"excerpt":{"rendered":"<p>Czy autyzm to niepe\u0142nosprawno\u015b\u0107 intelektualna? Czy niepe\u0142nosprawno\u015b\u0107 intelektualna jest chorob\u0105? To tylko niekt\u00f3re pytania nurtuj\u0105ce osoby, kt\u00f3re zaczynaj\u0105 interesowa\u0107 si\u0119 oligofrenopedagogik\u0105. Cho\u0107 jest to dziedzina, kt\u00f3ra nieustannie si\u0119 rozwija, wok\u00f3\u0142 niej funkcjonuje wci\u0105\u017c wiele mit\u00f3w. W tym artykule rozja\u015bniamy kwestie, kt\u00f3re maj\u0105 ogromne znacznie w pracy z uczniami borykaj\u0105cymi si\u0119 z r\u00f3\u017cnymi deficytami. Czy niepe\u0142nosprawno\u015b\u0107 [&hellip;]<\/p>\n","protected":false},"author":19,"featured_media":1728,"comment_status":"closed","ping_status":"closed","sticky":false,"template":"","format":"standard","meta":{"_lmt_disableupdate":"no","_lmt_disable":"no","footnotes":""},"categories":[1360],"tags":[],"class_list":["post-1723","post","type-post","status-publish","format-standard","has-post-thumbnail","hentry","category-oligofrenopedagogika"],"modified_by":"Ernest","_links":{"self":[{"href":"https:\/\/epedagog.edu.pl\/aktualnosci\/wp-json\/wp\/v2\/posts\/1723","targetHints":{"allow":["GET"]}}],"collection":[{"href":"https:\/\/epedagog.edu.pl\/aktualnosci\/wp-json\/wp\/v2\/posts"}],"about":[{"href":"https:\/\/epedagog.edu.pl\/aktualnosci\/wp-json\/wp\/v2\/types\/post"}],"author":[{"embeddable":true,"href":"https:\/\/epedagog.edu.pl\/aktualnosci\/wp-json\/wp\/v2\/users\/19"}],"replies":[{"embeddable":true,"href":"https:\/\/epedagog.edu.pl\/aktualnosci\/wp-json\/wp\/v2\/comments?post=1723"}],"version-history":[{"count":9,"href":"https:\/\/epedagog.edu.pl\/aktualnosci\/wp-json\/wp\/v2\/posts\/1723\/revisions"}],"predecessor-version":[{"id":1734,"href":"https:\/\/epedagog.edu.pl\/aktualnosci\/wp-json\/wp\/v2\/posts\/1723\/revisions\/1734"}],"wp:featuredmedia":[{"embeddable":true,"href":"https:\/\/epedagog.edu.pl\/aktualnosci\/wp-json\/wp\/v2\/media\/1728"}],"wp:attachment":[{"href":"https:\/\/epedagog.edu.pl\/aktualnosci\/wp-json\/wp\/v2\/media?parent=1723"}],"wp:term":[{"taxonomy":"category","embeddable":true,"href":"https:\/\/epedagog.edu.pl\/aktualnosci\/wp-json\/wp\/v2\/categories?post=1723"},{"taxonomy":"post_tag","embeddable":true,"href":"https:\/\/epedagog.edu.pl\/aktualnosci\/wp-json\/wp\/v2\/tags?post=1723"}],"curies":[{"name":"wp","href":"https:\/\/api.w.org\/{rel}","templated":true}]}}