{"id":1573,"date":"2024-11-19T10:29:30","date_gmt":"2024-11-19T09:29:30","guid":{"rendered":"https:\/\/epedagog.edu.pl\/aktualnosci\/?p=1573"},"modified":"2024-11-19T10:32:30","modified_gmt":"2024-11-19T09:32:30","slug":"black-weeks-na-epedagog-edu-pl-az-50-rabatu-na-kursy","status":"publish","type":"post","link":"https:\/\/epedagog.edu.pl\/aktualnosci\/black-weeks-na-epedagog-edu-pl-az-50-rabatu-na-kursy\/","title":{"rendered":"Black Weeks na ePedagog.edu.pl. A\u017c 50% rabatu na kursy"},"content":{"rendered":"<p><span style=\"font-weight: 400;\">Chcesz zdoby\u0107 nowe kompetencje lub poszerzy\u0107 swoje kwalifikacje pedagogiczne i zyska\u0107 przewag\u0119 nad konkurencj\u0105? Black Weeks 2024 to idealna okazja, aby zadba\u0107 o sw\u00f3j rozw\u00f3j ze zdwojon\u0105 si\u0142\u0105. W ramach promocji mo\u017cesz zrealizowa\u0107<\/span><b> kolejny, ta\u0144szy kurs za po\u0142ow\u0119 ceny<\/b><span style=\"font-weight: 400;\">. W tym artykule poznasz szczeg\u00f3\u0142owe informacje na temat tegorocznej oferty Black Weeks, dzi\u0119ki kt\u00f3rej zainwestujesz w sw\u00f3j rozw\u00f3j mniejszym nak\u0142adem finansowym.<\/span><\/p>\n<div id=\"ez-toc-container\" class=\"ez-toc-v2_0_76 counter-hierarchy ez-toc-counter ez-toc-custom ez-toc-container-direction\">\n<div class=\"ez-toc-title-container\">\n<p class=\"ez-toc-title\" style=\"cursor:inherit\">Spis tre\u015bci<\/p>\n<span class=\"ez-toc-title-toggle\"><a href=\"#\" class=\"ez-toc-pull-right ez-toc-btn ez-toc-btn-xs ez-toc-btn-default ez-toc-toggle\" aria-label=\"Prze\u0142\u0105cznik Spisu Tre\u015bci\"><span class=\"ez-toc-js-icon-con\"><span class=\"\"><span class=\"eztoc-hide\" style=\"display:none;\">Toggle<\/span><span class=\"ez-toc-icon-toggle-span\"><svg style=\"fill: #999;color:#999\" xmlns=\"http:\/\/www.w3.org\/2000\/svg\" class=\"list-377408\" width=\"20px\" height=\"20px\" viewBox=\"0 0 24 24\" fill=\"none\"><path d=\"M6 6H4v2h2V6zm14 0H8v2h12V6zM4 11h2v2H4v-2zm16 0H8v2h12v-2zM4 16h2v2H4v-2zm16 0H8v2h12v-2z\" fill=\"currentColor\"><\/path><\/svg><svg style=\"fill: #999;color:#999\" class=\"arrow-unsorted-368013\" xmlns=\"http:\/\/www.w3.org\/2000\/svg\" width=\"10px\" height=\"10px\" viewBox=\"0 0 24 24\" version=\"1.2\" baseProfile=\"tiny\"><path d=\"M18.2 9.3l-6.2-6.3-6.2 6.3c-.2.2-.3.4-.3.7s.1.5.3.7c.2.2.4.3.7.3h11c.3 0 .5-.1.7-.3.2-.2.3-.5.3-.7s-.1-.5-.3-.7zM5.8 14.7l6.2 6.3 6.2-6.3c.2-.2.3-.5.3-.7s-.1-.5-.3-.7c-.2-.2-.4-.3-.7-.3h-11c-.3 0-.5.1-.7.3-.2.2-.3.5-.3.7s.1.5.3.7z\"\/><\/svg><\/span><\/span><\/span><\/a><\/span><\/div>\n<nav><ul class='ez-toc-list ez-toc-list-level-1 ' ><li class='ez-toc-page-1 ez-toc-heading-level-2'><a class=\"ez-toc-link ez-toc-heading-1\" href=\"https:\/\/epedagog.edu.pl\/aktualnosci\/black-weeks-na-epedagog-edu-pl-az-50-rabatu-na-kursy\/#Black_Friday_%E2%80%93_kursy_pedagogiczne_przepustka_do_rozwoju_kariery_nizszym_kosztem\" >Black Friday \u2013 kursy pedagogiczne przepustk\u0105 do rozwoju kariery ni\u017cszym kosztem<\/a><\/li><li class='ez-toc-page-1 ez-toc-heading-level-2'><a class=\"ez-toc-link ez-toc-heading-2\" href=\"https:\/\/epedagog.edu.pl\/aktualnosci\/black-weeks-na-epedagog-edu-pl-az-50-rabatu-na-kursy\/#Jak_skorzystac_z_promocji_Black_Friday_Kursy_online_na_ePedagog_w_swietnej_cenie\" >Jak skorzysta\u0107 z promocji Black Friday? Kursy online na ePedagog w \u015bwietnej cenie<\/a><\/li><li class='ez-toc-page-1 ez-toc-heading-level-2'><a class=\"ez-toc-link ez-toc-heading-3\" href=\"https:\/\/epedagog.edu.pl\/aktualnosci\/black-weeks-na-epedagog-edu-pl-az-50-rabatu-na-kursy\/#Dlaczego_warto_skorzystac_z_Black_Friday_na_ePedagogedupl\" >Dlaczego warto skorzysta\u0107 z Black Friday na ePedagog.edu.pl?<\/a><\/li><\/ul><\/nav><\/div>\n<h2><span class=\"ez-toc-section\" id=\"Black_Friday_%E2%80%93_kursy_pedagogiczne_przepustka_do_rozwoju_kariery_nizszym_kosztem\"><\/span><span style=\"font-weight: 400;\">Black Friday \u2013 kursy pedagogiczne przepustk\u0105 do rozwoju kariery ni\u017cszym kosztem<\/span><span class=\"ez-toc-section-end\"><\/span><\/h2>\n<p><span style=\"font-weight: 400;\">Praca w obszarze pedagogiki wymaga nieustannego rozwijania swoich umiej\u0119tno\u015bci, a tak\u017ce poszerzania wiedzy. Jako \u015bwietnie przygotowany specjalista, kt\u00f3ry posiada <\/span><b>udokumentowane kwalifikacje<\/b><span style=\"font-weight: 400;\">, stajesz si\u0119 atrakcyjny na rynku pracy i mo\u017cesz podj\u0105\u0107 dobrze op\u0142acane zatrudnienie. Szczeg\u00f3lnie w czasach, w kt\u00f3rych odnotowuje si\u0119 deficyt wykwalifikowanej kadry w zakresie pedagogiki.<\/span><\/p>\n<p><a href=\"https:\/\/epedagog.edu.pl\/oferta\/kategorie\/wszystkie\"><img loading=\"lazy\" decoding=\"async\" class=\"alignnone wp-image-613\" src=\"https:\/\/epedagog.edu.pl\/aktualnosci\/wp-content\/uploads\/2022\/03\/baner_linkuj\u0105cy-300x65.png\" alt=\"terapia-tus-na-czym-polega\" width=\"683\" height=\"148\" srcset=\"https:\/\/epedagog.edu.pl\/aktualnosci\/wp-content\/uploads\/2022\/03\/baner_linkuj\u0105cy-300x65.png 300w, https:\/\/epedagog.edu.pl\/aktualnosci\/wp-content\/uploads\/2022\/03\/baner_linkuj\u0105cy.png 694w\" sizes=\"auto, (max-width: 683px) 100vw, 683px\" \/><\/a><\/p>\n<p><span style=\"font-weight: 400;\">Od lat skuteczn\u0105 i niezwykle wygodn\u0105 form\u0105 rozwoju zawodowych kompetencji s\u0105 oferowane przez nas <\/span><b>kursy pedagogiczne<\/b><span style=\"font-weight: 400;\">, kt\u00f3re pozwalaj\u0105 zdoby\u0107 kwalifikacje wymagane na wielu stanowiskach. Je\u015bli chcia\u0142e\u015b zrealizowa\u0107 wi\u0119cej ni\u017c jeden kurs, ale dotychczas nie zainwestowa\u0142e\u015b w swoj\u0105 edukacj\u0119 z powod\u00f3w finansowych,<\/span><b> Black Weeks 2024 <\/b><span style=\"font-weight: 400;\">pozwoli Ci zrealizowa\u0107 ambitne cele zawodowe.<\/span><\/p>\n<h2><span class=\"ez-toc-section\" id=\"Jak_skorzystac_z_promocji_Black_Friday_Kursy_online_na_ePedagog_w_swietnej_cenie\"><\/span><span style=\"font-weight: 400;\">Jak skorzysta\u0107 z promocji Black Friday? Kursy online na ePedagog w \u015bwietnej cenie<\/span><span class=\"ez-toc-section-end\"><\/span><\/h2>\n<p><b>Na ePedagog.edu.pl <\/b><span style=\"font-weight: 400;\">nie ograniczamy si\u0119 tylko do obchod\u00f3w Black Friday \u2013 przed\u0142u\u017camy promocj\u0119, oferuj\u0105c Black Weeks, pe\u0142ne wyj\u0105tkowych zni\u017cek na<\/span><b> kursy pedagogiczne online<\/b><span style=\"font-weight: 400;\">. Przynosz\u0105 one wiele korzy\u015bci zar\u00f3wno osobom, kt\u00f3re dopiero zaczynaj\u0105 przygod\u0119 z nauczaniem, jak r\u00f3wnie\u017c do\u015bwiadczonych specjalist\u00f3w, pragn\u0105cych zdoby\u0107 dodatkowe kompetencje. Bez wzgl\u0119du na to, do kt\u00f3rej grupy nale\u017cysz, mo\u017cesz skorzysta\u0107 z naszej promocji, dzi\u0119ki kt\u00f3rej za <\/span><b>kolejny, ta\u0144szy kurs zap\u0142acisz 50% mniej<\/b><span style=\"font-weight: 400;\">. Jak to zrobi\u0107? To tylko trzy proste kroki:<\/span><\/p>\n<ol>\n<li style=\"font-weight: 400;\" aria-level=\"1\"><span style=\"font-weight: 400;\">Wybierz sw\u00f3j pierwszy kurs, je\u015bli jeszcze nie realizujesz u nas \u017cadnego z nich.<\/span><\/li>\n<li style=\"font-weight: 400;\" aria-level=\"1\"><span style=\"font-weight: 400;\">Op\u0142a\u0107 swoje zam\u00f3wienie, wybieraj\u0105c dogodn\u0105 dla siebie form\u0119 p\u0142atno\u015bci i op\u0142a\u0107 pierwszy kurs.<\/span><\/li>\n<li style=\"font-weight: 400;\" aria-level=\"1\"><span style=\"font-weight: 400;\">Zaloguj si\u0119 na platformie i zobacz, kt\u00f3re kursy s\u0105 obj\u0119te promocj\u0105. Wybierz i op\u0142a\u0107 dodatkowe zam\u00f3wienie. Gotowe!<\/span><\/li>\n<\/ol>\n<p><a href=\"https:\/\/epedagog.edu.pl\/promocja-black-weeks\">Poznaj szczeg\u00f3\u0142y promocji<\/a>.<\/p>\n<p><img loading=\"lazy\" decoding=\"async\" class=\"alignnone wp-image-1577\" src=\"https:\/\/epedagog.edu.pl\/aktualnosci\/wp-content\/uploads\/2024\/11\/epedagog-black-weeks-2024-300x194.jpg\" alt=\"epedagog black weeks 2024\" width=\"671\" height=\"434\" srcset=\"https:\/\/epedagog.edu.pl\/aktualnosci\/wp-content\/uploads\/2024\/11\/epedagog-black-weeks-2024-300x194.jpg 300w, https:\/\/epedagog.edu.pl\/aktualnosci\/wp-content\/uploads\/2024\/11\/epedagog-black-weeks-2024-696x450.jpg 696w, https:\/\/epedagog.edu.pl\/aktualnosci\/wp-content\/uploads\/2024\/11\/epedagog-black-weeks-2024-650x420.jpg 650w, https:\/\/epedagog.edu.pl\/aktualnosci\/wp-content\/uploads\/2024\/11\/epedagog-black-weeks-2024.jpg 720w\" sizes=\"auto, (max-width: 671px) 100vw, 671px\" \/><\/p>\n<h2><span class=\"ez-toc-section\" id=\"Dlaczego_warto_skorzystac_z_Black_Friday_na_ePedagogedupl\"><\/span><span style=\"font-weight: 400;\">Dlaczego warto skorzysta\u0107 z Black Friday na ePedagog.edu.pl?<\/span><span class=\"ez-toc-section-end\"><\/span><\/h2>\n<p><span style=\"font-weight: 400;\"><strong>Promocja Black Weeks 2024<\/strong>, kt\u00f3ra obejmuje nasze kursy pedagogiczne, sprawia, \u017ce mo\u017cesz nie tylko rozwija\u0107 si\u0119 ni\u017cszym nak\u0142adem finansowym, lecz tak\u017ce:<\/span><\/p>\n<ul>\n<li style=\"font-weight: 400;\" aria-level=\"1\"><span style=\"font-weight: 400;\">masz mo\u017cliwo\u015b\u0107 po\u0142\u0105czenia kszta\u0142cenia z prac\u0105 lub innymi obowi\u0105zkami;<\/span><\/li>\n<li style=\"font-weight: 400;\" aria-level=\"1\"><span style=\"font-weight: 400;\">uczysz si\u0119 w nowoczesny spos\u00f3b dzi\u0119ki innowacyjnej platformie dydaktycznej;<\/span><\/li>\n<li style=\"font-weight: 400;\" aria-level=\"1\"><span style=\"font-weight: 400;\">masz gwarancj\u0119 wysokiej jako\u015bci nauczania oraz skuteczno\u015bci naszych metod, co potwierdzaj\u0105 liczne certyfikaty, w tym ISO 9001:2015;<\/span><\/li>\n<li style=\"font-weight: 400;\" aria-level=\"1\"><span style=\"font-weight: 400;\">po zako\u0144czeniu kursu otrzymasz dokumentacj\u0119 zgodn\u0105 z wymogami MEiN, potwierdzaj\u0105c\u0105 zdobyt\u0105 wiedz\u0119 i umiej\u0119tno\u015bci.<\/span><\/li>\n<\/ul>\n<p><span style=\"font-weight: 400;\">Awans, lepsze perspektywy na rynku pracy czy wy\u017csza satysfakcja z realizacji w\u0142asnych ambicji? W naszej bogatej ofercie z pewno\u015bci\u0105 znajdziesz co\u015b dla siebie. <\/span><span style=\"font-weight: 400;\">Nie przegap promocji Black Weeks. <strong>Wybierz kolejny kurs 50% taniej i zdob\u0105d\u017a dodatkowe kwalifikacje<\/strong>, kt\u00f3re wyr\u00f3\u017cni\u0105 Ci\u0119 na rynku pracy w sektorze o\u015bwiaty.<\/span><\/p>\n","protected":false},"excerpt":{"rendered":"<p>Chcesz zdoby\u0107 nowe kompetencje lub poszerzy\u0107 swoje kwalifikacje pedagogiczne i zyska\u0107 przewag\u0119 nad konkurencj\u0105? Black Weeks 2024 to idealna okazja, aby zadba\u0107 o sw\u00f3j rozw\u00f3j ze zdwojon\u0105 si\u0142\u0105. W ramach promocji mo\u017cesz zrealizowa\u0107 kolejny, ta\u0144szy kurs za po\u0142ow\u0119 ceny. W tym artykule poznasz szczeg\u00f3\u0142owe informacje na temat tegorocznej oferty Black Weeks, dzi\u0119ki kt\u00f3rej zainwestujesz w [&hellip;]<\/p>\n","protected":false},"author":19,"featured_media":1576,"comment_status":"closed","ping_status":"closed","sticky":false,"template":"","format":"standard","meta":{"_lmt_disableupdate":"no","_lmt_disable":"no","footnotes":""},"categories":[1359],"tags":[],"class_list":["post-1573","post","type-post","status-publish","format-standard","has-post-thumbnail","hentry","category-porady-i-aktualnosci"],"modified_by":"Ernest","_links":{"self":[{"href":"https:\/\/epedagog.edu.pl\/aktualnosci\/wp-json\/wp\/v2\/posts\/1573","targetHints":{"allow":["GET"]}}],"collection":[{"href":"https:\/\/epedagog.edu.pl\/aktualnosci\/wp-json\/wp\/v2\/posts"}],"about":[{"href":"https:\/\/epedagog.edu.pl\/aktualnosci\/wp-json\/wp\/v2\/types\/post"}],"author":[{"embeddable":true,"href":"https:\/\/epedagog.edu.pl\/aktualnosci\/wp-json\/wp\/v2\/users\/19"}],"replies":[{"embeddable":true,"href":"https:\/\/epedagog.edu.pl\/aktualnosci\/wp-json\/wp\/v2\/comments?post=1573"}],"version-history":[{"count":5,"href":"https:\/\/epedagog.edu.pl\/aktualnosci\/wp-json\/wp\/v2\/posts\/1573\/revisions"}],"predecessor-version":[{"id":1580,"href":"https:\/\/epedagog.edu.pl\/aktualnosci\/wp-json\/wp\/v2\/posts\/1573\/revisions\/1580"}],"wp:featuredmedia":[{"embeddable":true,"href":"https:\/\/epedagog.edu.pl\/aktualnosci\/wp-json\/wp\/v2\/media\/1576"}],"wp:attachment":[{"href":"https:\/\/epedagog.edu.pl\/aktualnosci\/wp-json\/wp\/v2\/media?parent=1573"}],"wp:term":[{"taxonomy":"category","embeddable":true,"href":"https:\/\/epedagog.edu.pl\/aktualnosci\/wp-json\/wp\/v2\/categories?post=1573"},{"taxonomy":"post_tag","embeddable":true,"href":"https:\/\/epedagog.edu.pl\/aktualnosci\/wp-json\/wp\/v2\/tags?post=1573"}],"curies":[{"name":"wp","href":"https:\/\/api.w.org\/{rel}","templated":true}]}}