{"id":1506,"date":"2024-09-10T11:57:40","date_gmt":"2024-09-10T09:57:40","guid":{"rendered":"https:\/\/epedagog.edu.pl\/aktualnosci\/?p=1506"},"modified":"2024-11-18T10:31:23","modified_gmt":"2024-11-18T09:31:23","slug":"bajkoterapia-swietna-w-przedszkolu-szkole-i-nawet-dla-doroslych","status":"publish","type":"post","link":"https:\/\/epedagog.edu.pl\/aktualnosci\/bajkoterapia-swietna-w-przedszkolu-szkole-i-nawet-dla-doroslych\/","title":{"rendered":"Bajkoterapia \u2013 \u015bwietna w przedszkolu, szkole i nawet dla doros\u0142ych"},"content":{"rendered":"<p><span style=\"font-weight: 400;\">Bajkoterapia to technika, kt\u00f3ra wykorzystuje opowiadanie i analizowanie bajek, aby wspiera\u0107 rozw\u00f3j emocjonalny i psychiczny cz\u0142owieka. Jest to skuteczna metoda, kt\u00f3ra mo\u017ce by\u0107 stosowana nie tylko w pracy z dzie\u0107mi w przedszkolach i szko\u0142ach, pomagaj\u0105c im w radzeniu sobie z emocjami oraz trudno\u015bciami, ale tak\u017ce w przypadku os\u00f3b doros\u0142ych. Dzi\u0119ki prostym, ale warto\u015bciowym przekazom, bajki staj\u0105 si\u0119 narz\u0119dziem wspieraj\u0105cym edukacj\u0119, rozwijaj\u0105 empati\u0119 i ucz\u0105 najm\u0142odszych, jak rozwi\u0105zywa\u0107 problemy. Sprawd\u017a, jakie mo\u017cliwo\u015bci daje bajkoterapia oraz jak wykorzysta\u0107 j\u0105 w pracy z dzie\u0107mi i doros\u0142ymi. Dowiedz si\u0119, jak pomaga w rozwoju emocjonalnym i jakie perspektywy zawodowe oferuje w obszarze terapii i edukacji.<\/span><\/p>\n<div id=\"ez-toc-container\" class=\"ez-toc-v2_0_76 counter-hierarchy ez-toc-counter ez-toc-custom ez-toc-container-direction\">\n<div class=\"ez-toc-title-container\">\n<p class=\"ez-toc-title\" style=\"cursor:inherit\">Spis tre\u015bci<\/p>\n<span class=\"ez-toc-title-toggle\"><a href=\"#\" class=\"ez-toc-pull-right ez-toc-btn ez-toc-btn-xs ez-toc-btn-default ez-toc-toggle\" aria-label=\"Prze\u0142\u0105cznik Spisu Tre\u015bci\"><span class=\"ez-toc-js-icon-con\"><span class=\"\"><span class=\"eztoc-hide\" style=\"display:none;\">Toggle<\/span><span class=\"ez-toc-icon-toggle-span\"><svg style=\"fill: #999;color:#999\" xmlns=\"http:\/\/www.w3.org\/2000\/svg\" class=\"list-377408\" width=\"20px\" height=\"20px\" viewBox=\"0 0 24 24\" fill=\"none\"><path d=\"M6 6H4v2h2V6zm14 0H8v2h12V6zM4 11h2v2H4v-2zm16 0H8v2h12v-2zM4 16h2v2H4v-2zm16 0H8v2h12v-2z\" fill=\"currentColor\"><\/path><\/svg><svg style=\"fill: #999;color:#999\" class=\"arrow-unsorted-368013\" xmlns=\"http:\/\/www.w3.org\/2000\/svg\" width=\"10px\" height=\"10px\" viewBox=\"0 0 24 24\" version=\"1.2\" baseProfile=\"tiny\"><path d=\"M18.2 9.3l-6.2-6.3-6.2 6.3c-.2.2-.3.4-.3.7s.1.5.3.7c.2.2.4.3.7.3h11c.3 0 .5-.1.7-.3.2-.2.3-.5.3-.7s-.1-.5-.3-.7zM5.8 14.7l6.2 6.3 6.2-6.3c.2-.2.3-.5.3-.7s-.1-.5-.3-.7c-.2-.2-.4-.3-.7-.3h-11c-.3 0-.5.1-.7.3-.2.2-.3.5-.3.7s.1.5.3.7z\"\/><\/svg><\/span><\/span><\/span><\/a><\/span><\/div>\n<nav><ul class='ez-toc-list ez-toc-list-level-1 ' ><li class='ez-toc-page-1 ez-toc-heading-level-2'><a class=\"ez-toc-link ez-toc-heading-1\" href=\"https:\/\/epedagog.edu.pl\/aktualnosci\/bajkoterapia-swietna-w-przedszkolu-szkole-i-nawet-dla-doroslych\/#Bajkoterapia_w_przedszkolu_i_w_szkole\" >Bajkoterapia w przedszkolu i w szkole<\/a><\/li><li class='ez-toc-page-1 ez-toc-heading-level-2'><a class=\"ez-toc-link ez-toc-heading-2\" href=\"https:\/\/epedagog.edu.pl\/aktualnosci\/bajkoterapia-swietna-w-przedszkolu-szkole-i-nawet-dla-doroslych\/#Przyklady_bajek_i_scenariusze_zajec\" >Przyk\u0142ady bajek i scenariusze zaj\u0119\u0107<\/a><\/li><li class='ez-toc-page-1 ez-toc-heading-level-2'><a class=\"ez-toc-link ez-toc-heading-3\" href=\"https:\/\/epedagog.edu.pl\/aktualnosci\/bajkoterapia-swietna-w-przedszkolu-szkole-i-nawet-dla-doroslych\/#Bajkoterapia_dla_doroslych\" >Bajkoterapia dla doros\u0142ych<\/a><\/li><li class='ez-toc-page-1 ez-toc-heading-level-2'><a class=\"ez-toc-link ez-toc-heading-4\" href=\"https:\/\/epedagog.edu.pl\/aktualnosci\/bajkoterapia-swietna-w-przedszkolu-szkole-i-nawet-dla-doroslych\/#Korzysci_z_bajkoterapii\" >Korzy\u015bci z bajkoterapii<\/a><\/li><li class='ez-toc-page-1 ez-toc-heading-level-2'><a class=\"ez-toc-link ez-toc-heading-5\" href=\"https:\/\/epedagog.edu.pl\/aktualnosci\/bajkoterapia-swietna-w-przedszkolu-szkole-i-nawet-dla-doroslych\/#Odkryj_moc_bajkoterapii_%E2%80%93_z_naszym_kursem_Ci_sie_uda\" >Odkryj moc bajkoterapii \u2013 z naszym kursem Ci si\u0119 uda!<\/a><\/li><\/ul><\/nav><\/div>\n<h2><span class=\"ez-toc-section\" id=\"Bajkoterapia_w_przedszkolu_i_w_szkole\"><\/span><span style=\"font-weight: 400;\">Bajkoterapia w przedszkolu i w szkole<\/span><span class=\"ez-toc-section-end\"><\/span><\/h2>\n<p><span style=\"font-weight: 400;\">W miejscach edukacji bajkoterapia odgrywa wa\u017cn\u0105 rol\u0119 we <\/span><b>wspieraniu rozwoju emocjonalnego i spo\u0142ecznego najm\u0142odszych. <\/b><span style=\"font-weight: 400;\">Dzi\u0119ki terapeutycznym opowie\u015bciom dzieci ucz\u0105 si\u0119 rozpoznawa\u0107 i nazywa\u0107 emocje, co pomaga im lepiej radzi\u0107 sobie z trudnymi sytuacjami. Historie pe\u0142ne ciep\u0142a i m\u0105dro\u015bci <\/span><b>stymuluj\u0105 wyobra\u017ani\u0119 oraz u\u0142atwiaj\u0105 rozwijanie umiej\u0119tno\u015bci komunikacyjnych i rozwi\u0105zywanie konflikt\u00f3w.<\/b><span style=\"font-weight: 400;\"> Bajkoterapia w przedszkolu to oryginalna forma relaksu wspieraj\u0105ca nie tylko edukacj\u0119, ale i aspekty terapeutyczne.<\/span><\/p>\n<p><span style=\"font-weight: 400;\">W szko\u0142ach bajkoterapia tak\u017ce znajduje zastosowanie, szczeg\u00f3lnie w nauczaniu empatii oraz budowaniu relacji mi\u0119dzyludzkich. \u201eKubu\u015b Puchatek\u201d czy \u201eMa\u0142y Ksi\u0105\u017c\u0119\u201d pomagaj\u0105 <\/span><b>zrozumie\u0107 z\u0142o\u017cono\u015b\u0107 emocji oraz to jak wa\u017cna jest wsp\u00f3\u0142praca i wzajemna pomoc.<\/b><span style=\"font-weight: 400;\"> Dzi\u0119ki temu metoda sprzyja rozwojowi kompetencji spo\u0142ecznych oraz wspiera budowanie pozytywnej atmosfery w grupie.<\/span><\/p>\n<blockquote><p><a href=\"https:\/\/epedagog.edu.pl\/oferta\/kursy\/kurs-kwalifikacyjny-z-zakresu-bajkoterapii-z-elementami-biblioterapii\"><i><span style=\"font-weight: 400;\">WYKORZYSTAJ NAJNOWSZE TECHNIKI RELAKSACYJNE DO PRACY Z DZIE\u0106MI, M\u0141ODZIE\u017b\u0104 I DOROS\u0141YMI!<\/span><\/i><\/a><\/p><\/blockquote>\n<h2><span class=\"ez-toc-section\" id=\"Przyklady_bajek_i_scenariusze_zajec\"><\/span><span style=\"font-weight: 400;\">Przyk\u0142ady bajek i scenariusze zaj\u0119\u0107<\/span><span class=\"ez-toc-section-end\"><\/span><\/h2>\n<p><span style=\"font-weight: 400;\">W bajkoterapii stosuje si\u0119 r\u00f3\u017cnorodne opowie\u015bci, kt\u00f3re <\/span><b>dostosowuje si\u0119 do wieku i potrzeb emocjonalnych odbiorc\u00f3w<\/b><span style=\"font-weight: 400;\">. Klasyczne opowie\u015bci, takie jak \u201eCzerwony Kapturek\u201d czy \u201eBrzydkie kacz\u0105tko\u2019\u2019, mog\u0105 s\u0142u\u017cy\u0107 do rozwa\u017cania problem\u00f3w zwi\u0105zanych z odmienno\u015bci\u0105, akceptacj\u0105 czy odwag\u0105.\u00a0<\/span><\/p>\n<p><span style=\"font-weight: 400;\">Dla starszych dzieci \u015bwietnie sprawdz\u0105 si\u0119 bardziej z\u0142o\u017cone historie, jak \u201eMa\u0142y Ksi\u0105\u017c\u0119\u201d czy \u201eOpowie\u015bci z Narnii\u201d, kt\u00f3re <\/span><b>poruszaj\u0105 kwestie przyja\u017ani, mi\u0142o\u015bci i odpowiedzialno\u015bci<\/b><span style=\"font-weight: 400;\">. Z kolei specjalne bajki terapeutyczne s\u0105 szczeg\u00f3lnie skuteczne w redukcji l\u0119ku i budowaniu poczucia bezpiecze\u0144stwa u dzieci z trudno\u015bciami emocjonalnymi.<\/span><\/p>\n<p><span style=\"font-weight: 400;\">Scenariusze zaj\u0119\u0107 z bajkoterapii nale\u017cy tworzy\u0107 w oparciu o potrzeby grupy. Na przyk\u0142ad w przedszkolach cz\u0119sto stosuje si\u0119 <\/span><b>kr\u00f3tkie bajki po\u0142\u0105czone z dyskusj\u0105<\/b><span style=\"font-weight: 400;\">,<\/span> <span style=\"font-weight: 400;\">odgrywaniem r\u00f3l czy rysowaniem ulubionych bohater\u00f3w. Dla starszych dzieci scenariusze mog\u0105 obejmowa\u0107 <\/span><b>analiz\u0119 sytuacji z bajki i refleksj\u0119 nad tym, jak bohaterowie radz\u0105 sobie z trudno\u015bciami<\/b><span style=\"font-weight: 400;\">, co pomaga dzieciom identyfikowa\u0107 si\u0119 z postaciami i rozwija\u0107 zdolno\u015bci rozwi\u0105zywania problem\u00f3w. Wa\u017cne jest, aby historie by\u0142y odpowiednio dostosowane do sytuacji i wyzwa\u0144, z kt\u00f3rymi mierz\u0105 si\u0119 uczestnicy zaj\u0119\u0107.<\/span><\/p>\n<p><img loading=\"lazy\" decoding=\"async\" class=\"alignnone size-full wp-image-1507\" src=\"https:\/\/epedagog.edu.pl\/aktualnosci\/wp-content\/uploads\/2024\/09\/bajkoterapia-w-przedszkolu-scaled.jpg\" alt=\"bajkoterapia-w-przedszkolu\" width=\"2560\" height=\"1706\" srcset=\"https:\/\/epedagog.edu.pl\/aktualnosci\/wp-content\/uploads\/2024\/09\/bajkoterapia-w-przedszkolu-scaled.jpg 2560w, https:\/\/epedagog.edu.pl\/aktualnosci\/wp-content\/uploads\/2024\/09\/bajkoterapia-w-przedszkolu-300x200.jpg 300w, https:\/\/epedagog.edu.pl\/aktualnosci\/wp-content\/uploads\/2024\/09\/bajkoterapia-w-przedszkolu-1024x683.jpg 1024w, https:\/\/epedagog.edu.pl\/aktualnosci\/wp-content\/uploads\/2024\/09\/bajkoterapia-w-przedszkolu-768x512.jpg 768w, https:\/\/epedagog.edu.pl\/aktualnosci\/wp-content\/uploads\/2024\/09\/bajkoterapia-w-przedszkolu-1536x1024.jpg 1536w, https:\/\/epedagog.edu.pl\/aktualnosci\/wp-content\/uploads\/2024\/09\/bajkoterapia-w-przedszkolu-2048x1365.jpg 2048w, https:\/\/epedagog.edu.pl\/aktualnosci\/wp-content\/uploads\/2024\/09\/bajkoterapia-w-przedszkolu-696x464.jpg 696w, https:\/\/epedagog.edu.pl\/aktualnosci\/wp-content\/uploads\/2024\/09\/bajkoterapia-w-przedszkolu-1068x712.jpg 1068w, https:\/\/epedagog.edu.pl\/aktualnosci\/wp-content\/uploads\/2024\/09\/bajkoterapia-w-przedszkolu-630x420.jpg 630w, https:\/\/epedagog.edu.pl\/aktualnosci\/wp-content\/uploads\/2024\/09\/bajkoterapia-w-przedszkolu-1920x1280.jpg 1920w\" sizes=\"auto, (max-width: 2560px) 100vw, 2560px\" \/><\/p>\n<h2><span class=\"ez-toc-section\" id=\"Bajkoterapia_dla_doroslych\"><\/span><span style=\"font-weight: 400;\">Bajkoterapia dla doros\u0142ych<\/span><span class=\"ez-toc-section-end\"><\/span><\/h2>\n<p><span style=\"font-weight: 400;\">Terapia bajkami nie jest zarezerwowana wy\u0142\u0105cznie dla najm\u0142odszych. Jej uniwersalny charakter sprawia, \u017ce z powodzeniem mo\u017ce by\u0107 <\/span><b>stosowana r\u00f3wnie\u017c w pracy z doros\u0142ymi. <\/b><span style=\"font-weight: 400;\">Jest niezwykle u\u017cyteczna w zarz\u0105dzaniu stresem, rozwoju osobistym oraz jako narz\u0119dzie terapeutyczne.\u00a0<\/span><\/p>\n<p><span style=\"font-weight: 400;\">Opowie\u015bci i metafory zawarte w bajkach pozwalaj\u0105 doros\u0142ym <\/span><b>spojrze\u0107 na swoje problemy z dystansu<\/b><span style=\"font-weight: 400;\">, co mo\u017ce pom\u00f3c w zrozumieniu w\u0142asnych emocji oraz w znalezieniu nowych rozwi\u0105za\u0144 dla \u017cyciowych wyzwa\u0144. Bajkoterapia wspiera tym samym samorozw\u00f3j i refleksj\u0119, pomagaj\u0105c odkry\u0107 ukryte potrzeby, l\u0119ki i pragnienia.<\/span><\/p>\n<p><span style=\"font-weight: 400;\">Sesje bajkoterapii dla doros\u0142ych cz\u0119sto sk\u0142adaj\u0105 si\u0119 z <\/span><b>czytania lub s\u0142uchania bajki, po czym nast\u0119puje refleksja nad jej tre\u015bci\u0105 <\/b><span style=\"font-weight: 400;\">w kontek\u015bcie w\u0142asnego \u017cycia. Mog\u0105 obejmowa\u0107 historie o poszukiwaniu sensu, takie jak \u201eMa\u0142y Ksi\u0105\u017c\u0119\u201d Antoine\u2019a de Saint-Exup\u00e9ry&#8217;ego, czy ba\u015bnie o przemianie, takie jak \u201eKopciuszek.\u201d Cho\u0107 te opowie\u015bci s\u0105 znane z dzieci\u0144stwa, maj\u0105 w sobie uniwersalne prawdy, kt\u00f3re staj\u0105 si\u0119 cennym \u017ar\u00f3d\u0142em inspiracji i wsparcia emocjonalnego w doros\u0142ym \u017cyciu.<\/span><\/p>\n<h2><span class=\"ez-toc-section\" id=\"Korzysci_z_bajkoterapii\"><\/span><span style=\"font-weight: 400;\">Korzy\u015bci z bajkoterapii<\/span><span class=\"ez-toc-section-end\"><\/span><\/h2>\n<p><span style=\"font-weight: 400;\">Zalety, kt\u00f3re wi\u0105\u017c\u0105 si\u0119 z bajkoterapi\u0105 to przede wszystkim:<\/span><\/p>\n<ul>\n<li style=\"font-weight: 400;\" aria-level=\"1\"><b>lepsza zdolno\u015b\u0107 wyra\u017cania emocji<\/b><span style=\"font-weight: 400;\">,<\/span><\/li>\n<li style=\"font-weight: 400;\" aria-level=\"1\"><b>zrozumienie siebie i innych,<\/b><\/li>\n<li style=\"font-weight: 400;\" aria-level=\"1\"><b>redukcja stresu i l\u0119ku,<\/b><\/li>\n<li style=\"font-weight: 400;\" aria-level=\"1\"><b>rozw\u00f3j umiej\u0119tno\u015bci rozwi\u0105zywania problem\u00f3w<\/b><span style=\"font-weight: 400;\">,<\/span><\/li>\n<li style=\"font-weight: 400;\" aria-level=\"1\"><b>wzmacnianie poczucia w\u0142asnej warto\u015bci<\/b><span style=\"font-weight: 400;\">.<\/span><\/li>\n<\/ul>\n<p><span style=\"font-weight: 400;\">Liczne badania i studia przypadk\u00f3w wykaza\u0142y, \u017ce <\/span><b>bajkoterapia mo\u017ce by\u0107 skuteczna w terapii dzieci i doros\u0142ych,<\/b><span style=\"font-weight: 400;\"> poprawiaj\u0105c zdrowie psychiczne i emocjonalne. Badania pokazuj\u0105, \u017ce bajkoterapia mo\u017ce wspiera\u0107 rozw\u00f3j emocjonalny i spo\u0142eczny\u00a0<\/span><\/p>\n<h2><span class=\"ez-toc-section\" id=\"Odkryj_moc_bajkoterapii_%E2%80%93_z_naszym_kursem_Ci_sie_uda\"><\/span><span style=\"font-weight: 400;\">Odkryj moc bajkoterapii \u2013 z naszym kursem Ci si\u0119 uda!<\/span><span class=\"ez-toc-section-end\"><\/span><\/h2>\n<p><span style=\"font-weight: 400;\">Zanurz si\u0119 w fascynuj\u0105cy \u015bwiat bajkoterapii i poszerz swoje umiej\u0119tno\u015bci zawodowe dzi\u0119ki naszemu kursowi kwalifikacyjnemu <\/span><span style=\"font-weight: 400;\">\u201e<\/span><a href=\"https:\/\/epedagog.edu.pl\/oferta\/kursy\/kurs-kwalifikacyjny-z-zakresu-bajkoterapii-z-elementami-biblioterapii\"><span style=\"font-weight: 400;\">Bajkoterapia z elementami biblioterapii \u2013 kurs kwalifikacyjny online<\/span><\/a><span style=\"font-weight: 400;\">\u201d<\/span><span style=\"font-weight: 400;\">, dost\u0119pnym na stronie epedagog.edu.pl.<\/span><\/p>\n<p><span style=\"font-weight: 400;\">Nasz kurs jest zaprojektowany tak, aby przygotowa\u0107 Ci\u0119 do profesjonalnego stosowania bajkoterapii w r\u00f3\u017cnych kontekstach edukacyjnych i terapeutycznych. <\/span><b>Poznasz podstawowe teorie i metody wykorzystania bajek w terapii i edukacji. <\/b><span style=\"font-weight: 400;\">Nauczysz si\u0119, jak skutecznie stosowa\u0107 bajki w pracy z dzie\u0107mi i doros\u0142ymi, w tym jak tworzy\u0107 i dostosowywa\u0107 scenariusze zaj\u0119\u0107, a tak\u017ce dowiesz si\u0119, <\/span><b>jak analizowa\u0107 i wybiera\u0107 odpowiednie bajki<\/b><span style=\"font-weight: 400;\">, aby odpowiada\u0142y na specyficzne potrzeby emocjonalne i edukacyjne uczestnik\u00f3w.<\/span><\/p>\n<p><span style=\"font-weight: 400;\">Po zako\u0144czeniu kursu otrzymasz<\/span> <span style=\"font-weight: 400;\">dokumentacj\u0119 zgodn\u0105 z wymogami MEiN<\/span><b>, <\/b><span style=\"font-weight: 400;\">certyfikat potwierdzaj\u0105cy Twoje umiej\u0119tno\u015bci w zakresie bajkoterapii i biblioterapii.<\/span> <span style=\"font-weight: 400;\">Rozwiniesz swoje umiej\u0119tno\u015bci w pracy z r\u00f3\u017cnymi grupami wiekowymi, a tak\u017ce nauczysz si\u0119 nowych metod i technik, kt\u00f3re mog\u0105 wzbogaci\u0107 Twoje dotychczasowe do\u015bwiadczenia. Wykorzystaj bajkoterapi\u0119 do wspierania rozwoju emocjonalnego i spo\u0142ecznego dzieci.<\/span> <span style=\"font-weight: 400;\">Stosuj zdobyte umiej\u0119tno\u015bci w terapii indywidualnej i grupowej, aby wspiera\u0107 rozw\u00f3j osobisty doros\u0142ych.<\/span><\/p>\n<p><a href=\"https:\/\/epedagog.edu.pl\/oferta\/kursy\/kurs-kwalifikacyjny-z-zakresu-bajkoterapii-z-elementami-biblioterapii\"><img loading=\"lazy\" decoding=\"async\" class=\"alignnone size-full wp-image-613\" src=\"https:\/\/epedagog.edu.pl\/aktualnosci\/wp-content\/uploads\/2022\/03\/baner_linkuj\u0105cy.png\" alt=\"bajkoterapia-przyklady-bajek\" width=\"694\" height=\"151\" srcset=\"https:\/\/epedagog.edu.pl\/aktualnosci\/wp-content\/uploads\/2022\/03\/baner_linkuj\u0105cy.png 694w, https:\/\/epedagog.edu.pl\/aktualnosci\/wp-content\/uploads\/2022\/03\/baner_linkuj\u0105cy-300x65.png 300w\" sizes=\"auto, (max-width: 694px) 100vw, 694px\" \/><\/a><\/p>\n<p><span style=\"font-weight: 400;\">Nie przegap okazji, aby wzbogaci\u0107 swoje umiej\u0119tno\u015bci i rozwija\u0107 swoj\u0105 karier\u0119! Zapisz si\u0119 na kurs \u201eBajkoterapia z elementami biblioterapii\u201d ju\u017c dzi\u015b i odkryj, jak bajki mog\u0105 transformowa\u0107 \u017cycie ludzi w ka\u017cdym wieku.<\/span><\/p>\n","protected":false},"excerpt":{"rendered":"<p>Bajkoterapia to technika, kt\u00f3ra wykorzystuje opowiadanie i analizowanie bajek, aby wspiera\u0107 rozw\u00f3j emocjonalny i psychiczny cz\u0142owieka. Jest to skuteczna metoda, kt\u00f3ra mo\u017ce by\u0107 stosowana nie tylko w pracy z dzie\u0107mi w przedszkolach i szko\u0142ach, pomagaj\u0105c im w radzeniu sobie z emocjami oraz trudno\u015bciami, ale tak\u017ce w przypadku os\u00f3b doros\u0142ych. Dzi\u0119ki prostym, ale warto\u015bciowym przekazom, bajki [&hellip;]<\/p>\n","protected":false},"author":18,"featured_media":1508,"comment_status":"closed","ping_status":"closed","sticky":false,"template":"","format":"standard","meta":{"_lmt_disableupdate":"no","_lmt_disable":"no","footnotes":""},"categories":[1270],"tags":[],"class_list":["post-1506","post","type-post","status-publish","format-standard","has-post-thumbnail","hentry","category-pedagogika"],"modified_by":"digital","_links":{"self":[{"href":"https:\/\/epedagog.edu.pl\/aktualnosci\/wp-json\/wp\/v2\/posts\/1506","targetHints":{"allow":["GET"]}}],"collection":[{"href":"https:\/\/epedagog.edu.pl\/aktualnosci\/wp-json\/wp\/v2\/posts"}],"about":[{"href":"https:\/\/epedagog.edu.pl\/aktualnosci\/wp-json\/wp\/v2\/types\/post"}],"author":[{"embeddable":true,"href":"https:\/\/epedagog.edu.pl\/aktualnosci\/wp-json\/wp\/v2\/users\/18"}],"replies":[{"embeddable":true,"href":"https:\/\/epedagog.edu.pl\/aktualnosci\/wp-json\/wp\/v2\/comments?post=1506"}],"version-history":[{"count":1,"href":"https:\/\/epedagog.edu.pl\/aktualnosci\/wp-json\/wp\/v2\/posts\/1506\/revisions"}],"predecessor-version":[{"id":1509,"href":"https:\/\/epedagog.edu.pl\/aktualnosci\/wp-json\/wp\/v2\/posts\/1506\/revisions\/1509"}],"wp:featuredmedia":[{"embeddable":true,"href":"https:\/\/epedagog.edu.pl\/aktualnosci\/wp-json\/wp\/v2\/media\/1508"}],"wp:attachment":[{"href":"https:\/\/epedagog.edu.pl\/aktualnosci\/wp-json\/wp\/v2\/media?parent=1506"}],"wp:term":[{"taxonomy":"category","embeddable":true,"href":"https:\/\/epedagog.edu.pl\/aktualnosci\/wp-json\/wp\/v2\/categories?post=1506"},{"taxonomy":"post_tag","embeddable":true,"href":"https:\/\/epedagog.edu.pl\/aktualnosci\/wp-json\/wp\/v2\/tags?post=1506"}],"curies":[{"name":"wp","href":"https:\/\/api.w.org\/{rel}","templated":true}]}}