{"id":1464,"date":"2024-08-16T11:59:10","date_gmt":"2024-08-16T09:59:10","guid":{"rendered":"https:\/\/epedagog.edu.pl\/aktualnosci\/?p=1464"},"modified":"2024-11-25T09:52:39","modified_gmt":"2024-11-25T08:52:39","slug":"indywidualna-karta-obserwacji-ucznia-co-to-jest-i-do-czego-sluzy","status":"publish","type":"post","link":"https:\/\/epedagog.edu.pl\/aktualnosci\/indywidualna-karta-obserwacji-ucznia-co-to-jest-i-do-czego-sluzy\/","title":{"rendered":"Indywidualna karta obserwacji ucznia. Co to jest i do czego s\u0142u\u017cy?"},"content":{"rendered":"<p><span style=\"font-weight: 400;\">Przekazywanie wiedzy uczniom, szczeg\u00f3lnie tym ze specjalnymi potrzebami edukacyjnymi,\u00a0 to praca, kt\u00f3ra daje wiele satysfakcji, ale stanowi te\u017c nie\u0142atwe zadanie. Aby mo\u017cliwa by\u0142a ocena umiej\u0119tno\u015bci i skuteczna obserwacja post\u0119p\u00f3w ka\u017cdej z os\u00f3b wchodz\u0105cych w sk\u0142ad danej grupy, bardzo przydatna jest indywidualna karta obserwacji ucznia. Sprawd\u017a, czym jest taki dokument, w jaki spos\u00f3b mo\u017cna go stworzy\u0107 oraz komu mo\u017ce przyda\u0107 si\u0119 podczas wykonywanych obowi\u0105zk\u00f3w.<\/span><\/p>\n<div id=\"ez-toc-container\" class=\"ez-toc-v2_0_76 counter-hierarchy ez-toc-counter ez-toc-custom ez-toc-container-direction\">\n<div class=\"ez-toc-title-container\">\n<p class=\"ez-toc-title\" style=\"cursor:inherit\">Spis tre\u015bci<\/p>\n<span class=\"ez-toc-title-toggle\"><a href=\"#\" class=\"ez-toc-pull-right ez-toc-btn ez-toc-btn-xs ez-toc-btn-default ez-toc-toggle\" aria-label=\"Prze\u0142\u0105cznik Spisu Tre\u015bci\"><span class=\"ez-toc-js-icon-con\"><span class=\"\"><span class=\"eztoc-hide\" style=\"display:none;\">Toggle<\/span><span class=\"ez-toc-icon-toggle-span\"><svg style=\"fill: #999;color:#999\" xmlns=\"http:\/\/www.w3.org\/2000\/svg\" class=\"list-377408\" width=\"20px\" height=\"20px\" viewBox=\"0 0 24 24\" fill=\"none\"><path d=\"M6 6H4v2h2V6zm14 0H8v2h12V6zM4 11h2v2H4v-2zm16 0H8v2h12v-2zM4 16h2v2H4v-2zm16 0H8v2h12v-2z\" fill=\"currentColor\"><\/path><\/svg><svg style=\"fill: #999;color:#999\" class=\"arrow-unsorted-368013\" xmlns=\"http:\/\/www.w3.org\/2000\/svg\" width=\"10px\" height=\"10px\" viewBox=\"0 0 24 24\" version=\"1.2\" baseProfile=\"tiny\"><path d=\"M18.2 9.3l-6.2-6.3-6.2 6.3c-.2.2-.3.4-.3.7s.1.5.3.7c.2.2.4.3.7.3h11c.3 0 .5-.1.7-.3.2-.2.3-.5.3-.7s-.1-.5-.3-.7zM5.8 14.7l6.2 6.3 6.2-6.3c.2-.2.3-.5.3-.7s-.1-.5-.3-.7c-.2-.2-.4-.3-.7-.3h-11c-.3 0-.5.1-.7.3-.2.2-.3.5-.3.7s.1.5.3.7z\"\/><\/svg><\/span><\/span><\/span><\/a><\/span><\/div>\n<nav><ul class='ez-toc-list ez-toc-list-level-1 ' ><ul class='ez-toc-list-level-2' ><li class='ez-toc-heading-level-2'><a class=\"ez-toc-link ez-toc-heading-1\" href=\"https:\/\/epedagog.edu.pl\/aktualnosci\/indywidualna-karta-obserwacji-ucznia-co-to-jest-i-do-czego-sluzy\/#Co_to_jest_indywidualna_karta_obserwacji_ucznia_i_jakie_elementy_zawiera\" >Co to jest indywidualna karta obserwacji ucznia i jakie elementy zawiera?<\/a><\/li><\/ul><\/li><li class='ez-toc-page-1 ez-toc-heading-level-1'><a class=\"ez-toc-link ez-toc-heading-2\" href=\"https:\/\/epedagog.edu.pl\/aktualnosci\/indywidualna-karta-obserwacji-ucznia-co-to-jest-i-do-czego-sluzy\/#Jak_przygotowac_indywidualna_karte_obserwacji\" >Jak przygotowa\u0107 indywidualn\u0105 kart\u0119 obserwacji?<\/a><ul class='ez-toc-list-level-2' ><li class='ez-toc-heading-level-2'><a class=\"ez-toc-link ez-toc-heading-3\" href=\"https:\/\/epedagog.edu.pl\/aktualnosci\/indywidualna-karta-obserwacji-ucznia-co-to-jest-i-do-czego-sluzy\/#Jak_wykorzystac_informacje_z_karty_obserwacji\" >Jak wykorzysta\u0107 informacje z karty obserwacji?<\/a><\/li><li class='ez-toc-page-1 ez-toc-heading-level-2'><a class=\"ez-toc-link ez-toc-heading-4\" href=\"https:\/\/epedagog.edu.pl\/aktualnosci\/indywidualna-karta-obserwacji-ucznia-co-to-jest-i-do-czego-sluzy\/#Przygotuj_sie_do_roli_pedagoga_%E2%80%93_wybierz_kurs\" >Przygotuj si\u0119 do roli pedagoga \u2013 wybierz kurs!<\/a><\/li><\/ul><\/li><\/ul><\/nav><\/div>\n<h2><span class=\"ez-toc-section\" id=\"Co_to_jest_indywidualna_karta_obserwacji_ucznia_i_jakie_elementy_zawiera\"><\/span><span style=\"font-weight: 400;\">Co to jest indywidualna karta obserwacji ucznia i jakie elementy zawiera?<\/span><span class=\"ez-toc-section-end\"><\/span><\/h2>\n<p><span style=\"font-weight: 400;\">\u00a0Indywidualna karta obserwacji ucznia to jeden z dokument\u00f3w, kt\u00f3ry <\/span><b>powinien znale\u017a\u0107 si\u0119 w dokumentacji pedagogicznej ka\u017cdego ucznia<\/b><span style=\"font-weight: 400;\"> niezale\u017cnie od jego wieku czy poziomu edukacji. Mo\u017ce by\u0107 przydatny zar\u00f3wno wychowawcom, pedagogom prowadz\u0105cym poszczeg\u00f3lne przedmioty, jak i praktykantom. Karta to r\u00f3wnie\u017c cenne <\/span><b>\u017ar\u00f3d\u0142o wiedzy o danej osobie dla psycholog\u00f3w i innych specjalist\u00f3w, <\/b><span style=\"font-weight: 400;\">kt\u00f3rzy maj\u0105 kontakt z uczniem w przypadku wyst\u0119powania problem\u00f3w rozwojowych czy negatywnych zjawisk spo\u0142eczno-komunikacyjnych.<\/span><\/p>\n<p><img loading=\"lazy\" decoding=\"async\" class=\"alignnone size-full wp-image-1465\" src=\"https:\/\/epedagog.edu.pl\/aktualnosci\/wp-content\/uploads\/2024\/08\/indywidualna-karta-obserwacji-ucznia-scaled.jpg\" alt=\"indywidualna-karta-obserwacji-ucznia\" width=\"2560\" height=\"1696\" srcset=\"https:\/\/epedagog.edu.pl\/aktualnosci\/wp-content\/uploads\/2024\/08\/indywidualna-karta-obserwacji-ucznia-scaled.jpg 2560w, https:\/\/epedagog.edu.pl\/aktualnosci\/wp-content\/uploads\/2024\/08\/indywidualna-karta-obserwacji-ucznia-300x199.jpg 300w, https:\/\/epedagog.edu.pl\/aktualnosci\/wp-content\/uploads\/2024\/08\/indywidualna-karta-obserwacji-ucznia-1024x678.jpg 1024w, https:\/\/epedagog.edu.pl\/aktualnosci\/wp-content\/uploads\/2024\/08\/indywidualna-karta-obserwacji-ucznia-768x509.jpg 768w, https:\/\/epedagog.edu.pl\/aktualnosci\/wp-content\/uploads\/2024\/08\/indywidualna-karta-obserwacji-ucznia-1536x1017.jpg 1536w, https:\/\/epedagog.edu.pl\/aktualnosci\/wp-content\/uploads\/2024\/08\/indywidualna-karta-obserwacji-ucznia-2048x1356.jpg 2048w, https:\/\/epedagog.edu.pl\/aktualnosci\/wp-content\/uploads\/2024\/08\/indywidualna-karta-obserwacji-ucznia-696x461.jpg 696w, https:\/\/epedagog.edu.pl\/aktualnosci\/wp-content\/uploads\/2024\/08\/indywidualna-karta-obserwacji-ucznia-1068x707.jpg 1068w, https:\/\/epedagog.edu.pl\/aktualnosci\/wp-content\/uploads\/2024\/08\/indywidualna-karta-obserwacji-ucznia-634x420.jpg 634w, https:\/\/epedagog.edu.pl\/aktualnosci\/wp-content\/uploads\/2024\/08\/indywidualna-karta-obserwacji-ucznia-1920x1272.jpg 1920w\" sizes=\"auto, (max-width: 2560px) 100vw, 2560px\" \/><\/p>\n<p><span style=\"font-weight: 400;\">Dokument <\/span><b>s\u0142u\u017cy przede wszystkim do monitorowania post\u0119p\u00f3w w nauce<\/b><span style=\"font-weight: 400;\">, identyfikacji okre\u015blonych potrzeb ucznia czy dzia\u0142aniom, kt\u00f3re mog\u0142yby by\u0107 odpowiednimi formami wsparcia edukacyjnego.<\/span><\/p>\n<p><span style=\"font-weight: 400;\">Indywidualna karta obserwacji ucznia zawiera kluczowe elementy dotycz\u0105ce wywi\u0105zywania si\u0119 podopiecznego z obowi\u0105zku szkolnego, a tak\u017ce post\u0119powania zgodnie z dobrem spo\u0142eczno\u015bci szkolnej czy dba\u0142o\u015bci\u0105 o honor i tradycje szko\u0142y. To zatem nie tylko <\/span><b>aspekty zwi\u0105zane z przygotowaniem do lekcji<\/b><span style=\"font-weight: 400;\">, aktywno\u015bci\u0105, poziomem umiej\u0119tno\u015bci czy <\/span><b>zaanga\u017cowaniem w prowadzone zaj\u0119cia<\/b><span style=\"font-weight: 400;\">, ale r\u00f3wnie\u017c takie kwestie jak koncentracja, podej\u015bcie do przedmiotu, interakcje z innymi i inne cechy spo\u0142eczne.<\/span><\/p>\n<p><span style=\"font-weight: 400;\">Dzi\u0119ki indywidualnej karcie spo\u0142ecznej mo\u017cna <\/span><b>przeanalizowa\u0107 okre\u015blone zachowania ucznia i o wiele \u0142atwiej zdiagnozowa\u0107 ewentualny problem<\/b><span style=\"font-weight: 400;\">, a nast\u0119pnie podda\u0107 go wnikliwej analizie specjalist\u00f3w. To r\u00f3wnie\u017c szansa na indywidualne podej\u015bcie w przypadku os\u00f3b uzdolnionych.<\/span><\/p>\n<blockquote><p><a href=\"https:\/\/epedagog.edu.pl\/oferta\/kursy\/kurs-kwalifikacyjny-pedagogiczny-dla-nauczycieli-270-godzin-teorii-150-godzin-praktyki\"><span style=\"font-weight: 400;\">ZDOB\u0104D\u0179 CENN\u0104 WIEDZ\u0118 W PROWADZENIU ZAJ\u0118\u0106 PEDAGOGICZNYCH. WYBIERZ \u201eKURS KWALIFIKACYJNY PEDAGOGICZNY DLA NAUCZYCIELI\u201d!<\/span><\/a><\/p><\/blockquote>\n<h1><span class=\"ez-toc-section\" id=\"Jak_przygotowac_indywidualna_karte_obserwacji\"><\/span><span style=\"font-weight: 400;\">Jak przygotowa\u0107 indywidualn\u0105 kart\u0119 obserwacji?<\/span><span class=\"ez-toc-section-end\"><\/span><\/h1>\n<p><span style=\"font-weight: 400;\">Aby przygotowa\u0107 indywidualn\u0105 kart\u0119 obserwacji, <\/span><b>najpierw nale\u017cy ustali\u0107 cele <\/b><span style=\"font-weight: 400;\">podj\u0119cia takiego dzia\u0142ania. Warto pami\u0119ta\u0107, \u017ce dokonanie zapis\u00f3w musi odbywa\u0107 si\u0119 w czasie i miejscu, kt\u00f3re umo\u017cliwi\u0105 dokonanie wiarygodnych ocen. Przyk\u0142adowo, je\u017celi chcemy sprawdzi\u0107, jak ucze\u0144 radzi sobie podczas integracji z innymi osobami w grupie, nale\u017cy dokona\u0107 zapis\u00f3w podczas zaj\u0119\u0107, w kt\u00f3rych znajdowa\u0107 si\u0119 b\u0119dzie np. zadanie do wykonania w parach lub ma\u0142ych grupach.<\/span><\/p>\n<p><span style=\"font-weight: 400;\">Nast\u0119pnie istotne jest <\/span><b>dobranie odpowiednich kategorii zapisu<\/b><span style=\"font-weight: 400;\"> tak, aby mo\u017cna by\u0142o uzyska\u0107 dane istotne dla zamierzonego celu. Je\u017celi chcemy oceni\u0107 umiej\u0119tno\u015b\u0107 nawi\u0105zywania relacji lub zdolno\u015b\u0107 do pracy w grupie, warto podda\u0107 weryfikacji np. komunikatywno\u015b\u0107 czy umiej\u0119tno\u015b\u0107 s\u0142uchania.<\/span><\/p>\n<h2><span class=\"ez-toc-section\" id=\"Jak_wykorzystac_informacje_z_karty_obserwacji\"><\/span><span style=\"font-weight: 400;\">Jak wykorzysta\u0107 informacje z karty obserwacji?<\/span><span class=\"ez-toc-section-end\"><\/span><\/h2>\n<p><span style=\"font-weight: 400;\">Informacje uzyskane w kartach obserwacji uczni\u00f3w pozwalaj\u0105 oceni\u0107, na ile uczniowie radz\u0105 sobie z okre\u015blonymi zadaniami, jakie s\u0105 ich mocne strony, a nad czym warto jeszcze popracowa\u0107 i skupi\u0107 uwag\u0119. Dzi\u0119ki temu mo\u017cna zmodyfikowa\u0107 program i dobra\u0107 \u0107wiczenia w taki spos\u00f3b, aby skoncentrowa\u0107 si\u0119 na bie\u017c\u0105cych potrzebach.<\/span><\/p>\n<p><b>Dzi\u0119ki zgromadzonym danym mo\u017cna te\u017c pom\u00f3c rodzicom i opiekunom.<\/b><span style=\"font-weight: 400;\"> Przekazanie kluczowych danych umo\u017cliwia zwr\u00f3cenie uwagi na okre\u015blone zachowania i aspekty tak\u017ce w \u015brodowisku domowym. To szansa na prac\u0119 tak\u017ce poza \u015brodowiskiem szkolnym, a tym samym jeszcze lepsze <\/span><b>pobudzanie do rozwoju i doskonalenia umiej\u0119tno\u015bci<\/b><span style=\"font-weight: 400;\">.<\/span><\/p>\n<p><span style=\"font-weight: 400;\">Informacje zgromadzone w indywidualnych kartach uczni\u00f3w mog\u0105 by\u0107 r\u00f3wnie\u017c przyk\u0142adami na przysz\u0142o\u015b\u0107 i <\/span><b>punktami odniesienia dla innych os\u00f3b<\/b><span style=\"font-weight: 400;\">. Cho\u0107 ka\u017cde dziecko jest inne, dany przypadek cz\u0119sto mo\u017ce stanowi\u0107 trop w okre\u015blonym post\u0119powaniu lub pomys\u0142 na to, jak wspom\u00f3c rozw\u00f3j konkretnej osoby.<\/span><\/p>\n<p><a href=\"https:\/\/epedagog.edu.pl\/oferta\/kursy\/kurs-kwalifikacyjny-pedagogiczny-dla-nauczycieli-270-godzin-teorii-150-godzin-praktyki\"><img loading=\"lazy\" decoding=\"async\" class=\"alignnone size-full wp-image-613\" src=\"https:\/\/epedagog.edu.pl\/aktualnosci\/wp-content\/uploads\/2022\/03\/baner_linkuj\u0105cy.png\" alt=\"indywidualna-karta-obserwacji-ucznia \" width=\"694\" height=\"151\" srcset=\"https:\/\/epedagog.edu.pl\/aktualnosci\/wp-content\/uploads\/2022\/03\/baner_linkuj\u0105cy.png 694w, https:\/\/epedagog.edu.pl\/aktualnosci\/wp-content\/uploads\/2022\/03\/baner_linkuj\u0105cy-300x65.png 300w\" sizes=\"auto, (max-width: 694px) 100vw, 694px\" \/><\/a><\/p>\n<h2><span class=\"ez-toc-section\" id=\"Przygotuj_sie_do_roli_pedagoga_%E2%80%93_wybierz_kurs\"><\/span><span style=\"font-weight: 400;\">Przygotuj si\u0119 do roli pedagoga \u2013 wybierz kurs!<\/span><span class=\"ez-toc-section-end\"><\/span><\/h2>\n<p><span style=\"font-weight: 400;\">Aby jeszcze lepiej przygotowa\u0107 si\u0119 do pracy pedagoga, warto zdecydowa\u0107 si\u0119 na<\/span><span style=\"font-weight: 400;\"> \u201c<\/span><a href=\"https:\/\/epedagog.edu.pl\/oferta\/kursy\/kurs-kwalifikacyjny-pedagogiczny-dla-nauczycieli-270-godzin-teorii-150-godzin-praktyki\"><span style=\"font-weight: 400;\">Kurs kwalifikacyjny pedagogiczny dla nauczycieli online<\/span><\/a><span style=\"font-weight: 400;\">\u201d dost\u0119pny na ePedagog.edu.pl. Program kursu przewiduje zagadnienia z pedagogiki og\u00f3lnej, historii wychowania, a tak\u017ce innych interesuj\u0105cych dziedzin. Kurs ko\u0144czy si\u0119 egzaminem, a <\/span><b>absolwent uzyskuje dokumentacj\u0119 zgodn\u0105 z wymogami MEiN. <\/b><span style=\"font-weight: 400;\">Nale\u017cy pami\u0119ta\u0107, \u017ce<\/span> <span style=\"font-weight: 400;\">kurs jest dedykowany osobom, kt\u00f3re chc\u0105 prowadzi\u0107 zaj\u0119cia dydaktyczne w szko\u0142ach i innych plac\u00f3wkach o\u015bwiatowych, nieposiadaj\u0105cym jednak przygotowania pedagogicznego<\/span><b>. <\/b><\/p>\n","protected":false},"excerpt":{"rendered":"<p>Przekazywanie wiedzy uczniom, szczeg\u00f3lnie tym ze specjalnymi potrzebami edukacyjnymi,\u00a0 to praca, kt\u00f3ra daje wiele satysfakcji, ale stanowi te\u017c nie\u0142atwe zadanie. Aby mo\u017cliwa by\u0142a ocena umiej\u0119tno\u015bci i skuteczna obserwacja post\u0119p\u00f3w ka\u017cdej z os\u00f3b wchodz\u0105cych w sk\u0142ad danej grupy, bardzo przydatna jest indywidualna karta obserwacji ucznia. Sprawd\u017a, czym jest taki dokument, w jaki spos\u00f3b mo\u017cna go stworzy\u0107 [&hellip;]<\/p>\n","protected":false},"author":18,"featured_media":1466,"comment_status":"closed","ping_status":"closed","sticky":false,"template":"","format":"standard","meta":{"_lmt_disableupdate":"no","_lmt_disable":"no","footnotes":""},"categories":[1270],"tags":[],"class_list":["post-1464","post","type-post","status-publish","format-standard","has-post-thumbnail","hentry","category-pedagogika"],"modified_by":"digital","_links":{"self":[{"href":"https:\/\/epedagog.edu.pl\/aktualnosci\/wp-json\/wp\/v2\/posts\/1464","targetHints":{"allow":["GET"]}}],"collection":[{"href":"https:\/\/epedagog.edu.pl\/aktualnosci\/wp-json\/wp\/v2\/posts"}],"about":[{"href":"https:\/\/epedagog.edu.pl\/aktualnosci\/wp-json\/wp\/v2\/types\/post"}],"author":[{"embeddable":true,"href":"https:\/\/epedagog.edu.pl\/aktualnosci\/wp-json\/wp\/v2\/users\/18"}],"replies":[{"embeddable":true,"href":"https:\/\/epedagog.edu.pl\/aktualnosci\/wp-json\/wp\/v2\/comments?post=1464"}],"version-history":[{"count":3,"href":"https:\/\/epedagog.edu.pl\/aktualnosci\/wp-json\/wp\/v2\/posts\/1464\/revisions"}],"predecessor-version":[{"id":1596,"href":"https:\/\/epedagog.edu.pl\/aktualnosci\/wp-json\/wp\/v2\/posts\/1464\/revisions\/1596"}],"wp:featuredmedia":[{"embeddable":true,"href":"https:\/\/epedagog.edu.pl\/aktualnosci\/wp-json\/wp\/v2\/media\/1466"}],"wp:attachment":[{"href":"https:\/\/epedagog.edu.pl\/aktualnosci\/wp-json\/wp\/v2\/media?parent=1464"}],"wp:term":[{"taxonomy":"category","embeddable":true,"href":"https:\/\/epedagog.edu.pl\/aktualnosci\/wp-json\/wp\/v2\/categories?post=1464"},{"taxonomy":"post_tag","embeddable":true,"href":"https:\/\/epedagog.edu.pl\/aktualnosci\/wp-json\/wp\/v2\/tags?post=1464"}],"curies":[{"name":"wp","href":"https:\/\/api.w.org\/{rel}","templated":true}]}}