{"id":1449,"date":"2024-07-29T12:12:49","date_gmt":"2024-07-29T10:12:49","guid":{"rendered":"https:\/\/epedagog.edu.pl\/aktualnosci\/?p=1449"},"modified":"2024-11-25T10:02:28","modified_gmt":"2024-11-25T09:02:28","slug":"zespol-hellera-u-dzieci-czy-rozpoznalbys-te-objawy","status":"publish","type":"post","link":"https:\/\/epedagog.edu.pl\/aktualnosci\/zespol-hellera-u-dzieci-czy-rozpoznalbys-te-objawy\/","title":{"rendered":"Zesp\u00f3\u0142 Hellera u dzieci. Czy rozpozna\u0142by\u015b te objawy?"},"content":{"rendered":"<p><span style=\"font-weight: 400;\">U dzieci mo\u017ce wyst\u0105pi\u0107 wiele r\u00f3\u017cnego rodzaju zaburze\u0144 rozwojowych, kt\u00f3re niekiedy ci\u0119\u017cko jest od siebie odr\u00f3\u017cni\u0107 i poprawnie zdiagnozowa\u0107. Tak bywa w przypadku rzadkiej przypad\u0142o\u015bci, jak\u0105 jest zesp\u00f3\u0142 Hellera. Przyczyny schorzenia nie zosta\u0142y dok\u0142adnie poznane, cho\u0107 wskazuje si\u0119 na du\u017ce prawdopodobie\u0144stwo zaburze\u0144 bioelektrycznej aktywno\u015bci neuron\u00f3w w zwi\u0105zku z cz\u0119sto pojawiaj\u0105c\u0105 si\u0119 jednocze\u015bnie padaczk\u0105. Czym jest zesp\u00f3\u0142 Hellera u dzieci, jak go rozpozna\u0107 i co zrobi\u0107, aby wspom\u00f3c rozw\u00f3j dzieci z t\u0105 chorob\u0105?<\/span><\/p>\n<div id=\"ez-toc-container\" class=\"ez-toc-v2_0_76 counter-hierarchy ez-toc-counter ez-toc-custom ez-toc-container-direction\">\n<div class=\"ez-toc-title-container\">\n<p class=\"ez-toc-title\" style=\"cursor:inherit\">Spis tre\u015bci<\/p>\n<span class=\"ez-toc-title-toggle\"><a href=\"#\" class=\"ez-toc-pull-right ez-toc-btn ez-toc-btn-xs ez-toc-btn-default ez-toc-toggle\" aria-label=\"Prze\u0142\u0105cznik Spisu Tre\u015bci\"><span class=\"ez-toc-js-icon-con\"><span class=\"\"><span class=\"eztoc-hide\" style=\"display:none;\">Toggle<\/span><span class=\"ez-toc-icon-toggle-span\"><svg style=\"fill: #999;color:#999\" xmlns=\"http:\/\/www.w3.org\/2000\/svg\" class=\"list-377408\" width=\"20px\" height=\"20px\" viewBox=\"0 0 24 24\" fill=\"none\"><path d=\"M6 6H4v2h2V6zm14 0H8v2h12V6zM4 11h2v2H4v-2zm16 0H8v2h12v-2zM4 16h2v2H4v-2zm16 0H8v2h12v-2z\" fill=\"currentColor\"><\/path><\/svg><svg style=\"fill: #999;color:#999\" class=\"arrow-unsorted-368013\" xmlns=\"http:\/\/www.w3.org\/2000\/svg\" width=\"10px\" height=\"10px\" viewBox=\"0 0 24 24\" version=\"1.2\" baseProfile=\"tiny\"><path d=\"M18.2 9.3l-6.2-6.3-6.2 6.3c-.2.2-.3.4-.3.7s.1.5.3.7c.2.2.4.3.7.3h11c.3 0 .5-.1.7-.3.2-.2.3-.5.3-.7s-.1-.5-.3-.7zM5.8 14.7l6.2 6.3 6.2-6.3c.2-.2.3-.5.3-.7s-.1-.5-.3-.7c-.2-.2-.4-.3-.7-.3h-11c-.3 0-.5.1-.7.3-.2.2-.3.5-.3.7s.1.5.3.7z\"\/><\/svg><\/span><\/span><\/span><\/a><\/span><\/div>\n<nav><ul class='ez-toc-list ez-toc-list-level-1 ' ><li class='ez-toc-page-1 ez-toc-heading-level-2'><a class=\"ez-toc-link ez-toc-heading-1\" href=\"https:\/\/epedagog.edu.pl\/aktualnosci\/zespol-hellera-u-dzieci-czy-rozpoznalbys-te-objawy\/#Zespol_Hellera_%E2%80%93_objawy\" >Zesp\u00f3\u0142 Hellera \u2013 objawy<\/a><\/li><li class='ez-toc-page-1 ez-toc-heading-level-2'><a class=\"ez-toc-link ez-toc-heading-2\" href=\"https:\/\/epedagog.edu.pl\/aktualnosci\/zespol-hellera-u-dzieci-czy-rozpoznalbys-te-objawy\/#Wykrywanie_i_reagowanie_na_objawy_zespolu_Hellera_oraz_leczenie\" >Wykrywanie i reagowanie na objawy zespo\u0142u Hellera oraz leczenie<\/a><\/li><li class='ez-toc-page-1 ez-toc-heading-level-2'><a class=\"ez-toc-link ez-toc-heading-3\" href=\"https:\/\/epedagog.edu.pl\/aktualnosci\/zespol-hellera-u-dzieci-czy-rozpoznalbys-te-objawy\/#Zespol_Hellera_%E2%80%93_znaczenie_szkolenia_i_edukacji_w_zakresie_pedagogiki_specjalnej\" >Zesp\u00f3\u0142 Hellera \u2013 znaczenie szkolenia i edukacji w zakresie pedagogiki specjalnej<\/a><\/li><\/ul><\/nav><\/div>\n<h2><span class=\"ez-toc-section\" id=\"Zespol_Hellera_%E2%80%93_objawy\"><\/span><span style=\"font-weight: 400;\">Zesp\u00f3\u0142 Hellera \u2013 objawy<\/span><span class=\"ez-toc-section-end\"><\/span><\/h2>\n<p><span style=\"font-weight: 400;\">Zesp\u00f3\u0142 Hellera jest dzieci\u0119cym zaburzeniem dezintegracyjnym, kt\u00f3re skutkuje <\/span><b>utrat\u0105 nabytych wcze\u015bniej umiej\u0119tno\u015bci.<\/b><span style=\"font-weight: 400;\"> W wi\u0119kszo\u015bci przypadk\u00f3w<\/span><b> wyst\u0119puje pomi\u0119dzy 2. a 3. rokiem \u017cycia<\/b><span style=\"font-weight: 400;\">. Zesp\u00f3\u0142 Hellera u dzieci to ca\u0142o\u015bciowe zaburzenie rozwojowe okre\u015blane te\u017c jako ot\u0119pienie dzieci\u0119ce, psychoza rozpadowa lub psychoza symbiotyczna. Niekiedy schorzenie to <\/span><b>mo\u017ce przypomina\u0107 inne przypad\u0142o\u015bci, takie jak autyzm<\/b><span style=\"font-weight: 400;\">. Typowa jest niech\u0119\u0107 do zabawy z r\u00f3wie\u015bnikami czy kontaktu fizycznego. Ponadto warto zna\u0107 te\u017c inne symptomy typowe dla schorzenia, jakim jest zesp\u00f3\u0142 Hellera. Objawy te to:<\/span><\/p>\n<ul>\n<li style=\"font-weight: 400;\" aria-level=\"1\"><span style=\"font-weight: 400;\">\u00a0<\/span><span style=\"font-weight: 400;\">regresja w rozwoju mowy, umiej\u0119tno\u015bciach ruchowych i kontaktach spo\u0142ecznych,<\/span><\/li>\n<li style=\"font-weight: 400;\" aria-level=\"1\"><span style=\"font-weight: 400;\">\u00a0niepos\u0142usze\u0144stwo,<\/span><\/li>\n<li style=\"font-weight: 400;\" aria-level=\"1\"><span style=\"font-weight: 400;\">\u00a0\u0142atwe wpadanie w z\u0142o\u015b\u0107 bez wyra\u017anego powodu,<\/span><\/li>\n<li style=\"font-weight: 400;\" aria-level=\"1\"><span style=\"font-weight: 400;\">\u00a0<\/span><span style=\"font-weight: 400;\">trudno\u015bci w utrzymaniu relacji,<\/span><\/li>\n<li style=\"font-weight: 400;\" aria-level=\"1\"><span style=\"font-weight: 400;\">\u00a0negatywne nastawienie do otoczenia,<\/span><\/li>\n<li style=\"font-weight: 400;\" aria-level=\"1\"><span style=\"font-weight: 400;\">\u00a0obni\u017cenie zdolno\u015bci intelektualnych.<\/span><\/li>\n<\/ul>\n<p><img loading=\"lazy\" decoding=\"async\" class=\"alignnone size-full wp-image-1450\" src=\"https:\/\/epedagog.edu.pl\/aktualnosci\/wp-content\/uploads\/2024\/07\/zespol-hellera-objawy-scaled.jpg\" alt=\"zespol-hellera-objawy\" width=\"2560\" height=\"1707\" srcset=\"https:\/\/epedagog.edu.pl\/aktualnosci\/wp-content\/uploads\/2024\/07\/zespol-hellera-objawy-scaled.jpg 2560w, https:\/\/epedagog.edu.pl\/aktualnosci\/wp-content\/uploads\/2024\/07\/zespol-hellera-objawy-300x200.jpg 300w, https:\/\/epedagog.edu.pl\/aktualnosci\/wp-content\/uploads\/2024\/07\/zespol-hellera-objawy-1024x683.jpg 1024w, https:\/\/epedagog.edu.pl\/aktualnosci\/wp-content\/uploads\/2024\/07\/zespol-hellera-objawy-768x512.jpg 768w, https:\/\/epedagog.edu.pl\/aktualnosci\/wp-content\/uploads\/2024\/07\/zespol-hellera-objawy-1536x1024.jpg 1536w, https:\/\/epedagog.edu.pl\/aktualnosci\/wp-content\/uploads\/2024\/07\/zespol-hellera-objawy-2048x1365.jpg 2048w, https:\/\/epedagog.edu.pl\/aktualnosci\/wp-content\/uploads\/2024\/07\/zespol-hellera-objawy-696x464.jpg 696w, https:\/\/epedagog.edu.pl\/aktualnosci\/wp-content\/uploads\/2024\/07\/zespol-hellera-objawy-1068x712.jpg 1068w, https:\/\/epedagog.edu.pl\/aktualnosci\/wp-content\/uploads\/2024\/07\/zespol-hellera-objawy-630x420.jpg 630w, https:\/\/epedagog.edu.pl\/aktualnosci\/wp-content\/uploads\/2024\/07\/zespol-hellera-objawy-1920x1280.jpg 1920w\" sizes=\"auto, (max-width: 2560px) 100vw, 2560px\" \/><\/p>\n<p><span style=\"font-weight: 400;\">Zesp\u00f3\u0142 Hellera u dzieci wi\u0105\u017ce si\u0119 niekiedy r\u00f3wnie\u017c z <\/span><b>wyst\u0119powaniem halucynacji<\/b><span style=\"font-weight: 400;\">, ale te\u017c znacznym <\/span><b>obni\u017ceniem poczucia w\u0142asnej warto\u015bci i pewno\u015bci siebie<\/b><span style=\"font-weight: 400;\">. Dlatego tak wa\u017cne jest, aby pedagodzy i wychowawcy byli odpowiednio przygotowani do opieki nad dzie\u0107mi z r\u00f3\u017cnego rodzaju zaburzeniami. W tym celu <\/span><b>warto podejmowa\u0107 specjalistyczne kursy z zakresu pedagogiki specjalnej<\/b><span style=\"font-weight: 400;\">.<\/span><\/p>\n<blockquote><p><a href=\"https:\/\/epedagog.edu.pl\/oferta\/kategorie\/kursy-z-zakresu-pedagogiki-specjalnej\"><span style=\"font-weight: 400;\">ZDOB\u0104D\u0179 CENN\u0104 WIEDZ\u0118 I UMIEJ\u0118TNO\u015aCI, DZI\u0118KI KT\u00d3RYM WSPOMO\u017bESZ TERAPI\u0118 DZIECI Z ZABURZENIAMI ROZWOJOWYMI. POMO\u017bE W TYM PEDAGOGIKA SPECJALNA \u2013 KURSY!<\/span><\/a><\/p><\/blockquote>\n<h2><span class=\"ez-toc-section\" id=\"Wykrywanie_i_reagowanie_na_objawy_zespolu_Hellera_oraz_leczenie\"><\/span><span style=\"font-weight: 400;\">Wykrywanie i reagowanie na objawy zespo\u0142u Hellera oraz leczenie<\/span><span class=\"ez-toc-section-end\"><\/span><\/h2>\n<p><span style=\"font-weight: 400;\">Aby zdiagnozowa\u0107 zesp\u00f3\u0142 Hellera trzeba <\/span><b>najpierw wykluczy\u0107 wyst\u0119powanie u dziecka autyzmu<\/b><span style=\"font-weight: 400;\">. Najcz\u0119\u015bciej dzieci do 3. roku \u017cycia w przypadku zespo\u0142u Hellera rozwijaj\u0105 si\u0119 prawid\u0142owo. Natomiast typowe symptomy autyzmu s\u0105 widoczne znacznie wcze\u015bniej. <\/span><b>Wykrycie zespo\u0142u Hellera polega na uj\u0119ciu interdyscyplinarnym<\/b><span style=\"font-weight: 400;\"> i obejmuje konsultacj\u0119 z logoped\u0105, psychologiem, psychiatr\u0105, fizjoterapeut\u0105 dzieci\u0119cym i pediatr\u0105. Ocenie podlegaj\u0105 takie aspekty jak:<\/span><\/p>\n<ul>\n<li style=\"font-weight: 400;\" aria-level=\"1\"><span style=\"font-weight: 400;\">\u00a0 komunikacja werbalna,<\/span><\/li>\n<li style=\"font-weight: 400;\" aria-level=\"1\"><span style=\"font-weight: 400;\">\u00a0 funkcje s\u0142uchowe, czuciowe i wzrokowe,<\/span><\/li>\n<li style=\"font-weight: 400;\" aria-level=\"1\"><span style=\"font-weight: 400;\">\u00a0 motoryka ma\u0142a i du\u017ca,<\/span><\/li>\n<li style=\"font-weight: 400;\" aria-level=\"1\"><span style=\"font-weight: 400;\">\u00a0\u00a0<\/span><span style=\"font-weight: 400;\">koncentracja i pami\u0119\u0107,<\/span><\/li>\n<li style=\"font-weight: 400;\" aria-level=\"1\"><span style=\"font-weight: 400;\">\u00a0 kompetencje j\u0119zykowe i komunikacyjne,<\/span><\/li>\n<li style=\"font-weight: 400;\" aria-level=\"1\"><span style=\"font-weight: 400;\">\u00a0\u00a0<\/span><span style=\"font-weight: 400;\">lateralizacja r\u0119ki, nogi, oka i ucha,<\/span><\/li>\n<li style=\"font-weight: 400;\" aria-level=\"1\"><span style=\"font-weight: 400;\">\u00a0 <\/span><span style=\"font-weight: 400;\">rozumienie regu\u0142 j\u0119zykowych o charakterze sytuacyjnym i pragmatycznym,<\/span><\/li>\n<li style=\"font-weight: 400;\" aria-level=\"1\"><span style=\"font-weight: 400;\">\u00a0 <\/span><span style=\"font-weight: 400;\">sprawno\u015b\u0107 interakcyjna.<\/span><\/li>\n<\/ul>\n<p><span style=\"font-weight: 400;\">Niekiedy wykonuje si\u0119 te\u017c tomografi\u0119 komputerow\u0105 g\u0142owy.<\/span><\/p>\n<p><a href=\"https:\/\/epedagog.edu.pl\/oferta\/kategorie\/kursy-z-zakresu-pedagogiki-specjalnej\"><img loading=\"lazy\" decoding=\"async\" class=\"alignnone size-full wp-image-613\" src=\"https:\/\/epedagog.edu.pl\/aktualnosci\/wp-content\/uploads\/2022\/03\/baner_linkuj\u0105cy.png\" alt=\"zespol-hellera \" width=\"694\" height=\"151\" srcset=\"https:\/\/epedagog.edu.pl\/aktualnosci\/wp-content\/uploads\/2022\/03\/baner_linkuj\u0105cy.png 694w, https:\/\/epedagog.edu.pl\/aktualnosci\/wp-content\/uploads\/2022\/03\/baner_linkuj\u0105cy-300x65.png 300w\" sizes=\"auto, (max-width: 694px) 100vw, 694px\" \/><\/a><\/p>\n<p><b>Nie da si\u0119 wyleczy\u0107 zespo\u0142u Hellera w spos\u00f3b ca\u0142kowity<\/b><span style=\"font-weight: 400;\">. Kluczowa jest jednak <\/span><b>rehabilitacja ruchowa, terapia manualna czy integracja sensoryczna<\/b><span style=\"font-weight: 400;\">. Dzieci z zespo\u0142em Hellera powinny znajdowa\u0107 si\u0119 r\u00f3wnie\u017c pod sta\u0142\u0105 opiek\u0105 logopedy i psychologa.<\/span><\/p>\n<h2><span class=\"ez-toc-section\" id=\"Zespol_Hellera_%E2%80%93_znaczenie_szkolenia_i_edukacji_w_zakresie_pedagogiki_specjalnej\"><\/span><span style=\"font-weight: 400;\">Zesp\u00f3\u0142 Hellera \u2013 znaczenie szkolenia i edukacji w zakresie pedagogiki specjalnej<\/span><span class=\"ez-toc-section-end\"><\/span><\/h2>\n<p><span style=\"font-weight: 400;\">W przypadku problem\u00f3w i zaburze\u0144 rozwojowych, takich jak zesp\u00f3\u0142 Hellera bardzo wa\u017cna jest <\/span><b>\u015bwiadomo\u015b\u0107 pedagog\u00f3w i opiekun\u00f3w co do poszczeg\u00f3lnych objaw\u00f3w<\/b><span style=\"font-weight: 400;\">, a tak\u017ce sposob\u00f3w post\u0119powania z podopiecznymi czy wdra\u017caniem odpowiednich zaj\u0119\u0107. Kluczowa dla dobra dziecka jest tak\u017ce <\/span><b>wsp\u00f3\u0142praca z innymi pedagogami, terapeutami i rodzicami<\/b><span style=\"font-weight: 400;\">.<\/span><\/p>\n<p><span style=\"font-weight: 400;\">W zaburzeniach rozwojowych i neurologicznych, w tym w zespole Hellera bardzo wa\u017cna jest te\u017c<\/span><a href=\"https:\/\/epedagog.edu.pl\/aktualnosci\/wczesna-interwencja-u-dzieci-jak-powinna-wygladac\/\"> <span style=\"font-weight: 400;\">jak najwcze\u015bniejsza interwencja<\/span><\/a><span style=\"font-weight: 400;\">. <\/span><b>Odpowiednie podej\u015bcie do podopiecznego znacznie wp\u0142ynie te\u017c na jego komfort psychiczny<\/b><span style=\"font-weight: 400;\"> i u\u0142atwi przystosowanie si\u0119 do funkcjonowania w spo\u0142ecze\u0144stwie.<\/span><\/p>\n<p><span style=\"font-weight: 400;\">Specyfik\u0119 zaburze\u0144 mowy, ruchu i rozwoju pomagaj\u0105 zrozumie\u0107 kursy i szkolenia z zakresu pedagogiki specjalnej. W tym celu pomo\u017ce<\/span><a href=\"https:\/\/epedagog.edu.pl\/oferta\/kategorie\/kursy-z-zakresu-pedagogiki-specjalnej\"> <span style=\"font-weight: 400;\">Pedagogika specjalna \u2013 kursy<\/span><\/a><span style=\"font-weight: 400;\"> dost\u0119pne na platformie dydaktycznej ePedagog.edu.pl. prowadzone zgodne z Rozporz\u0105dzeniem Ministra Edukacji i Nauki. Po zdanym egzaminie <\/span><b>absolwent wybranego kursu otrzymuje dokumentacj\u0119 zgodn\u0105 z MEiN.<\/b><\/p>\n","protected":false},"excerpt":{"rendered":"<p>U dzieci mo\u017ce wyst\u0105pi\u0107 wiele r\u00f3\u017cnego rodzaju zaburze\u0144 rozwojowych, kt\u00f3re niekiedy ci\u0119\u017cko jest od siebie odr\u00f3\u017cni\u0107 i poprawnie zdiagnozowa\u0107. Tak bywa w przypadku rzadkiej przypad\u0142o\u015bci, jak\u0105 jest zesp\u00f3\u0142 Hellera. Przyczyny schorzenia nie zosta\u0142y dok\u0142adnie poznane, cho\u0107 wskazuje si\u0119 na du\u017ce prawdopodobie\u0144stwo zaburze\u0144 bioelektrycznej aktywno\u015bci neuron\u00f3w w zwi\u0105zku z cz\u0119sto pojawiaj\u0105c\u0105 si\u0119 jednocze\u015bnie padaczk\u0105. Czym jest [&hellip;]<\/p>\n","protected":false},"author":18,"featured_media":1451,"comment_status":"closed","ping_status":"closed","sticky":false,"template":"","format":"standard","meta":{"_lmt_disableupdate":"no","_lmt_disable":"no","footnotes":""},"categories":[1270],"tags":[],"class_list":["post-1449","post","type-post","status-publish","format-standard","has-post-thumbnail","hentry","category-pedagogika"],"modified_by":"digital","_links":{"self":[{"href":"https:\/\/epedagog.edu.pl\/aktualnosci\/wp-json\/wp\/v2\/posts\/1449","targetHints":{"allow":["GET"]}}],"collection":[{"href":"https:\/\/epedagog.edu.pl\/aktualnosci\/wp-json\/wp\/v2\/posts"}],"about":[{"href":"https:\/\/epedagog.edu.pl\/aktualnosci\/wp-json\/wp\/v2\/types\/post"}],"author":[{"embeddable":true,"href":"https:\/\/epedagog.edu.pl\/aktualnosci\/wp-json\/wp\/v2\/users\/18"}],"replies":[{"embeddable":true,"href":"https:\/\/epedagog.edu.pl\/aktualnosci\/wp-json\/wp\/v2\/comments?post=1449"}],"version-history":[{"count":2,"href":"https:\/\/epedagog.edu.pl\/aktualnosci\/wp-json\/wp\/v2\/posts\/1449\/revisions"}],"predecessor-version":[{"id":1597,"href":"https:\/\/epedagog.edu.pl\/aktualnosci\/wp-json\/wp\/v2\/posts\/1449\/revisions\/1597"}],"wp:featuredmedia":[{"embeddable":true,"href":"https:\/\/epedagog.edu.pl\/aktualnosci\/wp-json\/wp\/v2\/media\/1451"}],"wp:attachment":[{"href":"https:\/\/epedagog.edu.pl\/aktualnosci\/wp-json\/wp\/v2\/media?parent=1449"}],"wp:term":[{"taxonomy":"category","embeddable":true,"href":"https:\/\/epedagog.edu.pl\/aktualnosci\/wp-json\/wp\/v2\/categories?post=1449"},{"taxonomy":"post_tag","embeddable":true,"href":"https:\/\/epedagog.edu.pl\/aktualnosci\/wp-json\/wp\/v2\/tags?post=1449"}],"curies":[{"name":"wp","href":"https:\/\/api.w.org\/{rel}","templated":true}]}}