{"id":1443,"date":"2024-07-23T13:44:54","date_gmt":"2024-07-23T11:44:54","guid":{"rendered":"https:\/\/epedagog.edu.pl\/aktualnosci\/?p=1443"},"modified":"2024-11-25T10:01:51","modified_gmt":"2024-11-25T09:01:51","slug":"objawy-dysfunkcji-integracji-sensorycznej-nie-wszystkie-sa-oczywiste","status":"publish","type":"post","link":"https:\/\/epedagog.edu.pl\/aktualnosci\/objawy-dysfunkcji-integracji-sensorycznej-nie-wszystkie-sa-oczywiste\/","title":{"rendered":"Objawy dysfunkcji integracji sensorycznej. Nie wszystkie s\u0105 oczywiste"},"content":{"rendered":"<p><span style=\"font-weight: 400;\">Integracja sensoryczna jest niezwykle wa\u017cna dla prawid\u0142owego rozwoju dziecka i jego postrzegania poszczeg\u00f3lnych przedmiot\u00f3w, proces\u00f3w i zjawisk w otaczaj\u0105cym \u015bwiecie. Obecnie coraz cz\u0119\u015bciej dostrzega si\u0119 istotny aspekt tej dziedziny w wychowaniu dzieci, a tak\u017ce wp\u0142yw na kwestie psychospo\u0142eczne, jak i fizyczne. Dlatego tak wa\u017cne jest, aby zna\u0107 objawy dysfunkcji integracji sensorycznej i umie\u0107 rozpozna\u0107 je na wczesnym etapie. Niekiedy bywa to do\u015b\u0107 trudne. A to w\u0142a\u015bnie od wprowadzenia odpowiedniego dzia\u0142ania w takim przypadku zale\u017cy, czy dziecko wyr\u00f3wna niekt\u00f3re op\u00f3\u017anienia i otrzyma w\u0142a\u015bciw\u0105 pomoc. Sprawd\u017a, co warto wiedzie\u0107 o dysfunkcji integracji sensorycznej i jak pom\u00f3c podopiecznym.<\/span><\/p>\n<div id=\"ez-toc-container\" class=\"ez-toc-v2_0_76 counter-hierarchy ez-toc-counter ez-toc-custom ez-toc-container-direction\">\n<div class=\"ez-toc-title-container\">\n<p class=\"ez-toc-title\" style=\"cursor:inherit\">Spis tre\u015bci<\/p>\n<span class=\"ez-toc-title-toggle\"><a href=\"#\" class=\"ez-toc-pull-right ez-toc-btn ez-toc-btn-xs ez-toc-btn-default ez-toc-toggle\" aria-label=\"Prze\u0142\u0105cznik Spisu Tre\u015bci\"><span class=\"ez-toc-js-icon-con\"><span class=\"\"><span class=\"eztoc-hide\" style=\"display:none;\">Toggle<\/span><span class=\"ez-toc-icon-toggle-span\"><svg style=\"fill: #999;color:#999\" xmlns=\"http:\/\/www.w3.org\/2000\/svg\" class=\"list-377408\" width=\"20px\" height=\"20px\" viewBox=\"0 0 24 24\" fill=\"none\"><path d=\"M6 6H4v2h2V6zm14 0H8v2h12V6zM4 11h2v2H4v-2zm16 0H8v2h12v-2zM4 16h2v2H4v-2zm16 0H8v2h12v-2z\" fill=\"currentColor\"><\/path><\/svg><svg style=\"fill: #999;color:#999\" class=\"arrow-unsorted-368013\" xmlns=\"http:\/\/www.w3.org\/2000\/svg\" width=\"10px\" height=\"10px\" viewBox=\"0 0 24 24\" version=\"1.2\" baseProfile=\"tiny\"><path d=\"M18.2 9.3l-6.2-6.3-6.2 6.3c-.2.2-.3.4-.3.7s.1.5.3.7c.2.2.4.3.7.3h11c.3 0 .5-.1.7-.3.2-.2.3-.5.3-.7s-.1-.5-.3-.7zM5.8 14.7l6.2 6.3 6.2-6.3c.2-.2.3-.5.3-.7s-.1-.5-.3-.7c-.2-.2-.4-.3-.7-.3h-11c-.3 0-.5.1-.7.3-.2.2-.3.5-.3.7s.1.5.3.7z\"\/><\/svg><\/span><\/span><\/span><\/a><\/span><\/div>\n<nav><ul class='ez-toc-list ez-toc-list-level-1 ' ><li class='ez-toc-page-1 ez-toc-heading-level-2'><a class=\"ez-toc-link ez-toc-heading-1\" href=\"https:\/\/epedagog.edu.pl\/aktualnosci\/objawy-dysfunkcji-integracji-sensorycznej-nie-wszystkie-sa-oczywiste\/#Co_to_jest_dysfunkcja_integracji_sensorycznej\" >Co to jest dysfunkcja integracji sensorycznej?<\/a><\/li><li class='ez-toc-page-1 ez-toc-heading-level-2'><a class=\"ez-toc-link ez-toc-heading-2\" href=\"https:\/\/epedagog.edu.pl\/aktualnosci\/objawy-dysfunkcji-integracji-sensorycznej-nie-wszystkie-sa-oczywiste\/#Mniej_oczywiste_objawy_dysfunkcji_integracji_sensorycznej\" >Mniej oczywiste objawy dysfunkcji integracji sensorycznej<\/a><\/li><li class='ez-toc-page-1 ez-toc-heading-level-2'><a class=\"ez-toc-link ez-toc-heading-3\" href=\"https:\/\/epedagog.edu.pl\/aktualnosci\/objawy-dysfunkcji-integracji-sensorycznej-nie-wszystkie-sa-oczywiste\/#Objawy_ktore_latwo_pomylic_z_innymi_zaburzeniami\" >Objawy, kt\u00f3re \u0142atwo pomyli\u0107 z innymi zaburzeniami<\/a><\/li><li class='ez-toc-page-1 ez-toc-heading-level-2'><a class=\"ez-toc-link ez-toc-heading-4\" href=\"https:\/\/epedagog.edu.pl\/aktualnosci\/objawy-dysfunkcji-integracji-sensorycznej-nie-wszystkie-sa-oczywiste\/#Jak_pomoc_podopiecznym_z_objawami_dysfunkcji_integracji_sensorycznej\" >Jak pom\u00f3c podopiecznym z objawami dysfunkcji integracji sensorycznej?<\/a><\/li><\/ul><\/nav><\/div>\n<h2><span class=\"ez-toc-section\" id=\"Co_to_jest_dysfunkcja_integracji_sensorycznej\"><\/span><span style=\"font-weight: 400;\">Co to jest dysfunkcja integracji sensorycznej?<\/span><span class=\"ez-toc-section-end\"><\/span><\/h2>\n<p><span style=\"font-weight: 400;\">Integracja sensoryczna to jednoczesna <\/span><b>rejestracja i odbieranie informacji oraz bod\u017ac\u00f3w ze \u015bwiata zewn\u0119trznego przez poszczeg\u00f3lne narz\u0105dy zmys\u0142\u00f3w<\/b><span style=\"font-weight: 400;\">, a nast\u0119pnie ich przetwarzanie i wykorzystywanie do okre\u015blonej reakcji i dzia\u0142ania. Bod\u017ace te przetwarzane s\u0105 przez o\u015brodkowy uk\u0142ad nerwowy. Ca\u0142y proces przebiega prawid\u0142owo, gdy mo\u017cliwe jest <\/span><b>jednoczesne odbieranie wszystkimi zmys\u0142ami<\/b><span style=\"font-weight: 400;\">, takimi jak: wzrok, dotyk, s\u0142uch, w\u0119ch czy smak (w zale\u017cno\u015bci od konkretnych okoliczno\u015bci).<\/span><\/p>\n<p><span style=\"font-weight: 400;\">Niestety niekiedy dochodzi do zaburze\u0144 w procesie odbierania bod\u017ac\u00f3w lub ich w\u0142a\u015bciwym przetwarzaniu. Do\u015bwiadczenia uniemo\u017cliwiaj\u0105 w\u00f3wczas wyci\u0105gni\u0119cie odpowiednich wniosk\u00f3w, a okre\u015blana <\/span><b>reakcja jest niekompletna lub nieprawid\u0142owa<\/b><span style=\"font-weight: 400;\">. W\u00f3wczas mowa o dysfunkcji integracji sensorycznej. W jej wyniku zdolno\u015bci percepcyjne ulegaj\u0105 zaburzeniu, podobnie jak motoryka czy aspekty spo\u0142eczno-emocjonalne.<\/span><b> Mo\u017ce to skutkowa\u0107 op\u00f3\u017anieniami w rozwoju og\u00f3lnym<\/b><span style=\"font-weight: 400;\">, wycofaniem czy nara\u017ceniem si\u0119 na niebezpiecze\u0144stwo.\u00a0<\/span><\/p>\n<blockquote><p><a href=\"https:\/\/epedagog.edu.pl\/oferta\/kursy\/kurs-kwalifikacyjny-z-zakresu-integracji-sensorycznej-z-terapia-reki\"><span style=\"font-weight: 400;\">ZDOB\u0104D\u0179 CENN\u0104 WIEDZ\u0118 I UMIEJ\u0118TNO\u015aCI POTRZEBNE DO POMOCY DZIECIOM Z ZABURZENIAMI SI. WYBIERZ \u201eKURS KWALIFIKACYJNY INTEGRACJA SENSORYCZNA Z TERAPI\u0104 R\u0118KI\u201d!<\/span><\/a><\/p><\/blockquote>\n<h2><span class=\"ez-toc-section\" id=\"Mniej_oczywiste_objawy_dysfunkcji_integracji_sensorycznej\"><\/span><span style=\"font-weight: 400;\">Mniej oczywiste objawy dysfunkcji integracji sensorycznej<\/span><span class=\"ez-toc-section-end\"><\/span><\/h2>\n<p><span style=\"font-weight: 400;\">W\u015br\u00f3d <\/span><b>charakterystycznych objaw\u00f3w dysfunkcji integracji sensorycznej <\/b><span style=\"font-weight: 400;\">mo\u017cna wymieni\u0107:<\/span><\/p>\n<ul>\n<li style=\"font-weight: 400;\" aria-level=\"1\"><span style=\"font-weight: 400;\">\u00a0<\/span><span style=\"font-weight: 400;\">s\u0142ab\u0105 r\u00f3wnowag\u0119 i cz\u0119ste potykanie si\u0119,<\/span><\/li>\n<li style=\"font-weight: 400;\" aria-level=\"1\"><span style=\"font-weight: 400;\">obijanie si\u0119 o meble,<\/span><\/li>\n<li style=\"font-weight: 400;\" aria-level=\"1\"><span style=\"font-weight: 400;\">trudno\u015bci z koncentracj\u0105,<\/span><\/li>\n<li style=\"font-weight: 400;\" aria-level=\"1\"><span style=\"font-weight: 400;\">k\u0142opoty z nabywaniem nowych umiej\u0119tno\u015bci, takich jak np. \u0142apanie pi\u0142ki,<\/span><\/li>\n<li style=\"font-weight: 400;\" aria-level=\"1\"><span style=\"font-weight: 400;\">trudno\u015bci z rysowaniem czy wycinaniem,<\/span><\/li>\n<li style=\"font-weight: 400;\" aria-level=\"1\"><span style=\"font-weight: 400;\">niepewne poruszanie si\u0119 po schodach,<\/span><\/li>\n<li style=\"font-weight: 400;\" aria-level=\"1\"><span style=\"font-weight: 400;\">poszukiwanie g\u0142o\u015bnych d\u017awi\u0119k\u00f3w.<\/span><\/li>\n<\/ul>\n<p><img loading=\"lazy\" decoding=\"async\" class=\"alignnone size-full wp-image-1444\" src=\"https:\/\/epedagog.edu.pl\/aktualnosci\/wp-content\/uploads\/2024\/07\/objawy-dysfunkcji-integracji-sensorycznej-scaled.jpg\" alt=\"objawy-dysfunkcji-integracji-sensorycznej\" width=\"2560\" height=\"1775\" srcset=\"https:\/\/epedagog.edu.pl\/aktualnosci\/wp-content\/uploads\/2024\/07\/objawy-dysfunkcji-integracji-sensorycznej-scaled.jpg 2560w, https:\/\/epedagog.edu.pl\/aktualnosci\/wp-content\/uploads\/2024\/07\/objawy-dysfunkcji-integracji-sensorycznej-300x208.jpg 300w, https:\/\/epedagog.edu.pl\/aktualnosci\/wp-content\/uploads\/2024\/07\/objawy-dysfunkcji-integracji-sensorycznej-1024x710.jpg 1024w, https:\/\/epedagog.edu.pl\/aktualnosci\/wp-content\/uploads\/2024\/07\/objawy-dysfunkcji-integracji-sensorycznej-768x533.jpg 768w, https:\/\/epedagog.edu.pl\/aktualnosci\/wp-content\/uploads\/2024\/07\/objawy-dysfunkcji-integracji-sensorycznej-1536x1065.jpg 1536w, https:\/\/epedagog.edu.pl\/aktualnosci\/wp-content\/uploads\/2024\/07\/objawy-dysfunkcji-integracji-sensorycznej-2048x1420.jpg 2048w, https:\/\/epedagog.edu.pl\/aktualnosci\/wp-content\/uploads\/2024\/07\/objawy-dysfunkcji-integracji-sensorycznej-100x70.jpg 100w, https:\/\/epedagog.edu.pl\/aktualnosci\/wp-content\/uploads\/2024\/07\/objawy-dysfunkcji-integracji-sensorycznej-218x150.jpg 218w, https:\/\/epedagog.edu.pl\/aktualnosci\/wp-content\/uploads\/2024\/07\/objawy-dysfunkcji-integracji-sensorycznej-696x483.jpg 696w, https:\/\/epedagog.edu.pl\/aktualnosci\/wp-content\/uploads\/2024\/07\/objawy-dysfunkcji-integracji-sensorycznej-1068x741.jpg 1068w, https:\/\/epedagog.edu.pl\/aktualnosci\/wp-content\/uploads\/2024\/07\/objawy-dysfunkcji-integracji-sensorycznej-606x420.jpg 606w, https:\/\/epedagog.edu.pl\/aktualnosci\/wp-content\/uploads\/2024\/07\/objawy-dysfunkcji-integracji-sensorycznej-1920x1331.jpg 1920w\" sizes=\"auto, (max-width: 2560px) 100vw, 2560px\" \/><\/p>\n<p><span style=\"font-weight: 400;\">Warto zna\u0107 r\u00f3wnie\u017c objawy dysfunkcji integracji sensorycznej, kt\u00f3re mog\u0105 sygnalizowa\u0107 o tym problemie, a \u0142atwo je przeoczy\u0107. S\u0105 to m.in.:<\/span><\/p>\n<ul>\n<li style=\"font-weight: 400;\" aria-level=\"1\"><span style=\"font-weight: 400;\">\u00a0<\/span><span style=\"font-weight: 400;\">unikanie fizycznej blisko\u015bci i dotyku,<\/span><\/li>\n<li style=\"font-weight: 400;\" aria-level=\"1\"><span style=\"font-weight: 400;\">chodzenie tylko w ulubionych ubraniach i dra\u017cliwo\u015b\u0107 w stosunku do metek,<\/span><\/li>\n<li style=\"font-weight: 400;\" aria-level=\"1\"><span style=\"font-weight: 400;\">niedostrzeganie siniak\u00f3w i zadrapa\u0144,<\/span><\/li>\n<li style=\"font-weight: 400;\" aria-level=\"1\"><span style=\"font-weight: 400;\">mocne dociskanie kredki przy rysowaniu,<\/span><\/li>\n<li style=\"font-weight: 400;\" aria-level=\"1\"><span style=\"font-weight: 400;\">nieustanne trzymanie czego\u015b w r\u0105czkach i poruszanie tym,<\/span><\/li>\n<li style=\"font-weight: 400;\" aria-level=\"1\"><span style=\"font-weight: 400;\">trudno\u015bci z samodzielnym zapinaniem guzik\u00f3w czy sznurowaniem but\u00f3w,<\/span><\/li>\n<li style=\"font-weight: 400;\" aria-level=\"1\"><span style=\"font-weight: 400;\">unikanie nowych smak\u00f3w,<\/span><\/li>\n<li style=\"font-weight: 400;\" aria-level=\"1\"><span style=\"font-weight: 400;\">\u00a0<\/span><span style=\"font-weight: 400;\">wybredno\u015b\u0107 w r\u00f3\u017cnych konsystencjach produkt\u00f3w,<\/span><\/li>\n<li style=\"font-weight: 400;\" aria-level=\"1\"><span style=\"font-weight: 400;\">wypychanie ust jedzeniem,<\/span><\/li>\n<li style=\"font-weight: 400;\" aria-level=\"1\"><span style=\"font-weight: 400;\">unikanie kontaktu wzrokowego,<\/span><\/li>\n<li style=\"font-weight: 400;\" aria-level=\"1\"><span style=\"font-weight: 400;\">trudno\u015bci w nauce.<\/span><\/li>\n<\/ul>\n<h2><span class=\"ez-toc-section\" id=\"Objawy_ktore_latwo_pomylic_z_innymi_zaburzeniami\"><\/span><span style=\"font-weight: 400;\">Objawy, kt\u00f3re \u0142atwo pomyli\u0107 z innymi zaburzeniami<\/span><span class=\"ez-toc-section-end\"><\/span><\/h2>\n<p><span style=\"font-weight: 400;\">Istnieje wiele r\u00f3\u017cnych zaburze\u0144 i schorze\u0144, kt\u00f3re <\/span><b>mog\u0105 dawa\u0107 podobne objawy<\/b><span style=\"font-weight: 400;\">. Dysfunkcja integracji sensorycznej cz\u0119sto mylona jest z takimi przypad\u0142o\u015bciami jak niekt\u00f3re zaburzenia ze spektrum <\/span><b>autyzmu czy ADHD<\/b><span style=\"font-weight: 400;\">. Jest tak szczeg\u00f3lnie wtedy, gdy dziecko \u0142atwo wpada we frustracj\u0119 i z\u0142o\u015b\u0107, rzuca przedmiotami czy krzyczy z b\u0142ahego powodu. W przypadku dysfunkcji integracji sensorycznej jest to jednak zwi\u0105zane z <\/span><b>przyt\u0142oczeniem odbieranymi bod\u017acami<\/b><span style=\"font-weight: 400;\"> i nale\u017cy do problemu podej\u015b\u0107 w inny spos\u00f3b ni\u017c w przypadku ADHD czy innych zaburze\u0144.<\/span><\/p>\n<p><span style=\"font-weight: 400;\">Dlatego tak <\/span><b>wa\u017cna jest \u015bwiadomo\u015b\u0107 pedagog\u00f3w<\/b><span style=\"font-weight: 400;\">, a tak\u017ce os\u00f3b z najbli\u017cszego otoczenia dzieci co do objaw\u00f3w dysfunkcji zaburze\u0144 integracji sensorycznej.<\/span> <span style=\"font-weight: 400;\">Im wcze\u015bniej dostrze\u017cone i rozpoznane konkretne symptomy, tym szybciej i trafniej dobrane zostan\u0105 odpowiednie dzia\u0142ania oraz terapia, kt\u00f3ra pomo\u017ce upora\u0107 si\u0119 z okre\u015blonym problemem.<\/span><\/p>\n<p><a href=\"https:\/\/epedagog.edu.pl\/oferta\/kursy\/kurs-kwalifikacyjny-z-zakresu-integracji-sensorycznej-z-terapia-reki\"><img loading=\"lazy\" decoding=\"async\" class=\"alignnone size-full wp-image-613\" src=\"https:\/\/epedagog.edu.pl\/aktualnosci\/wp-content\/uploads\/2022\/03\/baner_linkuj\u0105cy.png\" alt=\"objawy-dysfunkcji-integracji-sensorycznej\" width=\"694\" height=\"151\" srcset=\"https:\/\/epedagog.edu.pl\/aktualnosci\/wp-content\/uploads\/2022\/03\/baner_linkuj\u0105cy.png 694w, https:\/\/epedagog.edu.pl\/aktualnosci\/wp-content\/uploads\/2022\/03\/baner_linkuj\u0105cy-300x65.png 300w\" sizes=\"auto, (max-width: 694px) 100vw, 694px\" \/><\/a><\/p>\n<p><span style=\"font-weight: 400;\">Codzienna obserwacja objaw\u00f3w dysfunkcyjnych przez pedagog\u00f3w, opiekun\u00f3w i wychowawc\u00f3w, a tak\u017ce <\/span><b>notowanie okre\u015blonych zachowa\u0144 w konkretnych okoliczno\u015bciach mo\u017ce znacznie pom\u00f3c<\/b><span style=\"font-weight: 400;\"> zidentyfikowa\u0107 okre\u015blony problem. Warto rozwa\u017cy\u0107 w\u0142a\u015bciwie dobranie metod terapeutycznych.<\/span><\/p>\n<h2><span class=\"ez-toc-section\" id=\"Jak_pomoc_podopiecznym_z_objawami_dysfunkcji_integracji_sensorycznej\"><\/span><span style=\"font-weight: 400;\">Jak pom\u00f3c podopiecznym z objawami dysfunkcji integracji sensorycznej?<\/span><span class=\"ez-toc-section-end\"><\/span><\/h2>\n<p><span style=\"font-weight: 400;\">W\u015br\u00f3d metod i technik wprowadzanych w ramach terapii os\u00f3b z zaburzeniami integracji sensorycznej znajduj\u0105 si\u0119 r\u00f3\u017cnego rodzaju \u0107wiczenia, kt\u00f3re w spos\u00f3b kreatywny czy w formie zabawy umo\u017cliwiaj\u0105 rozw\u00f3j postrzegania i odbierania bod\u017ac\u00f3w przez podopiecznych. W\u015br\u00f3d nich znajduje si\u0119 m.in. terapia r\u0119ki.<\/span><\/p>\n<p><span style=\"font-weight: 400;\">Aby zdoby\u0107 cenn\u0105 wiedz\u0119 i umiej\u0119tno\u015bci w tym zakresie, a tak\u017ce pozna\u0107 inne metody pracy z osobami z zaburzeniami integracji sensorycznej, warto wybra\u0107<\/span><a href=\"https:\/\/epedagog.edu.pl\/oferta\/kursy\/kurs-kwalifikacyjny-z-zakresu-integracji-sensorycznej-z-terapia-reki\"><span style=\"font-weight: 400;\"> ,,<\/span><span style=\"font-weight: 400;\">Kurs kwalifikacyjny Integracja sensoryczna z terapi\u0105 r\u0119ki<\/span><\/a><span style=\"font-weight: 400;\">\u201d dost\u0119pny na platformie dydaktycznej ePedagog.edu.pl. Program kursu jest <\/span><b>zgodny z Rozporz\u0105dzeniem MEiN<\/b><span style=\"font-weight: 400;\">. Absolwent kursu otrzymuje dokumentacj\u0119 zgodn\u0105 z wymogami MEiN, po zdaniu egzaminu stosowne za\u015bwiadczenie.<\/span> <span style=\"font-weight: 400;\">Nale\u017cy pami\u0119ta\u0107 o tym, \u017ce na kurs mog\u0105 zapisa\u0107 si\u0119 osoby, kt\u00f3re posiadaj\u0105 ju\u017c wy\u017csze wykszta\u0142cenie.<\/span><\/p>\n","protected":false},"excerpt":{"rendered":"<p>Integracja sensoryczna jest niezwykle wa\u017cna dla prawid\u0142owego rozwoju dziecka i jego postrzegania poszczeg\u00f3lnych przedmiot\u00f3w, proces\u00f3w i zjawisk w otaczaj\u0105cym \u015bwiecie. Obecnie coraz cz\u0119\u015bciej dostrzega si\u0119 istotny aspekt tej dziedziny w wychowaniu dzieci, a tak\u017ce wp\u0142yw na kwestie psychospo\u0142eczne, jak i fizyczne. Dlatego tak wa\u017cne jest, aby zna\u0107 objawy dysfunkcji integracji sensorycznej i umie\u0107 rozpozna\u0107 je [&hellip;]<\/p>\n","protected":false},"author":18,"featured_media":1445,"comment_status":"closed","ping_status":"closed","sticky":false,"template":"","format":"standard","meta":{"_lmt_disableupdate":"no","_lmt_disable":"no","footnotes":""},"categories":[1270],"tags":[],"class_list":["post-1443","post","type-post","status-publish","format-standard","has-post-thumbnail","hentry","category-pedagogika"],"modified_by":"digital","_links":{"self":[{"href":"https:\/\/epedagog.edu.pl\/aktualnosci\/wp-json\/wp\/v2\/posts\/1443","targetHints":{"allow":["GET"]}}],"collection":[{"href":"https:\/\/epedagog.edu.pl\/aktualnosci\/wp-json\/wp\/v2\/posts"}],"about":[{"href":"https:\/\/epedagog.edu.pl\/aktualnosci\/wp-json\/wp\/v2\/types\/post"}],"author":[{"embeddable":true,"href":"https:\/\/epedagog.edu.pl\/aktualnosci\/wp-json\/wp\/v2\/users\/18"}],"replies":[{"embeddable":true,"href":"https:\/\/epedagog.edu.pl\/aktualnosci\/wp-json\/wp\/v2\/comments?post=1443"}],"version-history":[{"count":1,"href":"https:\/\/epedagog.edu.pl\/aktualnosci\/wp-json\/wp\/v2\/posts\/1443\/revisions"}],"predecessor-version":[{"id":1446,"href":"https:\/\/epedagog.edu.pl\/aktualnosci\/wp-json\/wp\/v2\/posts\/1443\/revisions\/1446"}],"wp:featuredmedia":[{"embeddable":true,"href":"https:\/\/epedagog.edu.pl\/aktualnosci\/wp-json\/wp\/v2\/media\/1445"}],"wp:attachment":[{"href":"https:\/\/epedagog.edu.pl\/aktualnosci\/wp-json\/wp\/v2\/media?parent=1443"}],"wp:term":[{"taxonomy":"category","embeddable":true,"href":"https:\/\/epedagog.edu.pl\/aktualnosci\/wp-json\/wp\/v2\/categories?post=1443"},{"taxonomy":"post_tag","embeddable":true,"href":"https:\/\/epedagog.edu.pl\/aktualnosci\/wp-json\/wp\/v2\/tags?post=1443"}],"curies":[{"name":"wp","href":"https:\/\/api.w.org\/{rel}","templated":true}]}}