{"id":1342,"date":"2024-05-14T11:18:15","date_gmt":"2024-05-14T09:18:15","guid":{"rendered":"https:\/\/epedagog.edu.pl\/aktualnosci\/?p=1342"},"modified":"2026-01-14T11:08:41","modified_gmt":"2026-01-14T10:08:41","slug":"lateralizacja-u-dzieci-co-to-jest-i-kiedy-mozna-mowic-o-zaburzeniu","status":"publish","type":"post","link":"https:\/\/epedagog.edu.pl\/aktualnosci\/lateralizacja-u-dzieci-co-to-jest-i-kiedy-mozna-mowic-o-zaburzeniu\/","title":{"rendered":"Lateralizacja u dzieci. Co to jest i kiedy mo\u017cna m\u00f3wi\u0107 o zaburzeniu?"},"content":{"rendered":"<p><span style=\"font-weight: 400;\">Pierwsze lata \u017cycia s\u0105 kluczowe dla rozwoju wszelkich funkcji poznawczych oraz sprawno\u015bciowych. To w\u0142a\u015bnie na tym etapie kszta\u0142tuj\u0105 si\u0119 r\u00f3\u017cnego rodzaju funkcje spo\u0142eczne, ale r\u00f3wnie\u017c zdolno\u015bci do wykonywania wszelkiego rodzaju aktywno\u015bci. Bardzo istotne znaczenie w ca\u0142ym tym procesie ma lateralizacja u dzieci. Co to dok\u0142adnie jest? Jakie znaczenie ma w rozwoju dziecka? Czym objawiaj\u0105 si\u0119 zaburzenia lateralizacji i w jaki spos\u00f3b mo\u017cna dziecku pom\u00f3c w przywr\u00f3ceniu prawid\u0142owo\u015bci w tym zakresie?<\/span><\/p>\n<div id=\"ez-toc-container\" class=\"ez-toc-v2_0_76 counter-hierarchy ez-toc-counter ez-toc-custom ez-toc-container-direction\">\n<div class=\"ez-toc-title-container\">\n<p class=\"ez-toc-title\" style=\"cursor:inherit\">Spis tre\u015bci<\/p>\n<span class=\"ez-toc-title-toggle\"><a href=\"#\" class=\"ez-toc-pull-right ez-toc-btn ez-toc-btn-xs ez-toc-btn-default ez-toc-toggle\" aria-label=\"Prze\u0142\u0105cznik Spisu Tre\u015bci\"><span class=\"ez-toc-js-icon-con\"><span class=\"\"><span class=\"eztoc-hide\" style=\"display:none;\">Toggle<\/span><span class=\"ez-toc-icon-toggle-span\"><svg style=\"fill: #999;color:#999\" xmlns=\"http:\/\/www.w3.org\/2000\/svg\" class=\"list-377408\" width=\"20px\" height=\"20px\" viewBox=\"0 0 24 24\" fill=\"none\"><path d=\"M6 6H4v2h2V6zm14 0H8v2h12V6zM4 11h2v2H4v-2zm16 0H8v2h12v-2zM4 16h2v2H4v-2zm16 0H8v2h12v-2z\" fill=\"currentColor\"><\/path><\/svg><svg style=\"fill: #999;color:#999\" class=\"arrow-unsorted-368013\" xmlns=\"http:\/\/www.w3.org\/2000\/svg\" width=\"10px\" height=\"10px\" viewBox=\"0 0 24 24\" version=\"1.2\" baseProfile=\"tiny\"><path d=\"M18.2 9.3l-6.2-6.3-6.2 6.3c-.2.2-.3.4-.3.7s.1.5.3.7c.2.2.4.3.7.3h11c.3 0 .5-.1.7-.3.2-.2.3-.5.3-.7s-.1-.5-.3-.7zM5.8 14.7l6.2 6.3 6.2-6.3c.2-.2.3-.5.3-.7s-.1-.5-.3-.7c-.2-.2-.4-.3-.7-.3h-11c-.3 0-.5.1-.7.3-.2.2-.3.5-.3.7s.1.5.3.7z\"\/><\/svg><\/span><\/span><\/span><\/a><\/span><\/div>\n<nav><ul class='ez-toc-list ez-toc-list-level-1 ' ><li class='ez-toc-page-1 ez-toc-heading-level-2'><a class=\"ez-toc-link ez-toc-heading-1\" href=\"https:\/\/epedagog.edu.pl\/aktualnosci\/lateralizacja-u-dzieci-co-to-jest-i-kiedy-mozna-mowic-o-zaburzeniu\/#Co_to_jest_lateralizacja\" >Co to jest lateralizacja?<\/a><\/li><li class='ez-toc-page-1 ez-toc-heading-level-2'><a class=\"ez-toc-link ez-toc-heading-2\" href=\"https:\/\/epedagog.edu.pl\/aktualnosci\/lateralizacja-u-dzieci-co-to-jest-i-kiedy-mozna-mowic-o-zaburzeniu\/#Proces_lateralizacji_a_etapy_zycia_dziecka\" >Proces lateralizacji a etapy \u017cycia dziecka<\/a><\/li><li class='ez-toc-page-1 ez-toc-heading-level-2'><a class=\"ez-toc-link ez-toc-heading-3\" href=\"https:\/\/epedagog.edu.pl\/aktualnosci\/lateralizacja-u-dzieci-co-to-jest-i-kiedy-mozna-mowic-o-zaburzeniu\/#Czym_sa_zaburzenia_lateralizacji\" >Czym s\u0105 zaburzenia lateralizacji?<\/a><\/li><li class='ez-toc-page-1 ez-toc-heading-level-2'><a class=\"ez-toc-link ez-toc-heading-4\" href=\"https:\/\/epedagog.edu.pl\/aktualnosci\/lateralizacja-u-dzieci-co-to-jest-i-kiedy-mozna-mowic-o-zaburzeniu\/#FAQ\" >FAQ<\/a><ul class='ez-toc-list-level-3' ><li class='ez-toc-heading-level-3'><a class=\"ez-toc-link ez-toc-heading-5\" href=\"https:\/\/epedagog.edu.pl\/aktualnosci\/lateralizacja-u-dzieci-co-to-jest-i-kiedy-mozna-mowic-o-zaburzeniu\/#Lateralizacja_%E2%80%93_co_to\" >Lateralizacja &#8211; co to?<\/a><\/li><li class='ez-toc-page-1 ez-toc-heading-level-3'><a class=\"ez-toc-link ez-toc-heading-6\" href=\"https:\/\/epedagog.edu.pl\/aktualnosci\/lateralizacja-u-dzieci-co-to-jest-i-kiedy-mozna-mowic-o-zaburzeniu\/#Zaburzenie_lateralizacji_%E2%80%93_objawy\" >Zaburzenie lateralizacji &#8211; objawy<\/a><\/li><li class='ez-toc-page-1 ez-toc-heading-level-3'><a class=\"ez-toc-link ez-toc-heading-7\" href=\"https:\/\/epedagog.edu.pl\/aktualnosci\/lateralizacja-u-dzieci-co-to-jest-i-kiedy-mozna-mowic-o-zaburzeniu\/#Czym_jest_lateralizacja_mieszana\" >Czym jest lateralizacja mieszana?<\/a><\/li><\/ul><\/li><\/ul><\/nav><\/div>\n<h2><span class=\"ez-toc-section\" id=\"Co_to_jest_lateralizacja\"><\/span><span style=\"font-weight: 400;\">Co to jest lateralizacja?<\/span><span class=\"ez-toc-section-end\"><\/span><\/h2>\n<p><span style=\"font-weight: 400;\">Lateralizacja u dzieci to okre\u015blenie <\/span><b>przewagi jednej lub drugiej strony cia\u0142a dziecka<\/b><span style=\"font-weight: 400;\">. Chodzi tu o wyra\u017an\u0105 dominacj\u0119 w czynno\u015bciach manualnych obejmuj\u0105cych nie tylko ko\u0144czyny, ale tak\u017ce zmys\u0142y takie jak s\u0142uch czy wzrok dziecka. <\/span><b>Kluczowe dla rozwoju lateralizacji s\u0105 pierwsze lata \u017cycia<\/b><span style=\"font-weight: 400;\">, najcz\u0119\u015bciej przypadaj\u0105ce na wiek przedszkolny.<\/span><\/p>\n<p><span style=\"font-weight: 400;\">Bardzo wa\u017cne jest, aby dziecko rozwija\u0142o si\u0119 w miar\u0119 r\u00f3wnomiernie w odniesieniu do stron cia\u0142a. Oczywi\u015bcie nigdy nie jest tak, \u017ce mo\u017cna w 100% okre\u015bli\u0107 jednakowe roz\u0142o\u017cenie nacisku na obie strony cia\u0142a w kontek\u015bcie rozwoju. Jednak <\/span><b>wyra\u017ane ograniczenie pewnych zdolno\u015bci w stosunku do innych mo\u017ce wskazywa\u0107 na zaburzenia lateralizacji<\/b><span style=\"font-weight: 400;\">. Mo\u017ce to skutkowa\u0107 p\u00f3\u017aniejszym niedomaganiem w wielu kwestiach zar\u00f3wno w \u017cyciu codziennym, jak i wy\u017cszych umiej\u0119tno\u015bciach czy zdolno\u015bciach uczenia si\u0119 oraz przystosowania do \u017cycia spo\u0142ecznego.<\/span><\/p>\n<p><span style=\"font-weight: 400;\">Istotne jest te\u017c, aby zaburzenie lateralizacji zauwa\u017cy\u0107 jak najwcze\u015bniej. Dlatego wszelkie aspekty zwi\u0105zane z tym obszarem wiedzy s\u0105 <\/span><b>istotne dla rodzic\u00f3w oraz pedagog\u00f3w<\/b><span style=\"font-weight: 400;\">, kt\u00f3rzy na co dzie\u0144 przebywaj\u0105 ze swoimi podopiecznymi. Warto zg\u0142\u0119bia\u0107 wiedz\u0119 w tym obszarze i nabywa\u0107 umiej\u0119tno\u015bci zar\u00f3wno w diagnozowaniu tego typu zaburze\u0144, jak i r\u00f3\u017cnych formach pomocy dzieciom w nadrabianiu zaleg\u0142o\u015bci.<\/span><\/p>\n<blockquote><p><a href=\"https:\/\/epedagog.edu.pl\/oferta\/kursy\/kurs-kwalifikacyjny-z-zakresu-integracji-sensorycznej-z-elementami-terapii-behawioralnej-270-godzin\"><span style=\"font-weight: 400;\">ZDOB\u0104D\u0179 SPECJALISTYCZN\u0104 WIEDZ\u0118 ODNO\u015aNIE DO ZABURZE\u0143 LATERALIZACJI I POZNAJ TECHNIKI POMOCY DZIECIOM Z TAKIMI PROBLEMAMI. WYBIERZ \u201eKURS KWALIFIKACYJNY Z ZAKRESU INTEGRACJI SENSORYCZNEJ Z ELEMENTAMI TERAPII BEHAWIORALNEJ\u201d!<\/span><\/a><\/p><\/blockquote>\n<h2><span class=\"ez-toc-section\" id=\"Proces_lateralizacji_a_etapy_zycia_dziecka\"><\/span><span style=\"font-weight: 400;\">Proces lateralizacji a etapy \u017cycia dziecka<\/span><span class=\"ez-toc-section-end\"><\/span><\/h2>\n<p><span style=\"font-weight: 400;\">W procesie lateralizacji mo\u017cna wyszczeg\u00f3lni\u0107 okre\u015blone etapy i zjawiska charakterystyczne dla prawid\u0142owego rozwoju. Ich znajomo\u015b\u0107 pozwala dostrzec mo\u017cliwe zaburzenia lateralizacji. Warto tu zwr\u00f3ci\u0107 uwag\u0119 przede wszystkim na takie okresy jak:<\/span><\/p>\n<ul>\n<li style=\"font-weight: 400;\" aria-level=\"1\"><span style=\"font-weight: 400;\">pierwsze 6 miesi\u0119cy \u017cycia \u2013 brak zauwa\u017calnej dominacji p\u00f3\u0142kuli m\u00f3zgowej. Wyst\u0119puje symetria ruch\u00f3w,<\/span><\/li>\n<li style=\"font-weight: 400;\" aria-level=\"1\"><span style=\"font-weight: 400;\">od 6 do 12 miesi\u0119cy \u017cycia \u2013 pojawia si\u0119 chwyt jednor\u0119czny i pierwsze oznaki dominacji stronnej,<\/span><\/li>\n<li style=\"font-weight: 400;\" aria-level=\"1\"><span style=\"font-weight: 400;\">1-2 rok \u017cycia \u2013 os\u0142abienie rozwoju lateralizacji, nauka chodzenia i jednakowe anga\u017cowanie obu p\u00f3\u0142kul m\u00f3zgowych,<\/span><\/li>\n<li style=\"font-weight: 400;\" aria-level=\"1\"><span style=\"font-weight: 400;\">2-7 rok \u017cycia \u2013 dalszy rozw\u00f3j lateralizacji (dominacja ko\u0144czyn, s\u0142uchu, wzroku),<\/span><\/li>\n<li style=\"font-weight: 400;\" aria-level=\"1\"><span style=\"font-weight: 400;\">7. rok \u017cycia \u2013 utrwalenie lateralizacji dzieci i ustalenie stronno\u015bci cia\u0142a.<\/span><\/li>\n<\/ul>\n<p><img loading=\"lazy\" decoding=\"async\" class=\"alignnone size-full wp-image-1343\" src=\"https:\/\/epedagog.edu.pl\/aktualnosci\/wp-content\/uploads\/2024\/05\/lateralizacja-u-dzieci-scaled.jpg\" alt=\"lateralizacja u dzieci\" width=\"2560\" height=\"1707\" srcset=\"https:\/\/epedagog.edu.pl\/aktualnosci\/wp-content\/uploads\/2024\/05\/lateralizacja-u-dzieci-scaled.jpg 2560w, https:\/\/epedagog.edu.pl\/aktualnosci\/wp-content\/uploads\/2024\/05\/lateralizacja-u-dzieci-300x200.jpg 300w, https:\/\/epedagog.edu.pl\/aktualnosci\/wp-content\/uploads\/2024\/05\/lateralizacja-u-dzieci-1024x683.jpg 1024w, https:\/\/epedagog.edu.pl\/aktualnosci\/wp-content\/uploads\/2024\/05\/lateralizacja-u-dzieci-768x512.jpg 768w, https:\/\/epedagog.edu.pl\/aktualnosci\/wp-content\/uploads\/2024\/05\/lateralizacja-u-dzieci-1536x1024.jpg 1536w, https:\/\/epedagog.edu.pl\/aktualnosci\/wp-content\/uploads\/2024\/05\/lateralizacja-u-dzieci-2048x1365.jpg 2048w, https:\/\/epedagog.edu.pl\/aktualnosci\/wp-content\/uploads\/2024\/05\/lateralizacja-u-dzieci-696x464.jpg 696w, https:\/\/epedagog.edu.pl\/aktualnosci\/wp-content\/uploads\/2024\/05\/lateralizacja-u-dzieci-1068x712.jpg 1068w, https:\/\/epedagog.edu.pl\/aktualnosci\/wp-content\/uploads\/2024\/05\/lateralizacja-u-dzieci-630x420.jpg 630w, https:\/\/epedagog.edu.pl\/aktualnosci\/wp-content\/uploads\/2024\/05\/lateralizacja-u-dzieci-1920x1280.jpg 1920w\" sizes=\"auto, (max-width: 2560px) 100vw, 2560px\" \/><\/p>\n<p><span style=\"font-weight: 400;\">Odst\u0119pstwa od tego schematu lub ewentualne op\u00f3\u017anienia mog\u0105 wskazywa\u0107 na zaburzenia lateralizacji oraz potrzeb\u0119 wprowadzenia stosownej terapii.<\/span><\/p>\n<h2><span class=\"ez-toc-section\" id=\"Czym_sa_zaburzenia_lateralizacji\"><\/span><span style=\"font-weight: 400;\">Czym s\u0105 zaburzenia lateralizacji?<\/span><span class=\"ez-toc-section-end\"><\/span><\/h2>\n<p><span style=\"font-weight: 400;\">Zaburzenia lateralizacji to nieprawid\u0142owo\u015bci w stabilizowaniu si\u0119 stronno\u015bci p\u00f3\u0142kul m\u00f3zgowych, co skutkuje <\/span><b>trudno\u015bciami w codziennym funkcjonowaniu i k\u0142opotami w nauce<\/b><span style=\"font-weight: 400;\">. Pojawiaj\u0105 si\u0119 w\u00f3wczas m.in. zaburzenia koordynacji ruchowej, manipulacji przedmiotami, niezdarno\u015b\u0107, problemy w przyswajaniu wiedzy, koncentracji, skupieniu uwagi, a tak\u017ce <\/span><b>op\u00f3\u017anienia w nauce mowy, czytania czy pisania<\/b><span style=\"font-weight: 400;\">. Dziecko niekiedy myli litery, mo\u017ce mie\u0107 k\u0142opoty ze s\u0142uchem, zasypianiem czy wykonywaniem sekwencji ruch\u00f3w.<\/span><\/p>\n<p><span style=\"font-weight: 400;\">Aby zapobiec utrwaleniu tych zjawisk, <\/span><b>istotne jest jak najwcze\u015bniejsze dostrze\u017cenie objaw\u00f3w mo\u017cliwych nieprawid\u0142owo\u015bc<\/b><span style=\"font-weight: 400;\">i i wdro\u017cenie r\u00f3\u017cnego rodzaju \u0107wicze\u0144 oraz zaj\u0119\u0107 maj\u0105cych na celu stymulowanie obu p\u00f3\u0142kul do w\u0142a\u015bciwego rozwoju. Mog\u0105 w tym pom\u00f3c np. <\/span><b>zaj\u0119cia z zakresu integracji sensorycznej oraz terapia behawioralna<\/b><span style=\"font-weight: 400;\">. Wiedz\u0119 na temat takich zaj\u0119\u0107 warto posiada\u0107 nie tylko w sytuacji, gdy jest si\u0119 pedagogiem, ale r\u00f3wnie\u017c wtedy, gdy jeste\u015bmy rodzicami dziecka z zaburzeniami lateralizacji.<\/span><\/p>\n<p><a href=\"https:\/\/epedagog.edu.pl\/oferta\/kursy\/kurs-kwalifikacyjny-z-zakresu-integracji-sensorycznej-z-elementami-terapii-behawioralnej-270-godzin\"><img loading=\"lazy\" decoding=\"async\" class=\"alignnone size-full wp-image-1344\" src=\"https:\/\/epedagog.edu.pl\/aktualnosci\/wp-content\/uploads\/2024\/05\/zaburzenia-lateralizacji.jpg\" alt=\"zaburzenia lateralizacji\" width=\"693\" height=\"201\" srcset=\"https:\/\/epedagog.edu.pl\/aktualnosci\/wp-content\/uploads\/2024\/05\/zaburzenia-lateralizacji.jpg 693w, https:\/\/epedagog.edu.pl\/aktualnosci\/wp-content\/uploads\/2024\/05\/zaburzenia-lateralizacji-300x87.jpg 300w\" sizes=\"auto, (max-width: 693px) 100vw, 693px\" \/><\/a><\/p>\n<p><span style=\"font-weight: 400;\">Aby szeroko m\u00f3c odpowiedzie\u0107 na pytanie \u201eco to jest lateralizacja\u201d, poszerzy\u0107 swoje kwalifikacje i umiej\u0119tno\u015bci lub zdoby\u0107 wiedz\u0119 co do technik i rodzaj\u00f3w pomocy dzieciom z lateralizacj\u0105 i innymi problemami rozwojowymi, warto zrealizowa\u0107<\/span><a href=\"https:\/\/epedagog.edu.pl\/oferta\/kursy\/kurs-kwalifikacyjny-z-zakresu-integracji-sensorycznej-z-elementami-terapii-behawioralnej-270-godzin\"><span style=\"font-weight: 400;\"> ,,<\/span><span style=\"font-weight: 400;\">Kurs kwalifikacyjny z zakresu integracji sensorycznej z elementami terapii behawioralnej<\/span><\/a><span style=\"font-weight: 400;\">\u201d dost\u0119pny na platformie dydaktycznej Pedagog.edu.pl. Absolwent po zdaniu egzaminu otrzymuje dokumentacj\u0119 zgodn\u0105 z wymogami MEiN. Kurs jest <\/span><b>zgodny z Rozporz\u0105dzeniem Ministra Edukacji i Nauki<\/b><span style=\"font-weight: 400;\"> i mo\u017cna zrealizowa\u0107 go w dogodnym czasie i miejscu, bez konieczno\u015bci rezygnowania z codziennych obowi\u0105zk\u00f3w. Kszta\u0142cenie mo\u017ce by\u0107 <\/span><b>dofinansowane z Urz\u0119du Pracy<\/b><span style=\"font-weight: 400;\">.<\/span><\/p>\n<h2><span class=\"ez-toc-section\" id=\"FAQ\"><\/span>FAQ<span class=\"ez-toc-section-end\"><\/span><\/h2>\n<h3><span class=\"ez-toc-section\" id=\"Lateralizacja_%E2%80%93_co_to\"><\/span>Lateralizacja &#8211; co to?<span class=\"ez-toc-section-end\"><\/span><\/h3>\n<p>Lateralizacja to proces, w kt\u00f3rym m\u00f3zg ustala dominuj\u0105c\u0105 stron\u0119 cia\u0142a (r\u0119k\u0119, oko, ucho), co wp\u0142ywa na <strong data-start=\"131\" data-end=\"187\" data-is-only-node=\"\">koordynacj\u0119, orientacj\u0119 przestrzenn\u0105 i nauk\u0119 szkoln\u0105<\/strong>, zw\u0142aszcza u dzieci.<\/p>\n<h3><span class=\"ez-toc-section\" id=\"Zaburzenie_lateralizacji_%E2%80%93_objawy\"><\/span>Zaburzenie lateralizacji &#8211; objawy<span class=\"ez-toc-section-end\"><\/span><\/h3>\n<p>Zaburzenie lateralizacji objawia si\u0119 m.in. <strong data-start=\"440\" data-end=\"550\" data-is-only-node=\"\">trudno\u015bciami w nauce czytania i pisania, myleniem stron, niezgrabno\u015bci\u0105 ruchow\u0105 oraz obni\u017con\u0105 koncentracj\u0105<\/strong>. Zaburzona lateralizacja u dzieci cz\u0119sto sygnalizuje potrzeb\u0119 diagnozy, dzi\u0119ki kt\u00f3rej mo\u017cna dobra\u0107 \u0107wiczenia wspieraj\u0105ce rozw\u00f3j dziecka.<\/p>\n<h3><span class=\"ez-toc-section\" id=\"Czym_jest_lateralizacja_mieszana\"><\/span>Czym jest lateralizacja mieszana?<span class=\"ez-toc-section-end\"><\/span><\/h3>\n<p>Lateralizacja mieszana oznacza brak jednej dominuj\u0105cej strony, np. pisanie praw\u0105 r\u0119k\u0105 przy dominuj\u0105cym lewym oku lub uchu. <strong>Lateralizacja mieszana u dzieci<\/strong> cz\u0119sto wp\u0142ywa na tempo czytania i pisania, ale wczesne wsparcie terapeutyczne pomaga uporz\u0105dkowa\u0107 prac\u0119 uk\u0142adu nerwowego.<\/p>\n<p>&nbsp;<\/p>\n","protected":false},"excerpt":{"rendered":"<p>Pierwsze lata \u017cycia s\u0105 kluczowe dla rozwoju wszelkich funkcji poznawczych oraz sprawno\u015bciowych. To w\u0142a\u015bnie na tym etapie kszta\u0142tuj\u0105 si\u0119 r\u00f3\u017cnego rodzaju funkcje spo\u0142eczne, ale r\u00f3wnie\u017c zdolno\u015bci do wykonywania wszelkiego rodzaju aktywno\u015bci. Bardzo istotne znaczenie w ca\u0142ym tym procesie ma lateralizacja u dzieci. Co to dok\u0142adnie jest? Jakie znaczenie ma w rozwoju dziecka? Czym objawiaj\u0105 si\u0119 [&hellip;]<\/p>\n","protected":false},"author":18,"featured_media":1345,"comment_status":"closed","ping_status":"closed","sticky":false,"template":"","format":"standard","meta":{"_lmt_disableupdate":"no","_lmt_disable":"no","footnotes":""},"categories":[1271],"tags":[],"class_list":["post-1342","post","type-post","status-publish","format-standard","has-post-thumbnail","hentry","category-socjoterapia"],"modified_by":"digital","_links":{"self":[{"href":"https:\/\/epedagog.edu.pl\/aktualnosci\/wp-json\/wp\/v2\/posts\/1342","targetHints":{"allow":["GET"]}}],"collection":[{"href":"https:\/\/epedagog.edu.pl\/aktualnosci\/wp-json\/wp\/v2\/posts"}],"about":[{"href":"https:\/\/epedagog.edu.pl\/aktualnosci\/wp-json\/wp\/v2\/types\/post"}],"author":[{"embeddable":true,"href":"https:\/\/epedagog.edu.pl\/aktualnosci\/wp-json\/wp\/v2\/users\/18"}],"replies":[{"embeddable":true,"href":"https:\/\/epedagog.edu.pl\/aktualnosci\/wp-json\/wp\/v2\/comments?post=1342"}],"version-history":[{"count":4,"href":"https:\/\/epedagog.edu.pl\/aktualnosci\/wp-json\/wp\/v2\/posts\/1342\/revisions"}],"predecessor-version":[{"id":2181,"href":"https:\/\/epedagog.edu.pl\/aktualnosci\/wp-json\/wp\/v2\/posts\/1342\/revisions\/2181"}],"wp:featuredmedia":[{"embeddable":true,"href":"https:\/\/epedagog.edu.pl\/aktualnosci\/wp-json\/wp\/v2\/media\/1345"}],"wp:attachment":[{"href":"https:\/\/epedagog.edu.pl\/aktualnosci\/wp-json\/wp\/v2\/media?parent=1342"}],"wp:term":[{"taxonomy":"category","embeddable":true,"href":"https:\/\/epedagog.edu.pl\/aktualnosci\/wp-json\/wp\/v2\/categories?post=1342"},{"taxonomy":"post_tag","embeddable":true,"href":"https:\/\/epedagog.edu.pl\/aktualnosci\/wp-json\/wp\/v2\/tags?post=1342"}],"curies":[{"name":"wp","href":"https:\/\/api.w.org\/{rel}","templated":true}]}}