{"id":1286,"date":"2024-03-12T10:03:14","date_gmt":"2024-03-12T09:03:14","guid":{"rendered":"https:\/\/epedagog.edu.pl\/aktualnosci\/?p=1286"},"modified":"2024-11-25T09:43:31","modified_gmt":"2024-11-25T08:43:31","slug":"choreoterapia-cwiczenia-dla-dzieci-z-problemami-rozwojowymi","status":"publish","type":"post","link":"https:\/\/epedagog.edu.pl\/aktualnosci\/choreoterapia-cwiczenia-dla-dzieci-z-problemami-rozwojowymi\/","title":{"rendered":"Choreoterapia: \u0107wiczenia dla dzieci z problemami rozwojowymi"},"content":{"rendered":"<p><span style=\"font-weight: 400;\">Zaburzenia rozwojowe dotykaj\u0105 dzieci w r\u00f3\u017cnym stopniu. Nie zawsze fakt ich wyst\u0119powania oznacza, \u017ce nie da si\u0119 nic zrobi\u0107 \u2013 wr\u0119cz przeciwnie. Warto stosowa\u0107 r\u00f3\u017cnego rodzaju terapie, ale te\u017c wspiera\u0107 rozw\u00f3j dzieci na co dzie\u0144, poprzez codzienne zabawy, \u0107wiczenia i zadania wspomagaj\u0105ce. W\u015br\u00f3d takich aktywno\u015bci na uwag\u0119 zas\u0142uguje choreoterapia. \u0106wiczenia wykorzystuj\u0105ce taniec i ruch to istotny element rozwojowy dzieci w r\u00f3\u017cnym wieku. Jak mo\u017ce by\u0107 wykorzystana choreoterapia? Co to jest i jakie \u0107wiczenia wykona\u0107?<\/span><\/p>\n<div id=\"ez-toc-container\" class=\"ez-toc-v2_0_76 counter-hierarchy ez-toc-counter ez-toc-custom ez-toc-container-direction\">\n<div class=\"ez-toc-title-container\">\n<p class=\"ez-toc-title\" style=\"cursor:inherit\">Spis tre\u015bci<\/p>\n<span class=\"ez-toc-title-toggle\"><a href=\"#\" class=\"ez-toc-pull-right ez-toc-btn ez-toc-btn-xs ez-toc-btn-default ez-toc-toggle\" aria-label=\"Prze\u0142\u0105cznik Spisu Tre\u015bci\"><span class=\"ez-toc-js-icon-con\"><span class=\"\"><span class=\"eztoc-hide\" style=\"display:none;\">Toggle<\/span><span class=\"ez-toc-icon-toggle-span\"><svg style=\"fill: #999;color:#999\" xmlns=\"http:\/\/www.w3.org\/2000\/svg\" class=\"list-377408\" width=\"20px\" height=\"20px\" viewBox=\"0 0 24 24\" fill=\"none\"><path d=\"M6 6H4v2h2V6zm14 0H8v2h12V6zM4 11h2v2H4v-2zm16 0H8v2h12v-2zM4 16h2v2H4v-2zm16 0H8v2h12v-2z\" fill=\"currentColor\"><\/path><\/svg><svg style=\"fill: #999;color:#999\" class=\"arrow-unsorted-368013\" xmlns=\"http:\/\/www.w3.org\/2000\/svg\" width=\"10px\" height=\"10px\" viewBox=\"0 0 24 24\" version=\"1.2\" baseProfile=\"tiny\"><path d=\"M18.2 9.3l-6.2-6.3-6.2 6.3c-.2.2-.3.4-.3.7s.1.5.3.7c.2.2.4.3.7.3h11c.3 0 .5-.1.7-.3.2-.2.3-.5.3-.7s-.1-.5-.3-.7zM5.8 14.7l6.2 6.3 6.2-6.3c.2-.2.3-.5.3-.7s-.1-.5-.3-.7c-.2-.2-.4-.3-.7-.3h-11c-.3 0-.5.1-.7.3-.2.2-.3.5-.3.7s.1.5.3.7z\"\/><\/svg><\/span><\/span><\/span><\/a><\/span><\/div>\n<nav><ul class='ez-toc-list ez-toc-list-level-1 ' ><li class='ez-toc-page-1 ez-toc-heading-level-2'><a class=\"ez-toc-link ez-toc-heading-1\" href=\"https:\/\/epedagog.edu.pl\/aktualnosci\/choreoterapia-cwiczenia-dla-dzieci-z-problemami-rozwojowymi\/#Co_to_jest_choreoterapia\" >Co to jest choreoterapia?<\/a><\/li><li class='ez-toc-page-1 ez-toc-heading-level-2'><a class=\"ez-toc-link ez-toc-heading-2\" href=\"https:\/\/epedagog.edu.pl\/aktualnosci\/choreoterapia-cwiczenia-dla-dzieci-z-problemami-rozwojowymi\/#Jak_choreoterapia_moze_pomoc_dzieciom_z_zaburzeniami_rozwojowymi\" >Jak choreoterapia mo\u017ce pom\u00f3c dzieciom z zaburzeniami rozwojowymi?<\/a><\/li><li class='ez-toc-page-1 ez-toc-heading-level-2'><a class=\"ez-toc-link ez-toc-heading-3\" href=\"https:\/\/epedagog.edu.pl\/aktualnosci\/choreoterapia-cwiczenia-dla-dzieci-z-problemami-rozwojowymi\/#Choreoterapia_%E2%80%93_cwiczenia_do_wykorzystania\" >Choreoterapia \u2013 \u0107wiczenia do wykorzystania<\/a><\/li><li class='ez-toc-page-1 ez-toc-heading-level-2'><a class=\"ez-toc-link ez-toc-heading-4\" href=\"https:\/\/epedagog.edu.pl\/aktualnosci\/choreoterapia-cwiczenia-dla-dzieci-z-problemami-rozwojowymi\/#Postaw_na_rozwoj_%E2%80%93_wybierz_kursy\" >Postaw na rozw\u00f3j &#8211; wybierz kursy!<\/a><\/li><\/ul><\/nav><\/div>\n<h2><span class=\"ez-toc-section\" id=\"Co_to_jest_choreoterapia\"><\/span><span style=\"font-weight: 400;\">Co to jest choreoterapia?<\/span><span class=\"ez-toc-section-end\"><\/span><\/h2>\n<p><span style=\"font-weight: 400;\">Choreoterapia dla dzieci, jak i starszych os\u00f3b to <\/span><b>rodzaj arteterapii opieraj\u0105cej si\u0119 na leczeniu i wspomaganiu rozwoju z wykorzystaniem sztuki<\/b><span style=\"font-weight: 400;\">. W przypadku choreoterapii \u0107wiczenia oparte s\u0105 na elementach b\u0119d\u0105cych <\/span><b>po\u0142\u0105czeniem ta\u0144ca i ruchu<\/b><span style=\"font-weight: 400;\">. Celem takich aktywno\u015bci jest pobudzenie os\u00f3b z zaburzeniami do komunikacji z otoczeniem za pomoc\u0105 swoich emocji, odczu\u0107 czy my\u015bli wyra\u017anych poprzez melodi\u0119, taniec i ruch.<\/span><\/p>\n<p><span style=\"font-weight: 400;\">Choreoterapia to doskona\u0142y spos\u00f3b na organizacj\u0119 czasu <\/span><b>nie tylko dla podopiecznych z zaburzeniami<\/b><span style=\"font-weight: 400;\">. Techniki i \u0107wiczenia stosowane w ramach tego rodzaju dzia\u0142a\u0144 doskonale <\/span><b>wspomagaj\u0105 rozw\u00f3j dziecka, <\/b><span style=\"font-weight: 400;\">jego spostrzegawczo\u015b\u0107 kreatywno\u015b\u0107, koordynacj\u0119 i rozw\u00f3j emocjonalny. W ramach choreoterapii dla dzieci stosuje si\u0119:<\/span><\/p>\n<ul>\n<li style=\"font-weight: 400;\" aria-level=\"1\"><span style=\"font-weight: 400;\">taniec;<\/span><\/li>\n<li style=\"font-weight: 400;\" aria-level=\"1\"><span style=\"font-weight: 400;\">\u0107wiczenia muzyczno-ruchowe;<\/span><\/li>\n<li style=\"font-weight: 400;\" aria-level=\"1\"><span style=\"font-weight: 400;\">\u0107wiczenia oddechowe;<\/span><\/li>\n<li style=\"font-weight: 400;\" aria-level=\"1\"><span style=\"font-weight: 400;\">\u0107wiczenia relaksacyjne;<\/span><\/li>\n<li style=\"font-weight: 400;\" aria-level=\"1\"><span style=\"font-weight: 400;\">\u0107wiczenia rozci\u0105gaj\u0105ce i usprawniaj\u0105ce cia\u0142o.<\/span><\/li>\n<\/ul>\n<blockquote><p><a title=\"Kurs kwalifikacyjny z zakresu terapii pedagogicznej z arteterapi\u0105\" href=\"https:\/\/epedagog.edu.pl\/oferta\/kursy\/kurs-kwalifikacyjny-z-zakresu-terapii-pedagogicznej-z-arteterapia\"><span style=\"font-weight: 400;\">ZDOB\u0104D\u0179 WIEDZ\u0118, UMIEJ\u0118TNO\u015aCI ORAZ KWALIFIKACJE DO PROWADZENIA ZAJ\u0118\u0106 Z CHOREOTERAPII. POMO\u017bE CI W TYM ,,KURS KWALIFIKACYJNY Z ZAKRESU TERAPII PEDAGOGICZNEJ Z ARTETERAPI\u0104\u201d<\/span><\/a><\/p><\/blockquote>\n<h2><span class=\"ez-toc-section\" id=\"Jak_choreoterapia_moze_pomoc_dzieciom_z_zaburzeniami_rozwojowymi\"><\/span><span style=\"font-weight: 400;\">Jak choreoterapia mo\u017ce pom\u00f3c dzieciom z zaburzeniami rozwojowymi?<\/span><span class=\"ez-toc-section-end\"><\/span><\/h2>\n<p><span style=\"font-weight: 400;\">\u0106wiczenia z zakresu choreoterapii warto wprowadza\u0107 do codziennego planu zaj\u0119\u0107 ze wzgl\u0119du na ich korzystny wp\u0142yw na dzieci z wieloma zaburzeniami rozwojowymi. Przy wyst\u0119powaniu <\/span><b>nadpobudliwo\u015bci ruchowej<\/b><span style=\"font-weight: 400;\">, co stanowi stosunkowo cz\u0119sty problem w przypadku dzieci z nieprawid\u0142owo\u015bciami w zakresie rozwoju<\/span><b>, \u0107wiczenia pomagaj\u0105 roz\u0142adowa\u0107 emocje<\/b><span style=\"font-weight: 400;\">. Takie wy\u0142adowanie zar\u00f3wno emocjonalne, jak i ruchowe wspiera te\u017c <\/span><b>rozumienie w\u0142asnych my\u015bli oraz uczu\u0107<\/b><span style=\"font-weight: 400;\">.<\/span><\/p>\n<p><span style=\"font-weight: 400;\">Muzyka, choreoterapia, \u0107wiczenia z wykorzystaniem d\u017awi\u0119k\u00f3w doskonale wp\u0142ywaj\u0105 tak\u017ce na <\/span><b>dzieci z autyzmem<\/b><span style=\"font-weight: 400;\">, niekt\u00f3rymi objawami charakterystycznymi dla spektrum autyzmu oraz na osoby nie\u015bmia\u0142e. To szansa na <\/span><b>wyciszenie i podj\u0119cie komunikacji<\/b><span style=\"font-weight: 400;\"> na gruncie emocji pobudzanych przez muzyk\u0119.<\/span><\/p>\n<p><span style=\"font-weight: 400;\">Choreoterapia dla dzieci korzystnie oddzia\u0142uje r\u00f3wnie\u017c na dzieci, kt\u00f3re <\/span><b>do\u015bwiadczy\u0142y ekstremalnych sytuacji<\/b><span style=\"font-weight: 400;\"> np. w \u015brodowisku domowym. Takie \u0107wiczenia zalecane s\u0105 w przypadku os\u00f3b zmagaj\u0105cych si\u0119 np. ze \u015bmierci\u0105 bliskiej osoby, rozwodem, rodzic\u00f3w czy obecno\u015bci\u0105 r\u00f3\u017cnego typu patologii. Choreoterapi\u0119 warto te\u017c wprowadzi\u0107 <\/span><b>w okresach dzieci\u0119cego buntu<\/b><span style=\"font-weight: 400;\">.<\/span><\/p>\n<p><span style=\"font-weight: 400;\">Zastosowanie konkretnych \u0107wicze\u0144 z zakresu choreoterapii mo\u017ce wspom\u00f3c tak\u017ce <\/span><b>rehabilitacj\u0119 os\u00f3b, u kt\u00f3rych wyst\u0119puje niepe\u0142nosprawno\u015b\u0107<\/b><span style=\"font-weight: 400;\">. To rodzaj aktywno\u015bci, kt\u00f3ry wp\u0142ywa na rozw\u00f3j wra\u017cliwo\u015bci muzycznej i emocjonalnej, <\/span><b>uczy rozumienia innych os\u00f3b<\/b><span style=\"font-weight: 400;\"> i daje szans\u0119 na poznanie w\u0142asnych mo\u017cliwo\u015bci oraz zwalczanie ogranicze\u0144.\u00a0\u00a0<\/span><\/p>\n<p><img loading=\"lazy\" decoding=\"async\" class=\"alignnone size-full wp-image-1287\" src=\"https:\/\/epedagog.edu.pl\/aktualnosci\/wp-content\/uploads\/2024\/03\/choreoterapia-cwiczenia-scaled.jpg\" alt=\"choreoterapia \u0107wiczenia\" width=\"2560\" height=\"1707\" srcset=\"https:\/\/epedagog.edu.pl\/aktualnosci\/wp-content\/uploads\/2024\/03\/choreoterapia-cwiczenia-scaled.jpg 2560w, https:\/\/epedagog.edu.pl\/aktualnosci\/wp-content\/uploads\/2024\/03\/choreoterapia-cwiczenia-300x200.jpg 300w, https:\/\/epedagog.edu.pl\/aktualnosci\/wp-content\/uploads\/2024\/03\/choreoterapia-cwiczenia-1024x683.jpg 1024w, https:\/\/epedagog.edu.pl\/aktualnosci\/wp-content\/uploads\/2024\/03\/choreoterapia-cwiczenia-768x512.jpg 768w, https:\/\/epedagog.edu.pl\/aktualnosci\/wp-content\/uploads\/2024\/03\/choreoterapia-cwiczenia-1536x1024.jpg 1536w, https:\/\/epedagog.edu.pl\/aktualnosci\/wp-content\/uploads\/2024\/03\/choreoterapia-cwiczenia-2048x1365.jpg 2048w, https:\/\/epedagog.edu.pl\/aktualnosci\/wp-content\/uploads\/2024\/03\/choreoterapia-cwiczenia-696x464.jpg 696w, https:\/\/epedagog.edu.pl\/aktualnosci\/wp-content\/uploads\/2024\/03\/choreoterapia-cwiczenia-1068x712.jpg 1068w, https:\/\/epedagog.edu.pl\/aktualnosci\/wp-content\/uploads\/2024\/03\/choreoterapia-cwiczenia-630x420.jpg 630w, https:\/\/epedagog.edu.pl\/aktualnosci\/wp-content\/uploads\/2024\/03\/choreoterapia-cwiczenia-1920x1280.jpg 1920w\" sizes=\"auto, (max-width: 2560px) 100vw, 2560px\" \/><\/p>\n<h2><span class=\"ez-toc-section\" id=\"Choreoterapia_%E2%80%93_cwiczenia_do_wykorzystania\"><\/span><span style=\"font-weight: 400;\">Choreoterapia \u2013 \u0107wiczenia do wykorzystania<\/span><span class=\"ez-toc-section-end\"><\/span><\/h2>\n<p><span style=\"font-weight: 400;\">Jednym z \u0107wicze\u0144 w ramach choreoterapii dla dzieci mo\u017ce by\u0107<\/span><b> na\u015bladowanie w parach<\/b><span style=\"font-weight: 400;\">. W rytm muzyki najpierw jedno dziecko wykonuje okre\u015blony ruch, staraj\u0105c si\u0119 zachowa\u0107 rytm. Zadaniem drugiego dziecka jest powtarzanie tego, co wykonuje pierwsze. Na has\u0142o \u201ezmiana\u201d role si\u0119 odwracaj\u0105. Teraz to drugie dziecko w parze pokazuje swoj\u0105 propozycj\u0119, a pierwsze stara si\u0119 j\u0105 odtworzy\u0107.<\/span><\/p>\n<p><span style=\"font-weight: 400;\">Innym ciekawym \u0107wiczeniem jest <\/span><b>zabawa w g\u0105sienice<\/b><span style=\"font-weight: 400;\">. Dzieci dobrane w 5-6 osobowe grupy ustawiaj\u0105 si\u0119 jedno za drugim. To, kt\u00f3re jest pierwsze to g\u0142owa g\u0105sienicy. Gdy dzieci us\u0142ysz\u0105 muzyk\u0119, id\u0105 za g\u0142ow\u0105 w swojej g\u0105sienicy. Jednak \u201eg\u0142owa\u201d wymy\u015bla dodatkowo ruch. Mo\u017ce to by\u0107 tupanie, klaskanie, machanie r\u0119kami. Reszta g\u0105sienicy, przemieszczaj\u0105c si\u0119 po sali, stara si\u0119 powt\u00f3rzy\u0107 ten ruch i stworzy\u0107 jeden, zgrany organizm. Po zatrzymaniu muzyki dotychczasowa \u201eg\u0142owa\u201d idzie na koniec, a funkcj\u0119 t\u0105 przejmuje kolejne dziecko.<\/span><\/p>\n<p><span style=\"font-weight: 400;\">\u0106wiczeniem, kt\u00f3re wspomaga poczucie pewno\u015bci siebie, jest <\/span><b>maszerowanie w kole za r\u0119ce w rytm muzyki<\/b><span style=\"font-weight: 400;\">. Mog\u0105 to by\u0107 melodia wolna lub tempo szybkie. Na okre\u015blono s\u0142owo (np. hop). Ka\u017cde z dzieci robi podskok i <\/span><b>g\u0142o\u015bno wymawia swoje imi\u0119<\/b><span style=\"font-weight: 400;\">. Podczas dalszego maszerowania mo\u017cna np. zamiast trzymania si\u0119 za r\u0119ce zaproponowa\u0107 trzymanie si\u0119 pod \u0142okcie.<\/span><\/p>\n<p><span style=\"font-weight: 400;\">W choreoterapii dla dzieci <\/span><b>warto te\u017c wykorzysta\u0107 akcesoria, takie jak np. wst\u0105\u017cki czy tasiemki<\/b><span style=\"font-weight: 400;\">. Wraz z nimi w rytm muzyki dzieci chodz\u0105 po kole. Na znak opiekuna znajduj\u0105cego si\u0119 w \u015brodku dzieci podchodz\u0105 jak najbli\u017cej, zmniejszaj\u0105c ko\u0142o, jednocze\u015bnie machaj\u0105c wst\u0105\u017ckami wed\u0142ug w\u0142asnego uznania.<\/span><\/p>\n<p><span style=\"font-weight: 400;\">Na koniec serii \u0107wicze\u0144, warto wykorzysta\u0107 jedn\u0105 z <\/span><b>technik relaksacyjnych<\/b><span style=\"font-weight: 400;\">. W tym celu dzieci k\u0142ad\u0105 si\u0119 na pod\u0142odze i zamykaj\u0105 oczy. Opiekun w\u0142\u0105cza spokojn\u0105 muzyk\u0119 relaksacyjn\u0105 z odg\u0142osami natury i jednocze\u015bnie opowiada o wschodzie s\u0142o\u0144ca na \u0142\u0105ce. Dzieci wyobra\u017caj\u0105 sobie, jak stopniowo promienie ogrzewaj\u0105 je coraz bardziej i jak z ka\u017cdym rozb\u0142yskiem pog\u0142\u0119bia si\u0119 ich oddech. Co kilka zda\u0144 mog\u0105 te\u017c \u201epow\u0105cha\u0107 okoliczne kwiaty rozchylaj\u0105ce p\u0142atki wraz z pocz\u0105tkiem dnia\u201d. Ka\u017cdy otwieraj\u0105cy si\u0119 p\u0142atek ma powodowa\u0107 rozlu\u017anienie i nabieranie g\u0142\u0119bszych oddech\u00f3w.<\/span><\/p>\n<p><a title=\"Kurs kwalifikacyjny z zakresu terapii pedagogicznej z arteterapi\u0105\" href=\"https:\/\/epedagog.edu.pl\/oferta\/kursy\/kurs-kwalifikacyjny-z-zakresu-terapii-pedagogicznej-z-arteterapia\"><img loading=\"lazy\" decoding=\"async\" class=\"alignnone size-full wp-image-613\" src=\"https:\/\/epedagog.edu.pl\/aktualnosci\/wp-content\/uploads\/2022\/03\/baner_linkuj\u0105cy.png\" alt=\"choreoterapia \u0107wiczenia\" width=\"694\" height=\"151\" srcset=\"https:\/\/epedagog.edu.pl\/aktualnosci\/wp-content\/uploads\/2022\/03\/baner_linkuj\u0105cy.png 694w, https:\/\/epedagog.edu.pl\/aktualnosci\/wp-content\/uploads\/2022\/03\/baner_linkuj\u0105cy-300x65.png 300w\" sizes=\"auto, (max-width: 694px) 100vw, 694px\" \/><\/a><\/p>\n<h2><span class=\"ez-toc-section\" id=\"Postaw_na_rozwoj_%E2%80%93_wybierz_kursy\"><\/span>Postaw na rozw\u00f3j &#8211; wybierz kursy!<span class=\"ez-toc-section-end\"><\/span><\/h2>\n<p><span style=\"font-weight: 400;\">Sposobem na zdobycie cennej wiedzy i umiej\u0119tno\u015bci, a tak\u017ce <\/span><b>poszerzenie posiadanych kwalifikacji i wykszta\u0142cenia w dziedzinie choreoterapii <\/b><span style=\"font-weight: 400;\">i zaj\u0119\u0107 dla dzieci z\u00a0 problemami rozwojowymi jest<\/span><a title=\"Kurs kwalifikacyjny z zakresu terapii pedagogicznej z arteterapi\u0105\" href=\"https:\/\/epedagog.edu.pl\/oferta\/kursy\/kurs-kwalifikacyjny-z-zakresu-terapii-pedagogicznej-z-arteterapia\"><span style=\"font-weight: 400;\"> ,<\/span><\/a><span style=\"font-weight: 400;\">,<\/span><a title=\"Kurs kwalifikacyjny z zakresu terapii pedagogicznej z arteterapi\u0105\" href=\"https:\/\/epedagog.edu.pl\/oferta\/kursy\/kurs-kwalifikacyjny-z-zakresu-terapii-pedagogicznej-z-arteterapia\"><span style=\"font-weight: 400;\">Kurs kwalifikacyjny z zakresu terapii pedagogiczna z arteterapi\u0105<\/span><\/a><span style=\"font-weight: 400;\">\u201d. To propozycja, kt\u00f3ra dost\u0119pna jest na platformie edukacyjnej ePedagog.edu.pl i umo\u017cliwia <\/span><b>uzyskanie kwalifikacji zgodnych z MEiN <\/b><span style=\"font-weight: 400;\">do pracy w charakterze osoby prowadz\u0105cej zaj\u0119cia terapeutyczne dla dzieci z r\u00f3\u017cnymi zaburzeniami rozwojowymi. Absolwent kursu otrzymuje stosown\u0105 dokumentacj\u0119 zgodn\u0105 z wymogami MEiN potwierdzaj\u0105c\u0105 uko\u0144czenie kursu i posiadane kwalifikacje.<\/span><\/p>\n<p><span style=\"font-weight: 400;\">Kurs na naszej platformie to oferta skierowana do nauczycieli, opiekun\u00f3w, wychowawc\u00f3w, pedagog\u00f3w, a tak\u017ce innych os\u00f3b, kt\u00f3re zainteresowane s\u0105 pomaganiem w rozwoju poprzez zaj\u0119cia z wykorzystaniem ruchu i ta\u0144ca.<\/span><\/p>\n","protected":false},"excerpt":{"rendered":"<p>Zaburzenia rozwojowe dotykaj\u0105 dzieci w r\u00f3\u017cnym stopniu. Nie zawsze fakt ich wyst\u0119powania oznacza, \u017ce nie da si\u0119 nic zrobi\u0107 \u2013 wr\u0119cz przeciwnie. Warto stosowa\u0107 r\u00f3\u017cnego rodzaju terapie, ale te\u017c wspiera\u0107 rozw\u00f3j dzieci na co dzie\u0144, poprzez codzienne zabawy, \u0107wiczenia i zadania wspomagaj\u0105ce. W\u015br\u00f3d takich aktywno\u015bci na uwag\u0119 zas\u0142uguje choreoterapia. \u0106wiczenia wykorzystuj\u0105ce taniec i ruch to [&hellip;]<\/p>\n","protected":false},"author":18,"featured_media":1288,"comment_status":"closed","ping_status":"closed","sticky":false,"template":"","format":"standard","meta":{"_lmt_disableupdate":"no","_lmt_disable":"no","footnotes":""},"categories":[1271],"tags":[],"class_list":["post-1286","post","type-post","status-publish","format-standard","has-post-thumbnail","hentry","category-socjoterapia"],"modified_by":"digital","_links":{"self":[{"href":"https:\/\/epedagog.edu.pl\/aktualnosci\/wp-json\/wp\/v2\/posts\/1286","targetHints":{"allow":["GET"]}}],"collection":[{"href":"https:\/\/epedagog.edu.pl\/aktualnosci\/wp-json\/wp\/v2\/posts"}],"about":[{"href":"https:\/\/epedagog.edu.pl\/aktualnosci\/wp-json\/wp\/v2\/types\/post"}],"author":[{"embeddable":true,"href":"https:\/\/epedagog.edu.pl\/aktualnosci\/wp-json\/wp\/v2\/users\/18"}],"replies":[{"embeddable":true,"href":"https:\/\/epedagog.edu.pl\/aktualnosci\/wp-json\/wp\/v2\/comments?post=1286"}],"version-history":[{"count":1,"href":"https:\/\/epedagog.edu.pl\/aktualnosci\/wp-json\/wp\/v2\/posts\/1286\/revisions"}],"predecessor-version":[{"id":1289,"href":"https:\/\/epedagog.edu.pl\/aktualnosci\/wp-json\/wp\/v2\/posts\/1286\/revisions\/1289"}],"wp:featuredmedia":[{"embeddable":true,"href":"https:\/\/epedagog.edu.pl\/aktualnosci\/wp-json\/wp\/v2\/media\/1288"}],"wp:attachment":[{"href":"https:\/\/epedagog.edu.pl\/aktualnosci\/wp-json\/wp\/v2\/media?parent=1286"}],"wp:term":[{"taxonomy":"category","embeddable":true,"href":"https:\/\/epedagog.edu.pl\/aktualnosci\/wp-json\/wp\/v2\/categories?post=1286"},{"taxonomy":"post_tag","embeddable":true,"href":"https:\/\/epedagog.edu.pl\/aktualnosci\/wp-json\/wp\/v2\/tags?post=1286"}],"curies":[{"name":"wp","href":"https:\/\/api.w.org\/{rel}","templated":true}]}}