{"id":1236,"date":"2024-02-20T15:33:31","date_gmt":"2024-02-20T14:33:31","guid":{"rendered":"https:\/\/epedagog.edu.pl\/aktualnosci\/?p=1236"},"modified":"2024-11-25T09:31:45","modified_gmt":"2024-11-25T08:31:45","slug":"czym-jest-socjoterapia-czym-zajmuje-sie-socjoterapeuta","status":"publish","type":"post","link":"https:\/\/epedagog.edu.pl\/aktualnosci\/czym-jest-socjoterapia-czym-zajmuje-sie-socjoterapeuta\/","title":{"rendered":"Czym jest socjoterapia? Czym zajmuje si\u0119 socjoterapeuta?"},"content":{"rendered":"<p><span style=\"font-weight: 400;\">Socjoterapia to rodzaj terapii ukierunkowanej na usprawnianie funkcjonowania spo\u0142ecznego os\u00f3b, kt\u00f3re zostan\u0105 obj\u0119te t\u0105 form\u0105 pomocy. Umo\u017cliwia ona wszechstronny rozw\u00f3j na r\u00f3\u017cnych p\u0142aszczyznach. Z dzisiejszego artyku\u0142u dowiesz si\u0119 mi\u0119dzy innymi tego, czym dok\u0142adnie jest socjoterapia, kim jest socjoterapeuta i jak nim zosta\u0107. Dowiedz si\u0119, wszystkiego, co warto wiedzie\u0107 na temat socjoterapii.<\/span><\/p>\n<div id=\"ez-toc-container\" class=\"ez-toc-v2_0_76 counter-hierarchy ez-toc-counter ez-toc-custom ez-toc-container-direction\">\n<div class=\"ez-toc-title-container\">\n<p class=\"ez-toc-title\" style=\"cursor:inherit\">Spis tre\u015bci<\/p>\n<span class=\"ez-toc-title-toggle\"><a href=\"#\" class=\"ez-toc-pull-right ez-toc-btn ez-toc-btn-xs ez-toc-btn-default ez-toc-toggle\" aria-label=\"Prze\u0142\u0105cznik Spisu Tre\u015bci\"><span class=\"ez-toc-js-icon-con\"><span class=\"\"><span class=\"eztoc-hide\" style=\"display:none;\">Toggle<\/span><span class=\"ez-toc-icon-toggle-span\"><svg style=\"fill: #999;color:#999\" xmlns=\"http:\/\/www.w3.org\/2000\/svg\" class=\"list-377408\" width=\"20px\" height=\"20px\" viewBox=\"0 0 24 24\" fill=\"none\"><path d=\"M6 6H4v2h2V6zm14 0H8v2h12V6zM4 11h2v2H4v-2zm16 0H8v2h12v-2zM4 16h2v2H4v-2zm16 0H8v2h12v-2z\" fill=\"currentColor\"><\/path><\/svg><svg style=\"fill: #999;color:#999\" class=\"arrow-unsorted-368013\" xmlns=\"http:\/\/www.w3.org\/2000\/svg\" width=\"10px\" height=\"10px\" viewBox=\"0 0 24 24\" version=\"1.2\" baseProfile=\"tiny\"><path d=\"M18.2 9.3l-6.2-6.3-6.2 6.3c-.2.2-.3.4-.3.7s.1.5.3.7c.2.2.4.3.7.3h11c.3 0 .5-.1.7-.3.2-.2.3-.5.3-.7s-.1-.5-.3-.7zM5.8 14.7l6.2 6.3 6.2-6.3c.2-.2.3-.5.3-.7s-.1-.5-.3-.7c-.2-.2-.4-.3-.7-.3h-11c-.3 0-.5.1-.7.3-.2.2-.3.5-.3.7s.1.5.3.7z\"\/><\/svg><\/span><\/span><\/span><\/a><\/span><\/div>\n<nav><ul class='ez-toc-list ez-toc-list-level-1 ' ><li class='ez-toc-page-1 ez-toc-heading-level-2'><a class=\"ez-toc-link ez-toc-heading-1\" href=\"https:\/\/epedagog.edu.pl\/aktualnosci\/czym-jest-socjoterapia-czym-zajmuje-sie-socjoterapeuta\/#Socjoterapia_%E2%80%93_co_to_jest\" >Socjoterapia &#8211; co to jest?<\/a><\/li><li class='ez-toc-page-1 ez-toc-heading-level-2'><a class=\"ez-toc-link ez-toc-heading-2\" href=\"https:\/\/epedagog.edu.pl\/aktualnosci\/czym-jest-socjoterapia-czym-zajmuje-sie-socjoterapeuta\/#Socjoterapeuta_%E2%80%93_kto_to_jest\" >Socjoterapeuta &#8211; kto to jest?<\/a><\/li><li class='ez-toc-page-1 ez-toc-heading-level-2'><a class=\"ez-toc-link ez-toc-heading-3\" href=\"https:\/\/epedagog.edu.pl\/aktualnosci\/czym-jest-socjoterapia-czym-zajmuje-sie-socjoterapeuta\/#Socjoterapia_%E2%80%93_dla_kogo\" >Socjoterapia &#8211; dla kogo?<\/a><\/li><li class='ez-toc-page-1 ez-toc-heading-level-2'><a class=\"ez-toc-link ez-toc-heading-4\" href=\"https:\/\/epedagog.edu.pl\/aktualnosci\/czym-jest-socjoterapia-czym-zajmuje-sie-socjoterapeuta\/#Jak_zostac_socjoterapeuta\" >Jak zosta\u0107 socjoterapeut\u0105?<\/a><\/li><li class='ez-toc-page-1 ez-toc-heading-level-2'><a class=\"ez-toc-link ez-toc-heading-5\" href=\"https:\/\/epedagog.edu.pl\/aktualnosci\/czym-jest-socjoterapia-czym-zajmuje-sie-socjoterapeuta\/#Socjoterapia_%E2%80%93_gdzie_mozna_pracowac\" >Socjoterapia &#8211; gdzie mo\u017cna pracowa\u0107?<\/a><\/li><\/ul><\/nav><\/div>\n<h2><span class=\"ez-toc-section\" id=\"Socjoterapia_%E2%80%93_co_to_jest\"><\/span><span style=\"font-weight: 400;\">Socjoterapia &#8211; co to jest?<\/span><span class=\"ez-toc-section-end\"><\/span><\/h2>\n<p><span style=\"font-weight: 400;\">Socjoterapia jest <\/span><b>jedn\u0105 z form pomocy psychologicznej<\/b><span style=\"font-weight: 400;\">, z kt\u00f3rej mog\u0105 korzysta\u0107 dzieci i m\u0142odzie\u017c, a tak\u017ce doro\u015bli. Socjoterapia prowadzona jest w ramach zaj\u0119\u0107 grupowych, na kt\u00f3rych uczestnicy ucz\u0105 si\u0119, jak:<\/span><\/p>\n<ul>\n<li style=\"font-weight: 400;\" aria-level=\"1\"><span style=\"font-weight: 400;\">sprawnie funkcjonowa\u0107 w grupie os\u00f3b;<\/span><\/li>\n<li style=\"font-weight: 400;\" aria-level=\"1\"><span style=\"font-weight: 400;\">przedstawia\u0107 swoje oczekiwania i trudno\u015bci, z kt\u00f3rymi mierz\u0105 si\u0119 w procesach grupowych;<\/span><\/li>\n<li style=\"font-weight: 400;\" aria-level=\"1\"><span style=\"font-weight: 400;\">wykorzystywa\u0107 dost\u0119pne zasoby, by skutecznie komunikowa\u0107 si\u0119 z otoczeniem;<\/span><\/li>\n<li style=\"font-weight: 400;\" aria-level=\"1\"><span style=\"font-weight: 400;\">spe\u0142nia\u0107 swoje potrzeby spo\u0142eczne, kt\u00f3rych niezaspokojenie mo\u017ce powodowa\u0107 zachowania powszechnie uznawane za niepo\u017c\u0105dane.<\/span><\/li>\n<\/ul>\n<blockquote><p><a title=\"Kurs kwalifikacyjny z zakresu socjoterapii\" href=\"https:\/\/epedagog.edu.pl\/oferta\/kursy\/kurs-kwalifikacyjny-z-zakresu-socjoterapii\"><span style=\"font-weight: 400;\">ROZWIJAJ SI\u0118 Z PLATFORM\u0104 E-PEDAGOG I ZAPISZ SI\u0118 \u201eKURS KWALIFIKACYJNY Z ZAKRESU SOCJOTERAPII\u201d!<\/span><\/a><\/p><\/blockquote>\n<h2><span class=\"ez-toc-section\" id=\"Socjoterapeuta_%E2%80%93_kto_to_jest\"><\/span><span style=\"font-weight: 400;\">Socjoterapeuta &#8211; kto to jest?<\/span><span class=\"ez-toc-section-end\"><\/span><\/h2>\n<p><span style=\"font-weight: 400;\">Socjoterapeuta to osoba, <\/span><b>posiadaj\u0105ca odpowiednie wykszta\u0142cenie, a tak\u017ce wiedz\u0119, umiej\u0119tno\u015bci i kompetencje<\/b><span style=\"font-weight: 400;\">, kt\u00f3re pozwalaj\u0105 mu na prowadzenie zaj\u0119\u0107 w spos\u00f3b, umo\u017cliwiaj\u0105cy rozw\u00f3j grupowy oraz rozw\u00f3j ka\u017cdego z cz\u0142onk\u00f3w z osobna. Czuwa on nad przebiegiem socjoterapii oraz:<\/span><\/p>\n<ul>\n<li style=\"font-weight: 400;\" aria-level=\"1\"><span style=\"font-weight: 400;\">dba o to, by w jej toku nikomu nie dzia\u0142a si\u0119 krzywda;<\/span><\/li>\n<li style=\"font-weight: 400;\" aria-level=\"1\"><span style=\"font-weight: 400;\">stymuluje grup\u0119 do rozwoju;<\/span><\/li>\n<li style=\"font-weight: 400;\" aria-level=\"1\"><span style=\"font-weight: 400;\">stawia przed grup\u0105 zadania do rozwi\u0105zania;<\/span><\/li>\n<li style=\"font-weight: 400;\" aria-level=\"1\"><span style=\"font-weight: 400;\">proponuje rozmaite gry i zabawy.<\/span><\/li>\n<\/ul>\n<p><img loading=\"lazy\" decoding=\"async\" class=\"alignnone size-full wp-image-1237\" src=\"https:\/\/epedagog.edu.pl\/aktualnosci\/wp-content\/uploads\/2024\/02\/socjoterapia-co-to-jest-scaled.jpg\" alt=\"socjoterapia co to jest\" width=\"2560\" height=\"1707\" srcset=\"https:\/\/epedagog.edu.pl\/aktualnosci\/wp-content\/uploads\/2024\/02\/socjoterapia-co-to-jest-scaled.jpg 2560w, https:\/\/epedagog.edu.pl\/aktualnosci\/wp-content\/uploads\/2024\/02\/socjoterapia-co-to-jest-300x200.jpg 300w, https:\/\/epedagog.edu.pl\/aktualnosci\/wp-content\/uploads\/2024\/02\/socjoterapia-co-to-jest-1024x683.jpg 1024w, https:\/\/epedagog.edu.pl\/aktualnosci\/wp-content\/uploads\/2024\/02\/socjoterapia-co-to-jest-768x512.jpg 768w, https:\/\/epedagog.edu.pl\/aktualnosci\/wp-content\/uploads\/2024\/02\/socjoterapia-co-to-jest-1536x1024.jpg 1536w, https:\/\/epedagog.edu.pl\/aktualnosci\/wp-content\/uploads\/2024\/02\/socjoterapia-co-to-jest-2048x1365.jpg 2048w, https:\/\/epedagog.edu.pl\/aktualnosci\/wp-content\/uploads\/2024\/02\/socjoterapia-co-to-jest-696x464.jpg 696w, https:\/\/epedagog.edu.pl\/aktualnosci\/wp-content\/uploads\/2024\/02\/socjoterapia-co-to-jest-1068x712.jpg 1068w, https:\/\/epedagog.edu.pl\/aktualnosci\/wp-content\/uploads\/2024\/02\/socjoterapia-co-to-jest-630x420.jpg 630w, https:\/\/epedagog.edu.pl\/aktualnosci\/wp-content\/uploads\/2024\/02\/socjoterapia-co-to-jest-1920x1280.jpg 1920w\" sizes=\"auto, (max-width: 2560px) 100vw, 2560px\" \/><\/p>\n<h2><span class=\"ez-toc-section\" id=\"Socjoterapia_%E2%80%93_dla_kogo\"><\/span><span style=\"font-weight: 400;\">Socjoterapia &#8211; dla kogo?<\/span><span class=\"ez-toc-section-end\"><\/span><\/h2>\n<p><span style=\"font-weight: 400;\">Socjoterapia jest przeznaczona dla os\u00f3b, kt\u00f3re maj\u0105 <\/span><b>problemy i trudno\u015bci emocjonalne oraz w funkcjonowaniu spo\u0142ecznym<\/b><span style=\"font-weight: 400;\">. Mog\u0105 uda\u0107 si\u0119 na ni\u0105 tak\u017ce osoby, kt\u00f3rym zale\u017cy na wszechstronnym rozwoju swoich umiej\u0119tno\u015bci spo\u0142ecznych. Z regu\u0142y zaj\u0119cia kierowane s\u0105 do: os\u00f3b nie\u015bmia\u0142ych, z nisk\u0105 samoocen\u0105, zahamowanych, z l\u0119kiem przed nawi\u0105zywaniem trwa\u0142ych relacji, nadmiernie wyra\u017caj\u0105cych uczucia i emocje, maj\u0105cych trudno\u015bci z funkcjonowaniem spo\u0142ecznym przez zbyt du\u017ce zaanga\u017cowanie w relacje.<\/span><\/p>\n<h2><span class=\"ez-toc-section\" id=\"Jak_zostac_socjoterapeuta\"><\/span><span style=\"font-weight: 400;\">Jak zosta\u0107 socjoterapeut\u0105?<\/span><span class=\"ez-toc-section-end\"><\/span><\/h2>\n<p><span style=\"font-weight: 400;\">\u017beby zosta\u0107 socjoterapeut\u0105, najpierw nale\u017cy uko\u0144czy\u0107 studia na jednym z kierunk\u00f3w takich jak: <\/span><b>psychologia, pedagogika, socjologia, praca socjalna<\/b><span style=\"font-weight: 400;\">, a nast\u0119pnie zdoby\u0107 wykszta\u0142cenie uzupe\u0142niaj\u0105ce na studiach podyplomowych lub dodatkowym kursie. Czasami zdarza si\u0119 tak, \u017ce w ramach programu studi\u00f3w przewidziana jest tak du\u017ca liczba godzin po\u015bwi\u0119conych socjoterapii, \u017ce absolwenci danego kierunku otrzymuj\u0105 r\u00f3wnie\u017c uprawnienia socjoterapeuty, jednak aktualnie jest to rzadko\u015b\u0107, dlatego te\u017c <\/span><b>rekomendujemy zapisanie si\u0119 na \u201e<\/b><a title=\"Kurs kwalifikacyjny z zakresu socjoterapii\" href=\"https:\/\/epedagog.edu.pl\/oferta\/kursy\/kurs-kwalifikacyjny-z-zakresu-socjoterapii\"><b>Kurs kwalifikacyjny z zakresu socjoterapii<\/b><\/a><span style=\"font-weight: 400;\">\u201d.<\/span><\/p>\n<p><span style=\"font-weight: 400;\">Po zdaniu egzaminu i uko\u0144czeniu kursu otrzymuje si\u0119 dokumentacj\u0119 zgodn\u0105 z wymogami MEiN, a w toku nauki mo\u017cna dowiedzie\u0107 si\u0119 wi\u0119cej na temat:<\/span><\/p>\n<ul>\n<li style=\"font-weight: 400;\" aria-level=\"1\"><span style=\"font-weight: 400;\">diagnozowania zaburze\u0144 emocjonalnych i zachowania;<\/span><\/li>\n<li style=\"font-weight: 400;\" aria-level=\"1\"><span style=\"font-weight: 400;\">psychologii m\u0142odzie\u017cy, socjologii rodziny i wychowania;<\/span><\/li>\n<li style=\"font-weight: 400;\" aria-level=\"1\"><span style=\"font-weight: 400;\">metodyki zaj\u0119\u0107 socjoterapeutycznych;<\/span><\/li>\n<li style=\"font-weight: 400;\" aria-level=\"1\"><span style=\"font-weight: 400;\">metodyki pracy z grup\u0105;<\/span><\/li>\n<li style=\"font-weight: 400;\" aria-level=\"1\"><span style=\"font-weight: 400;\">organizowania czasu wolnego dzieciom i m\u0142odzie\u017cy.<\/span><\/li>\n<\/ul>\n<p><a title=\"Kurs kwalifikacyjny z zakresu socjoterapii\" href=\"https:\/\/epedagog.edu.pl\/oferta\/kursy\/kurs-kwalifikacyjny-z-zakresu-socjoterapii\"><img loading=\"lazy\" decoding=\"async\" class=\"alignnone size-full wp-image-613\" src=\"https:\/\/epedagog.edu.pl\/aktualnosci\/wp-content\/uploads\/2022\/03\/baner_linkuj\u0105cy.png\" alt=\"socjoterapia dla kogo\" width=\"694\" height=\"151\" srcset=\"https:\/\/epedagog.edu.pl\/aktualnosci\/wp-content\/uploads\/2022\/03\/baner_linkuj\u0105cy.png 694w, https:\/\/epedagog.edu.pl\/aktualnosci\/wp-content\/uploads\/2022\/03\/baner_linkuj\u0105cy-300x65.png 300w\" sizes=\"auto, (max-width: 694px) 100vw, 694px\" \/><\/a><\/p>\n<h2><span class=\"ez-toc-section\" id=\"Socjoterapia_%E2%80%93_gdzie_mozna_pracowac\"><\/span><span style=\"font-weight: 400;\">Socjoterapia &#8211; gdzie mo\u017cna pracowa\u0107?<\/span><span class=\"ez-toc-section-end\"><\/span><\/h2>\n<p><span style=\"font-weight: 400;\">Po uko\u0144czeniu socjoterapii mo\u017cna pracowa\u0107 w \u015bwietlicach \u015brodowiskowych, o\u015brodkach opieki dziennej, domach pomocy spo\u0142ecznej, szko\u0142ach i przedszkolach, domach kultury, plac\u00f3wkach wychowawczych i socjoterapeutycznych. <\/span><b>Nierzadko r\u00f3wnie\u017c poradnie leczenia uzale\u017cnie\u0144 ch\u0119tnie zatrudniaj\u0105 socjoterapeut\u00f3w<\/b><span style=\"font-weight: 400;\">, jednak w\u00f3wczas najcz\u0119\u015bciej wymagane s\u0105 tak\u017ce kwalifikacje terapeuty leczenia uzale\u017cnie\u0144!<\/span><\/p>\n","protected":false},"excerpt":{"rendered":"<p>Socjoterapia to rodzaj terapii ukierunkowanej na usprawnianie funkcjonowania spo\u0142ecznego os\u00f3b, kt\u00f3re zostan\u0105 obj\u0119te t\u0105 form\u0105 pomocy. Umo\u017cliwia ona wszechstronny rozw\u00f3j na r\u00f3\u017cnych p\u0142aszczyznach. Z dzisiejszego artyku\u0142u dowiesz si\u0119 mi\u0119dzy innymi tego, czym dok\u0142adnie jest socjoterapia, kim jest socjoterapeuta i jak nim zosta\u0107. Dowiedz si\u0119, wszystkiego, co warto wiedzie\u0107 na temat socjoterapii. Socjoterapia &#8211; co to [&hellip;]<\/p>\n","protected":false},"author":18,"featured_media":1238,"comment_status":"closed","ping_status":"closed","sticky":false,"template":"","format":"standard","meta":{"_lmt_disableupdate":"no","_lmt_disable":"no","footnotes":""},"categories":[1271],"tags":[],"class_list":["post-1236","post","type-post","status-publish","format-standard","has-post-thumbnail","hentry","category-socjoterapia"],"modified_by":"digital","_links":{"self":[{"href":"https:\/\/epedagog.edu.pl\/aktualnosci\/wp-json\/wp\/v2\/posts\/1236","targetHints":{"allow":["GET"]}}],"collection":[{"href":"https:\/\/epedagog.edu.pl\/aktualnosci\/wp-json\/wp\/v2\/posts"}],"about":[{"href":"https:\/\/epedagog.edu.pl\/aktualnosci\/wp-json\/wp\/v2\/types\/post"}],"author":[{"embeddable":true,"href":"https:\/\/epedagog.edu.pl\/aktualnosci\/wp-json\/wp\/v2\/users\/18"}],"replies":[{"embeddable":true,"href":"https:\/\/epedagog.edu.pl\/aktualnosci\/wp-json\/wp\/v2\/comments?post=1236"}],"version-history":[{"count":1,"href":"https:\/\/epedagog.edu.pl\/aktualnosci\/wp-json\/wp\/v2\/posts\/1236\/revisions"}],"predecessor-version":[{"id":1239,"href":"https:\/\/epedagog.edu.pl\/aktualnosci\/wp-json\/wp\/v2\/posts\/1236\/revisions\/1239"}],"wp:featuredmedia":[{"embeddable":true,"href":"https:\/\/epedagog.edu.pl\/aktualnosci\/wp-json\/wp\/v2\/media\/1238"}],"wp:attachment":[{"href":"https:\/\/epedagog.edu.pl\/aktualnosci\/wp-json\/wp\/v2\/media?parent=1236"}],"wp:term":[{"taxonomy":"category","embeddable":true,"href":"https:\/\/epedagog.edu.pl\/aktualnosci\/wp-json\/wp\/v2\/categories?post=1236"},{"taxonomy":"post_tag","embeddable":true,"href":"https:\/\/epedagog.edu.pl\/aktualnosci\/wp-json\/wp\/v2\/tags?post=1236"}],"curies":[{"name":"wp","href":"https:\/\/api.w.org\/{rel}","templated":true}]}}