{"id":1149,"date":"2023-11-01T11:00:20","date_gmt":"2023-11-01T10:00:20","guid":{"rendered":"https:\/\/epedagog.edu.pl\/aktualnosci\/?p=1149"},"modified":"2024-11-25T09:21:35","modified_gmt":"2024-11-25T08:21:35","slug":"czy-terapia-pedagogiczna-to-to-samo-co-zajecia-korekcyjno-kompensacyjne","status":"publish","type":"post","link":"https:\/\/epedagog.edu.pl\/aktualnosci\/czy-terapia-pedagogiczna-to-to-samo-co-zajecia-korekcyjno-kompensacyjne\/","title":{"rendered":"Czy terapia pedagogiczna to to samo co zaj\u0119cia korekcyjno-kompensacyjne?"},"content":{"rendered":"<p><span style=\"font-weight: 400;\">Z rekomendacj\u0105 rozpocz\u0119cia terapii pedagogicznej lub zaj\u0119\u0107 korekcyjno-kompensacyjnych spotyka si\u0119 du\u017ca grupa uczni\u00f3w i ich rodzic\u00f3w, kt\u00f3rzy zostaj\u0105 skierowani do poradni psychologiczno-pedagogicznej. Dzi\u0119ki nim mo\u017cliwe jest wyr\u00f3wnywanie szans edukacyjnych, poprawa zdolno\u015bci motorycznych czy stymulacja rozwoju na r\u00f3\u017cnych polach. Dowiedz si\u0119, czy terapia pedagogiczna to to samo co zaj\u0119cia korekcyjno-kompensacyjne.<\/span><\/p>\n<div id=\"ez-toc-container\" class=\"ez-toc-v2_0_76 counter-hierarchy ez-toc-counter ez-toc-custom ez-toc-container-direction\">\n<div class=\"ez-toc-title-container\">\n<p class=\"ez-toc-title\" style=\"cursor:inherit\">Spis tre\u015bci<\/p>\n<span class=\"ez-toc-title-toggle\"><a href=\"#\" class=\"ez-toc-pull-right ez-toc-btn ez-toc-btn-xs ez-toc-btn-default ez-toc-toggle\" aria-label=\"Prze\u0142\u0105cznik Spisu Tre\u015bci\"><span class=\"ez-toc-js-icon-con\"><span class=\"\"><span class=\"eztoc-hide\" style=\"display:none;\">Toggle<\/span><span class=\"ez-toc-icon-toggle-span\"><svg style=\"fill: #999;color:#999\" xmlns=\"http:\/\/www.w3.org\/2000\/svg\" class=\"list-377408\" width=\"20px\" height=\"20px\" viewBox=\"0 0 24 24\" fill=\"none\"><path d=\"M6 6H4v2h2V6zm14 0H8v2h12V6zM4 11h2v2H4v-2zm16 0H8v2h12v-2zM4 16h2v2H4v-2zm16 0H8v2h12v-2z\" fill=\"currentColor\"><\/path><\/svg><svg style=\"fill: #999;color:#999\" class=\"arrow-unsorted-368013\" xmlns=\"http:\/\/www.w3.org\/2000\/svg\" width=\"10px\" height=\"10px\" viewBox=\"0 0 24 24\" version=\"1.2\" baseProfile=\"tiny\"><path d=\"M18.2 9.3l-6.2-6.3-6.2 6.3c-.2.2-.3.4-.3.7s.1.5.3.7c.2.2.4.3.7.3h11c.3 0 .5-.1.7-.3.2-.2.3-.5.3-.7s-.1-.5-.3-.7zM5.8 14.7l6.2 6.3 6.2-6.3c.2-.2.3-.5.3-.7s-.1-.5-.3-.7c-.2-.2-.4-.3-.7-.3h-11c-.3 0-.5.1-.7.3-.2.2-.3.5-.3.7s.1.5.3.7z\"\/><\/svg><\/span><\/span><\/span><\/a><\/span><\/div>\n<nav><ul class='ez-toc-list ez-toc-list-level-1 ' ><li class='ez-toc-page-1 ez-toc-heading-level-2'><a class=\"ez-toc-link ez-toc-heading-1\" href=\"https:\/\/epedagog.edu.pl\/aktualnosci\/czy-terapia-pedagogiczna-to-to-samo-co-zajecia-korekcyjno-kompensacyjne\/#Na_czym_polega_terapia_pedagogiczna\" >Na czym polega terapia pedagogiczna?<\/a><\/li><li class='ez-toc-page-1 ez-toc-heading-level-2'><a class=\"ez-toc-link ez-toc-heading-2\" href=\"https:\/\/epedagog.edu.pl\/aktualnosci\/czy-terapia-pedagogiczna-to-to-samo-co-zajecia-korekcyjno-kompensacyjne\/#Czym_wlasciwie_sa_zajecia_korekcyjno-kompensacyjne\" >Czym w\u0142a\u015bciwie s\u0105 zaj\u0119cia korekcyjno-kompensacyjne?<\/a><\/li><li class='ez-toc-page-1 ez-toc-heading-level-2'><a class=\"ez-toc-link ez-toc-heading-3\" href=\"https:\/\/epedagog.edu.pl\/aktualnosci\/czy-terapia-pedagogiczna-to-to-samo-co-zajecia-korekcyjno-kompensacyjne\/#Roznice_%E2%80%93_terapia_pedagogiczna_i_zajecia_korekcyjno-kompensacyjne\" >R\u00f3\u017cnice \u2013 terapia pedagogiczna i zaj\u0119cia korekcyjno-kompensacyjne<\/a><\/li><li class='ez-toc-page-1 ez-toc-heading-level-2'><a class=\"ez-toc-link ez-toc-heading-4\" href=\"https:\/\/epedagog.edu.pl\/aktualnosci\/czy-terapia-pedagogiczna-to-to-samo-co-zajecia-korekcyjno-kompensacyjne\/#Czy_terapia_pedagogiczna_to_to_samo_co_zajecia_korekcyjno-kompensacyjne\" >Czy terapia pedagogiczna to to samo co zaj\u0119cia korekcyjno-kompensacyjne?<\/a><\/li><\/ul><\/nav><\/div>\n<h2><span class=\"ez-toc-section\" id=\"Na_czym_polega_terapia_pedagogiczna\"><\/span><span style=\"font-weight: 400;\">Na czym polega terapia pedagogiczna?<\/span><span class=\"ez-toc-section-end\"><\/span><\/h2>\n<p><span style=\"font-weight: 400;\">Diagnoza i terapia pedagogiczna jest zagadnieniem najszerzej poruszanym na gruncie pedagogiki specjalnej oraz czasami \u2013 wczesnoszkolnej. Terapia pedagogiczna to oddzia\u0142ywanie za pomoc\u0105 r\u00f3\u017cnych metod i technik, kt\u00f3re umo\u017cliwia zapewnienie dziecku prawid\u0142owego rozwoju emocjonalnego, spo\u0142ecznego i poznawczego. Z regu\u0142y stosuje si\u0119 j\u0105 w przypadku stwierdzonych nieprawid\u0142owo\u015bci w zakresie rozwoju np. motoryki czy w celu wyr\u00f3wnywania szans r\u00f3wie\u015bniczych.<\/span><\/p>\n<blockquote><p><a href=\"https:\/\/epedagog.edu.pl\/oferta\/kursy\/kurs-kwalifikacyjny-z-zakresu-terapii-pedagogicznej\"><span style=\"font-weight: 400;\">REALIZUJ KURSY KWALIFIKACYJNE Z ZAKRESU TERAPII PEDAGOGICZNEJ W WYGODNEJ FORMIE KSZTA\u0141CENIA NA ODLEG\u0141O\u015a\u0106!<\/span><\/a><\/p><\/blockquote>\n<h2><span class=\"ez-toc-section\" id=\"Czym_wlasciwie_sa_zajecia_korekcyjno-kompensacyjne\"><\/span><span style=\"font-weight: 400;\">Czym w\u0142a\u015bciwie s\u0105 zaj\u0119cia korekcyjno-kompensacyjne?<\/span><span class=\"ez-toc-section-end\"><\/span><\/h2>\n<p><span style=\"font-weight: 400;\">Zaj\u0119cia korekcyjno-kompensacyjne to jeden z rodzaj\u00f3w terapii pedagogicznej. Prowadzone s\u0105 przez pedagoga specjalnego. Podczas takich zaj\u0119\u0107 mo\u017cna wykonywa\u0107 rozmaite \u0107wiczenia, kt\u00f3rych celem jest:<\/span><\/p>\n<ul>\n<li style=\"font-weight: 400;\" aria-level=\"1\"><span style=\"font-weight: 400;\">poprawa funkcji percepcyjno-motorycznych,<\/span><\/li>\n<li style=\"font-weight: 400;\" aria-level=\"1\"><span style=\"font-weight: 400;\">rozw\u00f3j zdolno\u015bci poznawczych dziecka,<\/span><\/li>\n<li style=\"font-weight: 400;\" aria-level=\"1\"><span style=\"font-weight: 400;\">poprawa koncentracji uwagi,<\/span><\/li>\n<li style=\"font-weight: 400;\" aria-level=\"1\"><span style=\"font-weight: 400;\">nauka sprawnego czytania, pisania i liczenia,<\/span><\/li>\n<li style=\"font-weight: 400;\" aria-level=\"1\"><span style=\"font-weight: 400;\">usprawnianie funkcji wzrokowych czy s\u0142uchowych.<\/span><\/li>\n<\/ul>\n<p style=\"text-align: left;\"><img loading=\"lazy\" decoding=\"async\" class=\"size-medium wp-image-1150 alignleft\" src=\"https:\/\/epedagog.edu.pl\/aktualnosci\/wp-content\/uploads\/2023\/12\/Czy-terapia-pedagogiczna-to-to-samo-co-zajecia-korekcyjno-kompensacyjne-1-300x200.jpg\" alt=\"Czy terapia pedagogiczna to to samo co zaj\u0119cia korekcyjno-kompensacyjne\" width=\"300\" height=\"200\" srcset=\"https:\/\/epedagog.edu.pl\/aktualnosci\/wp-content\/uploads\/2023\/12\/Czy-terapia-pedagogiczna-to-to-samo-co-zajecia-korekcyjno-kompensacyjne-1-300x200.jpg 300w, https:\/\/epedagog.edu.pl\/aktualnosci\/wp-content\/uploads\/2023\/12\/Czy-terapia-pedagogiczna-to-to-samo-co-zajecia-korekcyjno-kompensacyjne-1-1024x683.jpg 1024w, https:\/\/epedagog.edu.pl\/aktualnosci\/wp-content\/uploads\/2023\/12\/Czy-terapia-pedagogiczna-to-to-samo-co-zajecia-korekcyjno-kompensacyjne-1-768x512.jpg 768w, https:\/\/epedagog.edu.pl\/aktualnosci\/wp-content\/uploads\/2023\/12\/Czy-terapia-pedagogiczna-to-to-samo-co-zajecia-korekcyjno-kompensacyjne-1-1536x1024.jpg 1536w, https:\/\/epedagog.edu.pl\/aktualnosci\/wp-content\/uploads\/2023\/12\/Czy-terapia-pedagogiczna-to-to-samo-co-zajecia-korekcyjno-kompensacyjne-1-2048x1365.jpg 2048w, https:\/\/epedagog.edu.pl\/aktualnosci\/wp-content\/uploads\/2023\/12\/Czy-terapia-pedagogiczna-to-to-samo-co-zajecia-korekcyjno-kompensacyjne-1-696x464.jpg 696w, https:\/\/epedagog.edu.pl\/aktualnosci\/wp-content\/uploads\/2023\/12\/Czy-terapia-pedagogiczna-to-to-samo-co-zajecia-korekcyjno-kompensacyjne-1-1068x712.jpg 1068w, https:\/\/epedagog.edu.pl\/aktualnosci\/wp-content\/uploads\/2023\/12\/Czy-terapia-pedagogiczna-to-to-samo-co-zajecia-korekcyjno-kompensacyjne-1-630x420.jpg 630w, https:\/\/epedagog.edu.pl\/aktualnosci\/wp-content\/uploads\/2023\/12\/Czy-terapia-pedagogiczna-to-to-samo-co-zajecia-korekcyjno-kompensacyjne-1-1920x1280.jpg 1920w\" sizes=\"auto, (max-width: 300px) 100vw, 300px\" \/><\/p>\n<p style=\"text-align: left;\">\u0106wiczenia wykonywane podczas zaj\u0119\u0107 s\u0105 dobierane indywidualnie adekwatnie do zdiagnozowanych trudno\u015bci dziecka. Diagnozuje si\u0119 je przy pomocy specjalistycznych test\u00f3w po por\u00f3wnaniu wynik\u00f3w dziecka z do\u0142\u0105czonymi do nich normami.<\/p>\n<h2><\/h2>\n<h2><span class=\"ez-toc-section\" id=\"Roznice_%E2%80%93_terapia_pedagogiczna_i_zajecia_korekcyjno-kompensacyjne\"><\/span><span style=\"font-weight: 400;\">R\u00f3\u017cnice \u2013 terapia pedagogiczna i zaj\u0119cia korekcyjno-kompensacyjne<\/span><span class=\"ez-toc-section-end\"><\/span><\/h2>\n<table>\n<tbody>\n<tr>\n<td><b>Terapia pedagogiczna<\/b><\/td>\n<td><b>Zaj\u0119cia korekcyjno-kompensacyjne<\/b><\/td>\n<\/tr>\n<tr>\n<td>\n<ul>\n<li style=\"font-weight: 400;\" aria-level=\"1\"><span style=\"font-weight: 400;\">Poj\u0119cie szersze \u2013 odnosi si\u0119 do og\u00f3\u0142u oddzia\u0142ywa\u0144 ukierunkowanych na wychowanka<\/span><\/li>\n<li style=\"font-weight: 400;\" aria-level=\"1\"><span style=\"font-weight: 400;\">Stosowana w celu usprawniania i poprawy stanu psychofizycznego dziecka<\/span><\/li>\n<li style=\"font-weight: 400;\" aria-level=\"1\"><span style=\"font-weight: 400;\">Cele terapii s\u0105 bardziej og\u00f3lne, ni\u017c zaj\u0119\u0107 korekcyjno-kompensacyjnych<\/span><\/li>\n<\/ul>\n<\/td>\n<td>\n<ul>\n<li style=\"font-weight: 400;\" aria-level=\"1\"><span style=\"font-weight: 400;\">Poj\u0119cie w\u0119\u017csze \u2013 odnosi si\u0119 do konkretnych form, metod i technik pracy stosowanych w danym momencie (podczas zaj\u0119\u0107 lub spotka\u0144 w poradni)<\/span><\/li>\n<li style=\"font-weight: 400;\" aria-level=\"1\"><span style=\"font-weight: 400;\">Rodzaj terapii pedagogicznej<\/span><\/li>\n<li style=\"font-weight: 400;\" aria-level=\"1\"><span style=\"font-weight: 400;\">Cele zaj\u0119\u0107 s\u0105 bardziej szczeg\u00f3\u0142owe, ni\u017c terapii pedagogicznej i ukierunkowane na konkretne dziecko<\/span><\/li>\n<\/ul>\n<\/td>\n<\/tr>\n<\/tbody>\n<\/table>\n<h2><span class=\"ez-toc-section\" id=\"Czy_terapia_pedagogiczna_to_to_samo_co_zajecia_korekcyjno-kompensacyjne\"><\/span><span style=\"font-weight: 400;\">Czy terapia pedagogiczna to to samo co zaj\u0119cia korekcyjno-kompensacyjne?<\/span><span class=\"ez-toc-section-end\"><\/span><\/h2>\n<p><b>Czy terapia pedagogiczna to to samo co zaj\u0119cia korekcyjno-kompensacyjne<\/b><span style=\"font-weight: 400;\">? Nie! Jak ju\u017c wiesz, terapia pedagogiczna jest poj\u0119ciem znacznie szerszym i obejmuje swoim zakresem nie tylko zaj\u0119cia korekcyjno-kompensacyjne, ale tak\u017ce zagadnienia z obszaru: zaj\u0119\u0107 wyr\u00f3wnawczych, terapeutycznych czy logopedycznych. Je\u017celi chcia\u0142by\u015b uko\u0144czy\u0107<\/span><a href=\"https:\/\/epedagog.edu.pl\/oferta\/kursy\/kurs-kwalifikacyjny-z-zakresu-terapii-pedagogicznej\"><span style=\"font-weight: 400;\"> \u201e<\/span><span style=\"font-weight: 400;\">Kurs Kwalifikacyjny z zakresu terapii pedagogicznej<\/span><\/a><span style=\"font-weight: 400;\">\u201d, w czasie jego trwania poruszane b\u0119d\u0105 tak\u017ce kwestie zwi\u0105zane z metodyk\u0105 prowadzenia zaj\u0119\u0107 korekcyjnych.<\/span><\/p>\n<p><a href=\"https:\/\/epedagog.edu.pl\/oferta\/kursy\/kurs-kwalifikacyjny-z-zakresu-terapii-pedagogicznej\"><img loading=\"lazy\" decoding=\"async\" class=\"alignnone wp-image-613 size-full\" src=\"https:\/\/epedagog.edu.pl\/aktualnosci\/wp-content\/uploads\/2022\/03\/baner_linkuj\u0105cy.png\" alt=\"Czy terapia pedagogiczna to to samo co zaj\u0119cia korekcyjno-kompensacyjne\" width=\"694\" height=\"151\" srcset=\"https:\/\/epedagog.edu.pl\/aktualnosci\/wp-content\/uploads\/2022\/03\/baner_linkuj\u0105cy.png 694w, https:\/\/epedagog.edu.pl\/aktualnosci\/wp-content\/uploads\/2022\/03\/baner_linkuj\u0105cy-300x65.png 300w\" sizes=\"auto, (max-width: 694px) 100vw, 694px\" \/><\/a><\/p>\n<p><span style=\"font-weight: 400;\">Podczas takiego kursu mo\u017cna si\u0119 zatem nauczy\u0107:<\/span><\/p>\n<ul>\n<li style=\"font-weight: 400;\" aria-level=\"1\"><span style=\"font-weight: 400;\">dobiera\u0107 \u0107wiczenia adekwatnie do trudno\u015bci danego dziecka,<\/span><\/li>\n<li style=\"font-weight: 400;\" aria-level=\"1\"><span style=\"font-weight: 400;\">identyfikowa\u0107 rozmaite trudno\u015bci,<\/span><\/li>\n<li style=\"font-weight: 400;\" aria-level=\"1\"><span style=\"font-weight: 400;\">rozmawia\u0107 o nich z rodzicami,<\/span><\/li>\n<li style=\"font-weight: 400;\" aria-level=\"1\"><span style=\"font-weight: 400;\">poszukiwa\u0107 odpowiednich \u015brodk\u00f3w i metod do wykorzystania na zaj\u0119ciach.<\/span><\/li>\n<\/ul>\n<p><span style=\"font-weight: 400;\">Kursy z zakresu terapii pedagogicznej, a tak\u017ce pedagogiki specjalnej, wczesnego wspomagania rozwoju czy pedagogik szczeg\u00f3\u0142owych odnosz\u0105cych si\u0119 do deficyt\u00f3w w zakresie wzroku, s\u0142uchu czy zdolno\u015bci poznawczych znajdziesz na naszej platformie. Po zdaniu egzaminu na koniec kursu otrzymasz za\u015bwiadczenie wydane zgodne z wymogami MEiN.<\/span><\/p>\n","protected":false},"excerpt":{"rendered":"<p>Z rekomendacj\u0105 rozpocz\u0119cia terapii pedagogicznej lub zaj\u0119\u0107 korekcyjno-kompensacyjnych spotyka si\u0119 du\u017ca grupa uczni\u00f3w i ich rodzic\u00f3w, kt\u00f3rzy zostaj\u0105 skierowani do poradni psychologiczno-pedagogicznej. Dzi\u0119ki nim mo\u017cliwe jest wyr\u00f3wnywanie szans edukacyjnych, poprawa zdolno\u015bci motorycznych czy stymulacja rozwoju na r\u00f3\u017cnych polach. Dowiedz si\u0119, czy terapia pedagogiczna to to samo co zaj\u0119cia korekcyjno-kompensacyjne. Na czym polega terapia pedagogiczna? Diagnoza [&hellip;]<\/p>\n","protected":false},"author":18,"featured_media":1151,"comment_status":"closed","ping_status":"closed","sticky":false,"template":"","format":"standard","meta":{"_lmt_disableupdate":"no","_lmt_disable":"no","footnotes":""},"categories":[1271],"tags":[],"class_list":["post-1149","post","type-post","status-publish","format-standard","has-post-thumbnail","hentry","category-socjoterapia"],"modified_by":"digital","_links":{"self":[{"href":"https:\/\/epedagog.edu.pl\/aktualnosci\/wp-json\/wp\/v2\/posts\/1149","targetHints":{"allow":["GET"]}}],"collection":[{"href":"https:\/\/epedagog.edu.pl\/aktualnosci\/wp-json\/wp\/v2\/posts"}],"about":[{"href":"https:\/\/epedagog.edu.pl\/aktualnosci\/wp-json\/wp\/v2\/types\/post"}],"author":[{"embeddable":true,"href":"https:\/\/epedagog.edu.pl\/aktualnosci\/wp-json\/wp\/v2\/users\/18"}],"replies":[{"embeddable":true,"href":"https:\/\/epedagog.edu.pl\/aktualnosci\/wp-json\/wp\/v2\/comments?post=1149"}],"version-history":[{"count":6,"href":"https:\/\/epedagog.edu.pl\/aktualnosci\/wp-json\/wp\/v2\/posts\/1149\/revisions"}],"predecessor-version":[{"id":1205,"href":"https:\/\/epedagog.edu.pl\/aktualnosci\/wp-json\/wp\/v2\/posts\/1149\/revisions\/1205"}],"wp:featuredmedia":[{"embeddable":true,"href":"https:\/\/epedagog.edu.pl\/aktualnosci\/wp-json\/wp\/v2\/media\/1151"}],"wp:attachment":[{"href":"https:\/\/epedagog.edu.pl\/aktualnosci\/wp-json\/wp\/v2\/media?parent=1149"}],"wp:term":[{"taxonomy":"category","embeddable":true,"href":"https:\/\/epedagog.edu.pl\/aktualnosci\/wp-json\/wp\/v2\/categories?post=1149"},{"taxonomy":"post_tag","embeddable":true,"href":"https:\/\/epedagog.edu.pl\/aktualnosci\/wp-json\/wp\/v2\/tags?post=1149"}],"curies":[{"name":"wp","href":"https:\/\/api.w.org\/{rel}","templated":true}]}}