{"id":1097,"date":"2023-09-03T08:26:18","date_gmt":"2023-09-03T06:26:18","guid":{"rendered":"https:\/\/epedagog.edu.pl\/aktualnosci\/?p=1097"},"modified":"2026-01-14T12:02:05","modified_gmt":"2026-01-14T11:02:05","slug":"kto-moze-prowadzic-terapie-behawioralna","status":"publish","type":"post","link":"https:\/\/epedagog.edu.pl\/aktualnosci\/kto-moze-prowadzic-terapie-behawioralna\/","title":{"rendered":"Kto mo\u017ce prowadzi\u0107 terapi\u0119 behawioraln\u0105?"},"content":{"rendered":"<p><span style=\"font-weight: 400;\">Praca nad zachowaniem os\u00f3b, szczeg\u00f3lnie tych mierz\u0105cych si\u0119 z r\u00f3\u017cnego rodzaju zaburzeniami (np. ze spektrum autyzmu), wymaga odpowiednich dzia\u0142a\u0144. Pomoc w rewalidacji mo\u017cna uzyska\u0107 podczas terapii behawioralnej. W dalszej cz\u0119\u015bci artyku\u0142u odpowiemy na pytania: kto mo\u017ce j\u0105 prowadzi\u0107, a tak\u017ce jakie s\u0105 jej cele.<\/span><\/p>\n<div id=\"ez-toc-container\" class=\"ez-toc-v2_0_76 counter-hierarchy ez-toc-counter ez-toc-custom ez-toc-container-direction\">\n<div class=\"ez-toc-title-container\">\n<p class=\"ez-toc-title\" style=\"cursor:inherit\">Spis tre\u015bci<\/p>\n<span class=\"ez-toc-title-toggle\"><a href=\"#\" class=\"ez-toc-pull-right ez-toc-btn ez-toc-btn-xs ez-toc-btn-default ez-toc-toggle\" aria-label=\"Prze\u0142\u0105cznik Spisu Tre\u015bci\"><span class=\"ez-toc-js-icon-con\"><span class=\"\"><span class=\"eztoc-hide\" style=\"display:none;\">Toggle<\/span><span class=\"ez-toc-icon-toggle-span\"><svg style=\"fill: #999;color:#999\" xmlns=\"http:\/\/www.w3.org\/2000\/svg\" class=\"list-377408\" width=\"20px\" height=\"20px\" viewBox=\"0 0 24 24\" fill=\"none\"><path d=\"M6 6H4v2h2V6zm14 0H8v2h12V6zM4 11h2v2H4v-2zm16 0H8v2h12v-2zM4 16h2v2H4v-2zm16 0H8v2h12v-2z\" fill=\"currentColor\"><\/path><\/svg><svg style=\"fill: #999;color:#999\" class=\"arrow-unsorted-368013\" xmlns=\"http:\/\/www.w3.org\/2000\/svg\" width=\"10px\" height=\"10px\" viewBox=\"0 0 24 24\" version=\"1.2\" baseProfile=\"tiny\"><path d=\"M18.2 9.3l-6.2-6.3-6.2 6.3c-.2.2-.3.4-.3.7s.1.5.3.7c.2.2.4.3.7.3h11c.3 0 .5-.1.7-.3.2-.2.3-.5.3-.7s-.1-.5-.3-.7zM5.8 14.7l6.2 6.3 6.2-6.3c.2-.2.3-.5.3-.7s-.1-.5-.3-.7c-.2-.2-.4-.3-.7-.3h-11c-.3 0-.5.1-.7.3-.2.2-.3.5-.3.7s.1.5.3.7z\"\/><\/svg><\/span><\/span><\/span><\/a><\/span><\/div>\n<nav><ul class='ez-toc-list ez-toc-list-level-1 ' ><li class='ez-toc-page-1 ez-toc-heading-level-2'><a class=\"ez-toc-link ez-toc-heading-1\" href=\"https:\/\/epedagog.edu.pl\/aktualnosci\/kto-moze-prowadzic-terapie-behawioralna\/#Cele_terapii_behawioralnej\" >Cele terapii behawioralnej<\/a><\/li><li class='ez-toc-page-1 ez-toc-heading-level-2'><a class=\"ez-toc-link ez-toc-heading-2\" href=\"https:\/\/epedagog.edu.pl\/aktualnosci\/kto-moze-prowadzic-terapie-behawioralna\/#Dziecko_autystyczne_u_terapeuty_behawioralnego\" >Dziecko autystyczne u terapeuty behawioralnego<\/a><\/li><li class='ez-toc-page-1 ez-toc-heading-level-2'><a class=\"ez-toc-link ez-toc-heading-3\" href=\"https:\/\/epedagog.edu.pl\/aktualnosci\/kto-moze-prowadzic-terapie-behawioralna\/#Kto_moze_prowadzic_terapie_behawioralna\" >Kto mo\u017ce prowadzi\u0107 terapi\u0119 behawioraln\u0105?<\/a><\/li><li class='ez-toc-page-1 ez-toc-heading-level-2'><a class=\"ez-toc-link ez-toc-heading-4\" href=\"https:\/\/epedagog.edu.pl\/aktualnosci\/kto-moze-prowadzic-terapie-behawioralna\/#FAQ\" >FAQ<\/a><ul class='ez-toc-list-level-3' ><li class='ez-toc-heading-level-3'><a class=\"ez-toc-link ez-toc-heading-5\" href=\"https:\/\/epedagog.edu.pl\/aktualnosci\/kto-moze-prowadzic-terapie-behawioralna\/#Terapia_behawioralna_%E2%80%93_co_to_jest\" >Terapia behawioralna &#8211; co to jest?<\/a><\/li><li class='ez-toc-page-1 ez-toc-heading-level-3'><a class=\"ez-toc-link ez-toc-heading-6\" href=\"https:\/\/epedagog.edu.pl\/aktualnosci\/kto-moze-prowadzic-terapie-behawioralna\/#Jakie_sa_cele_terapii_behawioralnej\" >Jakie s\u0105 cele terapii behawioralnej?<\/a><\/li><li class='ez-toc-page-1 ez-toc-heading-level-3'><a class=\"ez-toc-link ez-toc-heading-7\" href=\"https:\/\/epedagog.edu.pl\/aktualnosci\/kto-moze-prowadzic-terapie-behawioralna\/#Metoda_behawioralna_w_pracy_z_dzieckiem_%E2%80%93_na_czym_polega\" >Metoda behawioralna w pracy z dzieckiem &#8211; na czym polega?<\/a><\/li><\/ul><\/li><li class='ez-toc-page-1 ez-toc-heading-level-2'><a class=\"ez-toc-link ez-toc-heading-8\" href=\"https:\/\/epedagog.edu.pl\/aktualnosci\/kto-moze-prowadzic-terapie-behawioralna\/#Jak_zostac_terapeuta_poznawczo-behawioralnym\" >Jak zosta\u0107 terapeut\u0105 poznawczo-behawioralnym?<\/a><\/li><\/ul><\/nav><\/div>\n<h2><span class=\"ez-toc-section\" id=\"Cele_terapii_behawioralnej\"><\/span><span style=\"font-weight: 400;\">Cele terapii behawioralnej<\/span><span class=\"ez-toc-section-end\"><\/span><\/h2>\n<p><span style=\"font-weight: 400;\">Zadaniem terapeuty behawioralnego jest praca nad zachowaniami danej osoby w spos\u00f3b, <\/span><b>kt\u00f3ry rozwija zachowania po\u017c\u0105dane, a jednocze\u015bnie redukuje te, kt\u00f3re s\u0105 niepo\u017c\u0105dane<\/b><span style=\"font-weight: 400;\">. Co jest bardzo istotne, terapia behawioralna powinna zadzia\u0142a\u0107 w taki spos\u00f3b, aby dana osoba utrzyma\u0142a jej efekty. Mowa tu o stopniu utrzymania zachowania, kt\u00f3re by\u0142o poddawane interwencji, po zako\u0144czeniu terapii. Wa\u017cna jest tak\u017ce generalizacja tych efekt\u00f3w oznaczaj\u0105ca wyst\u0119powanie zachowania poddawanego interwencji nie tylko w \u015brodowisku terapeutycznym, a tak\u017ce w r\u00f3\u017cnych sytuacjach.<\/span><\/p>\n<blockquote><p><a title=\"Kurs Kwalifikacyjny z zakresu terapii behawioralnej\" href=\"https:\/\/epedagog.edu.pl\/oferta\/kursy\/kurs-kwalifikacyjny-z-zakresu-terapii-behawioralnej\"><span style=\"font-weight: 400;\">Poznaj sposoby rewalidacji zachowa\u0144 na prawid\u0142owe podczas \u201cKursu Kwalifikacyjnego z zakresu terapii behawioralnej\u201d<\/span><\/a><\/p><\/blockquote>\n<h2><span class=\"ez-toc-section\" id=\"Dziecko_autystyczne_u_terapeuty_behawioralnego\"><\/span><span style=\"font-weight: 400;\">Dziecko autystyczne u terapeuty behawioralnego<\/span><span class=\"ez-toc-section-end\"><\/span><\/h2>\n<p style=\"text-align: left;\"><span style=\"font-weight: 400;\"><img loading=\"lazy\" decoding=\"async\" class=\"size-medium wp-image-1101 alignleft\" src=\"https:\/\/epedagog.edu.pl\/aktualnosci\/wp-content\/uploads\/2023\/09\/psychologia-behawioralna-300x300.jpg\" alt=\"psychologia behawioralna\" width=\"300\" height=\"300\" srcset=\"https:\/\/epedagog.edu.pl\/aktualnosci\/wp-content\/uploads\/2023\/09\/psychologia-behawioralna-300x300.jpg 300w, https:\/\/epedagog.edu.pl\/aktualnosci\/wp-content\/uploads\/2023\/09\/psychologia-behawioralna-1024x1024.jpg 1024w, https:\/\/epedagog.edu.pl\/aktualnosci\/wp-content\/uploads\/2023\/09\/psychologia-behawioralna-150x150.jpg 150w, https:\/\/epedagog.edu.pl\/aktualnosci\/wp-content\/uploads\/2023\/09\/psychologia-behawioralna-768x768.jpg 768w, https:\/\/epedagog.edu.pl\/aktualnosci\/wp-content\/uploads\/2023\/09\/psychologia-behawioralna-696x696.jpg 696w, https:\/\/epedagog.edu.pl\/aktualnosci\/wp-content\/uploads\/2023\/09\/psychologia-behawioralna-1068x1068.jpg 1068w, https:\/\/epedagog.edu.pl\/aktualnosci\/wp-content\/uploads\/2023\/09\/psychologia-behawioralna-420x420.jpg 420w, https:\/\/epedagog.edu.pl\/aktualnosci\/wp-content\/uploads\/2023\/09\/psychologia-behawioralna.jpg 1080w\" sizes=\"auto, (max-width: 300px) 100vw, 300px\" \/>Terapia behawioralna jest cz\u0119sto stosowana u dzieci z zaburzeniami ze spektrum autyzmu. U os\u00f3b tych wyst\u0119puj\u0105 deficyty w rozwoju spo\u0142ecznym i zaburzenia komunikacji, dlatego nie zawsze \u0142atwo jest zrozumie\u0107 ich zachowanie. W\u0142a\u015bnie do tego zrozumienia wykorzystywana jest terapia behawioralna, korzystaj\u0105ca ze <\/span><b>stosowanej analizy zachowania (SAZ)<\/b><span style=\"font-weight: 400;\">. Wi\u0119cej na ten temat pisali\u015bmy w artykule:<\/span><a title=\"SAZ we wsp\u00f3\u0142czesnym behawioryzmie\" href=\"https:\/\/epedagog.edu.pl\/aktualnosci\/saz-we-wspolczesnym-behawioryzmie\/\"> <span style=\"font-weight: 400;\">SAZ we wsp\u00f3\u0142czesnym behawioryzmie<\/span><\/a><span style=\"font-weight: 400;\">.<\/span><\/p>\n<p><span style=\"font-weight: 400;\">Praca z dzieckiem autystycznym wymaga odpowiedniego podej\u015bcia, dlatego terapeuci behawioralni musz\u0105 wykazywa\u0107 si\u0119 cierpliwo\u015bci\u0105, opanowaniem, empati\u0105 i odpowiednim podej\u015bciem. Ponadto specjalista ten musi zadba\u0107 o to, aby traktowa\u0107 dziecko ze spektrum autyzmu w spos\u00f3b indywidualny i <\/span><b>prowadzi\u0107 terapi\u0119 dostosowan\u0105 do jego potrzeb i mo\u017cliwo\u015bci<\/b><span style=\"font-weight: 400;\">.<\/span><\/p>\n<h2><span class=\"ez-toc-section\" id=\"Kto_moze_prowadzic_terapie_behawioralna\"><\/span><span style=\"font-weight: 400;\">Kto mo\u017ce prowadzi\u0107 terapi\u0119 behawioraln\u0105?<\/span><span class=\"ez-toc-section-end\"><\/span><\/h2>\n<p><span style=\"font-weight: 400;\">Terapia behawioralna kojarzona jest najcz\u0119\u015bciej z dzia\u0142alno\u015bci\u0105 psycholog\u00f3w i psychiatr\u00f3w. Nie ka\u017cdy ma \u015bwiadomo\u015b\u0107, \u017ce mog\u0105 j\u0105 prowadzi\u0107 tak\u017ce <strong>wykwalifikowani terapeuci behawioralni<\/strong> zajmuj\u0105cy si\u0119 osobami z trudno\u015bciami spo\u0142ecznymi. Najcz\u0119\u015bciej s\u0105 to dzieci i m\u0142odzie\u017c przejawiaj\u0105ce trudne zachowania w wypracowaniu prawid\u0142owych wzorc\u00f3w i reakcji.\u00a0<\/span><\/p>\n<p><a href=\"https:\/\/epedagog.edu.pl\/oferta\/kursy\/kurs-kwalifikacyjny-z-zakresu-terapii-behawioralnej\"><img loading=\"lazy\" decoding=\"async\" class=\"alignnone wp-image-613 size-full\" src=\"https:\/\/epedagog.edu.pl\/aktualnosci\/wp-content\/uploads\/2022\/03\/baner_linkuj\u0105cy.png\" alt=\"baner: pedagogika\" width=\"694\" height=\"151\" srcset=\"https:\/\/epedagog.edu.pl\/aktualnosci\/wp-content\/uploads\/2022\/03\/baner_linkuj\u0105cy.png 694w, https:\/\/epedagog.edu.pl\/aktualnosci\/wp-content\/uploads\/2022\/03\/baner_linkuj\u0105cy-300x65.png 300w\" sizes=\"auto, (max-width: 694px) 100vw, 694px\" \/><\/a><\/p>\n<p><span style=\"font-weight: 400;\">Oczywi\u015bcie terapeut\u0105 behawioralnym nie mo\u017ce by\u0107 ka\u017cdy, <\/span><b>osoba na tym stanowisku musi wykazywa\u0107 si\u0119 umiej\u0119tno\u015bciami oraz wiedz\u0105 pedagogiczn\u0105 niezb\u0119dn\u0105 do prowadzenia terapii behawioralnej<\/b><span style=\"font-weight: 400;\">. Mo\u017cna je zdoby\u0107 na\u00a0 \u201cKursie Kwalifikacyjnym z zakresu terapii behawioralnej\u201d, kt\u00f3rego celem jest wyposa\u017cenie uczestnik\u00f3w w kwalifikacje zgodne z MEN.<\/span><\/p>\n<p><span style=\"font-weight: 400;\">Program tego szkolenia zosta\u0142 przygotowany tak, by przygotowa\u0107 uczestnika do r\u00f3\u017cnorodnych sytuacji zwi\u0105zanych z prac\u0105 terapeuty behawioralnego. Omawiane s\u0105 na nim techniki terapeutyczne stosowane wobec os\u00f3b z zaburzeniami:<\/span><\/p>\n<ul>\n<li style=\"font-weight: 400;\" aria-level=\"1\"><span style=\"font-weight: 400;\">ze spektrum autyzmu,<\/span><\/li>\n<li style=\"font-weight: 400;\" aria-level=\"1\"><span style=\"font-weight: 400;\">l\u0119kowymi (fobie, kompulsje),<\/span><\/li>\n<li style=\"font-weight: 400;\" aria-level=\"1\"><span style=\"font-weight: 400;\">rozwoju i zachowania,<\/span><\/li>\n<li style=\"font-weight: 400;\" aria-level=\"1\"><span style=\"font-weight: 400;\">od\u017cywiania,<\/span><\/li>\n<li style=\"font-weight: 400;\" aria-level=\"1\"><span style=\"font-weight: 400;\">zachowa\u0144 o charakterze seksualnym itd.<\/span><\/li>\n<\/ul>\n<p><span style=\"font-weight: 400;\">Po uko\u0144czeniu \u201c<\/span><a title=\"Kurs Kwalifikacyjny z zakresu terapii behawioralnej\" href=\"https:\/\/epedagog.edu.pl\/oferta\/kursy\/kurs-kwalifikacyjny-z-zakresu-terapii-behawioralnej\"><span style=\"font-weight: 400;\">Kursu Kwalifikacyjnego z zakresu terapii behawioralnej<\/span><\/a><span style=\"font-weight: 400;\">\u201d <\/span><b>uczestnik otrzymuje dokument potwierdzaj\u0105cy zdobycie kwalifikacji zgodnych z rozporz\u0105dzeniem Ministerstwa Edukacji Narodowej<\/b><span style=\"font-weight: 400;\">.<\/span><\/p>\n<h2><span class=\"ez-toc-section\" id=\"FAQ\"><\/span>FAQ<span class=\"ez-toc-section-end\"><\/span><\/h2>\n<h3><span class=\"ez-toc-section\" id=\"Terapia_behawioralna_%E2%80%93_co_to_jest\"><\/span>Terapia behawioralna &#8211; co to jest?<span class=\"ez-toc-section-end\"><\/span><\/h3>\n<p>Terapia behawioralna to <strong data-start=\"65\" data-end=\"119\">forma psychoterapii oparta na zasadach uczenia si\u0119<\/strong>, w kt\u00f3rej terapeuta koncentruje si\u0119 na analizie i modyfikacji utartych, cz\u0119sto niew\u0142a\u015bciwych zachowa\u0144. Jest ona szczeg\u00f3lnie skuteczna w przypadku <strong>pacjent\u00f3w z zaburzeniami spektrum autyzmu, z zaburzeniami l\u0119kowymi czy od\u017cywiania.<\/strong><\/p>\n<h3><span class=\"ez-toc-section\" id=\"Jakie_sa_cele_terapii_behawioralnej\"><\/span>Jakie s\u0105 cele terapii behawioralnej?<span class=\"ez-toc-section-end\"><\/span><\/h3>\n<p>G\u0142\u00f3wnym celem terapii behawioralnej dla dzieci jest <strong data-start=\"439\" data-end=\"501\">zmiana zachowa\u0144, kt\u00f3re utrudniaj\u0105 codzienne funkcjonowanie<\/strong>, oraz wzmocnienie pozytywnych wzorc\u00f3w dzia\u0142ania oraz my\u015blenia, co przek\u0142ada si\u0119 na lepsze radzenie sobie w relacjach, emocjach i codziennych zadaniach.<\/p>\n<h3><span class=\"ez-toc-section\" id=\"Metoda_behawioralna_w_pracy_z_dzieckiem_%E2%80%93_na_czym_polega\"><\/span>Metoda behawioralna w pracy z dzieckiem &#8211; na czym polega?<span class=\"ez-toc-section-end\"><\/span><\/h3>\n<p>Metoda behawioralna u dzieci polega na <strong data-start=\"782\" data-end=\"882\">wspieraniu po\u017c\u0105danych zachowa\u0144 poprzez wzmacnianie ich i stopniowe eliminowanie trudnych reakcji na codzienne sytuacje.<\/strong><\/p>\n<h2><span class=\"ez-toc-section\" id=\"Jak_zostac_terapeuta_poznawczo-behawioralnym\"><\/span>Jak zosta\u0107 terapeut\u0105 poznawczo-behawioralnym?<span class=\"ez-toc-section-end\"><\/span><\/h2>\n<p>By prowadzi\u0107 terapi\u0119 CBT (poznawczo-behawioraln\u0105) nale\u017cy uko\u0144czy\u0107 <strong>studia magisterskie z psychologii lub pokrewnego kierunku<\/strong>, a nast\u0119pnie czteroletni kurs terapii w tym nurcie.<\/p>\n","protected":false},"excerpt":{"rendered":"<p>Praca nad zachowaniem os\u00f3b, szczeg\u00f3lnie tych mierz\u0105cych si\u0119 z r\u00f3\u017cnego rodzaju zaburzeniami (np. ze spektrum autyzmu), wymaga odpowiednich dzia\u0142a\u0144. Pomoc w rewalidacji mo\u017cna uzyska\u0107 podczas terapii behawioralnej. W dalszej cz\u0119\u015bci artyku\u0142u odpowiemy na pytania: kto mo\u017ce j\u0105 prowadzi\u0107, a tak\u017ce jakie s\u0105 jej cele. Cele terapii behawioralnej Zadaniem terapeuty behawioralnego jest praca nad zachowaniami danej [&hellip;]<\/p>\n","protected":false},"author":12,"featured_media":1099,"comment_status":"closed","ping_status":"closed","sticky":false,"template":"","format":"standard","meta":{"_lmt_disableupdate":"no","_lmt_disable":"no","footnotes":""},"categories":[1271],"tags":[],"class_list":["post-1097","post","type-post","status-publish","format-standard","has-post-thumbnail","hentry","category-socjoterapia"],"modified_by":"digital","_links":{"self":[{"href":"https:\/\/epedagog.edu.pl\/aktualnosci\/wp-json\/wp\/v2\/posts\/1097","targetHints":{"allow":["GET"]}}],"collection":[{"href":"https:\/\/epedagog.edu.pl\/aktualnosci\/wp-json\/wp\/v2\/posts"}],"about":[{"href":"https:\/\/epedagog.edu.pl\/aktualnosci\/wp-json\/wp\/v2\/types\/post"}],"author":[{"embeddable":true,"href":"https:\/\/epedagog.edu.pl\/aktualnosci\/wp-json\/wp\/v2\/users\/12"}],"replies":[{"embeddable":true,"href":"https:\/\/epedagog.edu.pl\/aktualnosci\/wp-json\/wp\/v2\/comments?post=1097"}],"version-history":[{"count":4,"href":"https:\/\/epedagog.edu.pl\/aktualnosci\/wp-json\/wp\/v2\/posts\/1097\/revisions"}],"predecessor-version":[{"id":2185,"href":"https:\/\/epedagog.edu.pl\/aktualnosci\/wp-json\/wp\/v2\/posts\/1097\/revisions\/2185"}],"wp:featuredmedia":[{"embeddable":true,"href":"https:\/\/epedagog.edu.pl\/aktualnosci\/wp-json\/wp\/v2\/media\/1099"}],"wp:attachment":[{"href":"https:\/\/epedagog.edu.pl\/aktualnosci\/wp-json\/wp\/v2\/media?parent=1097"}],"wp:term":[{"taxonomy":"category","embeddable":true,"href":"https:\/\/epedagog.edu.pl\/aktualnosci\/wp-json\/wp\/v2\/categories?post=1097"},{"taxonomy":"post_tag","embeddable":true,"href":"https:\/\/epedagog.edu.pl\/aktualnosci\/wp-json\/wp\/v2\/tags?post=1097"}],"curies":[{"name":"wp","href":"https:\/\/api.w.org\/{rel}","templated":true}]}}