{"id":1051,"date":"2023-07-16T10:28:06","date_gmt":"2023-07-16T08:28:06","guid":{"rendered":"https:\/\/epedagog.edu.pl\/aktualnosci\/?p=1051"},"modified":"2024-11-25T08:51:24","modified_gmt":"2024-11-25T07:51:24","slug":"zrozumiec-nadwrazliwosc-sensoryczna-kluczowe-elementy-kursu-integracji-sensorycznej","status":"publish","type":"post","link":"https:\/\/epedagog.edu.pl\/aktualnosci\/zrozumiec-nadwrazliwosc-sensoryczna-kluczowe-elementy-kursu-integracji-sensorycznej\/","title":{"rendered":"Zrozumie\u0107 nadwra\u017cliwo\u015b\u0107 sensoryczn\u0105 \u2013 kluczowe elementy kursu integracji sensorycznej"},"content":{"rendered":"<p><span style=\"font-weight: 400;\">Dzia\u0142anie zmys\u0142\u00f3w i ich wsp\u00f3lna integracja wp\u0142ywa na percepcj\u0119 rzeczywisto\u015bci przez cz\u0142owieka, a nast\u0119pnie odpowiedniego interpretowania. Niekt\u00f3rzy jednak mierz\u0105 si\u0119 z zaburzeniami, kt\u00f3re powoduj\u0105 nieprawid\u0142owe odbieranie bod\u017ac\u00f3w sensorycznych wp\u0142ywaj\u0105cych na niew\u0142a\u015bciwe reakcje. Wi\u0119cej na ten temat om\u00f3wimy w dalszej cz\u0119\u015bci artyku\u0142u na przyk\u0142adzie nadwra\u017cliwo\u015bci sensorycznej.<\/span><\/p>\n<div id=\"ez-toc-container\" class=\"ez-toc-v2_0_76 counter-hierarchy ez-toc-counter ez-toc-custom ez-toc-container-direction\">\n<div class=\"ez-toc-title-container\">\n<p class=\"ez-toc-title\" style=\"cursor:inherit\">Spis tre\u015bci<\/p>\n<span class=\"ez-toc-title-toggle\"><a href=\"#\" class=\"ez-toc-pull-right ez-toc-btn ez-toc-btn-xs ez-toc-btn-default ez-toc-toggle\" aria-label=\"Prze\u0142\u0105cznik Spisu Tre\u015bci\"><span class=\"ez-toc-js-icon-con\"><span class=\"\"><span class=\"eztoc-hide\" style=\"display:none;\">Toggle<\/span><span class=\"ez-toc-icon-toggle-span\"><svg style=\"fill: #999;color:#999\" xmlns=\"http:\/\/www.w3.org\/2000\/svg\" class=\"list-377408\" width=\"20px\" height=\"20px\" viewBox=\"0 0 24 24\" fill=\"none\"><path d=\"M6 6H4v2h2V6zm14 0H8v2h12V6zM4 11h2v2H4v-2zm16 0H8v2h12v-2zM4 16h2v2H4v-2zm16 0H8v2h12v-2z\" fill=\"currentColor\"><\/path><\/svg><svg style=\"fill: #999;color:#999\" class=\"arrow-unsorted-368013\" xmlns=\"http:\/\/www.w3.org\/2000\/svg\" width=\"10px\" height=\"10px\" viewBox=\"0 0 24 24\" version=\"1.2\" baseProfile=\"tiny\"><path d=\"M18.2 9.3l-6.2-6.3-6.2 6.3c-.2.2-.3.4-.3.7s.1.5.3.7c.2.2.4.3.7.3h11c.3 0 .5-.1.7-.3.2-.2.3-.5.3-.7s-.1-.5-.3-.7zM5.8 14.7l6.2 6.3 6.2-6.3c.2-.2.3-.5.3-.7s-.1-.5-.3-.7c-.2-.2-.4-.3-.7-.3h-11c-.3 0-.5.1-.7.3-.2.2-.3.5-.3.7s.1.5.3.7z\"\/><\/svg><\/span><\/span><\/span><\/a><\/span><\/div>\n<nav><ul class='ez-toc-list ez-toc-list-level-1 ' ><li class='ez-toc-page-1 ez-toc-heading-level-2'><a class=\"ez-toc-link ez-toc-heading-1\" href=\"https:\/\/epedagog.edu.pl\/aktualnosci\/zrozumiec-nadwrazliwosc-sensoryczna-kluczowe-elementy-kursu-integracji-sensorycznej\/#Jak_rozpoznac_nadwrazliwosc_sensoryczna\" >Jak rozpozna\u0107 nadwra\u017cliwo\u015b\u0107 sensoryczn\u0105?<\/a><\/li><li class='ez-toc-page-1 ez-toc-heading-level-2'><a class=\"ez-toc-link ez-toc-heading-2\" href=\"https:\/\/epedagog.edu.pl\/aktualnosci\/zrozumiec-nadwrazliwosc-sensoryczna-kluczowe-elementy-kursu-integracji-sensorycznej\/#Czy_zaburzenia_sensoryczne_sa_uleczalne\" >Czy zaburzenia sensoryczne s\u0105 uleczalne?<\/a><\/li><li class='ez-toc-page-1 ez-toc-heading-level-2'><a class=\"ez-toc-link ez-toc-heading-3\" href=\"https:\/\/epedagog.edu.pl\/aktualnosci\/zrozumiec-nadwrazliwosc-sensoryczna-kluczowe-elementy-kursu-integracji-sensorycznej\/#Zaburzenia_integracji_sensorycznej_u_doroslych_%E2%80%93_czy_wystepuja_w_tej_grupie_wiekowej\" >Zaburzenia integracji sensorycznej u doros\u0142ych \u2013 czy wyst\u0119puj\u0105 w tej grupie wiekowej?<\/a><\/li><li class='ez-toc-page-1 ez-toc-heading-level-2'><a class=\"ez-toc-link ez-toc-heading-4\" href=\"https:\/\/epedagog.edu.pl\/aktualnosci\/zrozumiec-nadwrazliwosc-sensoryczna-kluczowe-elementy-kursu-integracji-sensorycznej\/#Dlaczego_warto_przystapic_na_kurs_integracji_sensorycznej\" >Dlaczego warto przyst\u0105pi\u0107 na kurs integracji sensorycznej?<\/a><ul class='ez-toc-list-level-3' ><li class='ez-toc-heading-level-3'><a class=\"ez-toc-link ez-toc-heading-5\" href=\"https:\/\/epedagog.edu.pl\/aktualnosci\/zrozumiec-nadwrazliwosc-sensoryczna-kluczowe-elementy-kursu-integracji-sensorycznej\/#Po_pierwsze_specjalistyczna_wiedza\" >Po pierwsze: specjalistyczna wiedza<\/a><\/li><li class='ez-toc-page-1 ez-toc-heading-level-3'><a class=\"ez-toc-link ez-toc-heading-6\" href=\"https:\/\/epedagog.edu.pl\/aktualnosci\/zrozumiec-nadwrazliwosc-sensoryczna-kluczowe-elementy-kursu-integracji-sensorycznej\/#Po_drugie_nowoczesna_i_wygodna_forma_ksztalcenia\" >Po drugie: nowoczesna i wygodna forma kszta\u0142cenia<\/a><\/li><li class='ez-toc-page-1 ez-toc-heading-level-3'><a class=\"ez-toc-link ez-toc-heading-7\" href=\"https:\/\/epedagog.edu.pl\/aktualnosci\/zrozumiec-nadwrazliwosc-sensoryczna-kluczowe-elementy-kursu-integracji-sensorycznej\/#Po_trzecie_potwierdzenie_nabytych_umiejetnosci\" >Po trzecie: potwierdzenie nabytych umiej\u0119tno\u015bci<\/a><\/li><\/ul><\/li><\/ul><\/nav><\/div>\n<h2><span class=\"ez-toc-section\" id=\"Jak_rozpoznac_nadwrazliwosc_sensoryczna\"><\/span><span style=\"font-weight: 400;\">Jak rozpozna\u0107 nadwra\u017cliwo\u015b\u0107 sensoryczn\u0105?<\/span><span class=\"ez-toc-section-end\"><\/span><\/h2>\n<p><span style=\"font-weight: 400;\">Nadwra\u017cliwo\u015b\u0107 sensoryczn\u0105 rozpoznaje si\u0119, gdy pr\u00f3g pobudliwo\u015bci jest obni\u017cony, a uk\u0142ad zostaje pobudzony przez niewielk\u0105 si\u0142\u0119. Najpro\u015bciej zjawisko to wyja\u015bni\u0107 jako <\/span><b>nadwra\u017cliwo\u015b\u0107 na bod\u017ace zewn\u0119trzne<\/b><span style=\"font-weight: 400;\"> i zobrazowa\u0107 na konkretnych przyk\u0142adach.\u00a0<\/span><\/p>\n<p><span style=\"font-weight: 400;\">Zatem dziecko nadwra\u017cliwe b\u0119dzie unika\u0142o lub reagowa\u0142o strachem albo agresj\u0105 na:<\/span><\/p>\n<ul>\n<li style=\"font-weight: 400;\" aria-level=\"1\"><span style=\"font-weight: 400;\">\u00a0<\/span><span style=\"font-weight: 400;\">sytuacje, gdy inne osoby s\u0105 blisko;<\/span><\/li>\n<li style=\"font-weight: 400;\" aria-level=\"1\"><span style=\"font-weight: 400;\">czynno\u015bci wymagaj\u0105ce dotyku, m.in.: czesanie w\u0142os\u00f3w, obcinanie paznokci;<\/span><\/li>\n<li style=\"font-weight: 400;\" aria-level=\"1\"><span style=\"font-weight: 400;\">\u0142askotanie i przytulanie;<\/span><\/li>\n<li style=\"font-weight: 400;\" aria-level=\"1\"><span style=\"font-weight: 400;\">wizyty u lekarza, fryzjera itd.;<\/span><\/li>\n<li style=\"font-weight: 400;\" aria-level=\"1\"><span style=\"font-weight: 400;\">zbyt intensywny wiatr lub deszcz.<\/span><\/li>\n<\/ul>\n<blockquote><p><a title=\"Kurs Kwalifikacyjny z zakresu integracji sensorycznej\" href=\"https:\/\/epedagog.edu.pl\/oferta\/kursy\/kurs-kwalifikacyjny-z-zakresu-integracji-sensorycznej\"><span style=\"font-weight: 400;\">Zapisz si\u0119 na \u201cKurs Kwalifikacyjny z zakresu integracji sensorycznej\u201d i naucz si\u0119 metod rewalidacji nadwra\u017cliwo\u015bci na bod\u017ace<\/span><\/a><\/p><\/blockquote>\n<h2><span class=\"ez-toc-section\" id=\"Czy_zaburzenia_sensoryczne_sa_uleczalne\"><\/span><span style=\"font-weight: 400;\">Czy zaburzenia sensoryczne s\u0105 uleczalne?<\/span><span class=\"ez-toc-section-end\"><\/span><\/h2>\n<p><span style=\"font-weight: 400;\">Jest mo\u017cliwo\u015b\u0107 zminimalizowania lub ca\u0142kowitego usuni\u0119cia zaburze\u0144 sensorycznych. Jednak <\/span><b>wymaga to przeprowadzenia terapii SI<\/b><span style=\"font-weight: 400;\">, kt\u00f3ra b\u0119dzie indywidualnie dobrana do potrzeb i mo\u017cliwo\u015bci dziecka. Wi\u0119cej na ten temat pisali\u015bmy w artykule:<\/span><a title=\"Neuroanatomia a nadwra\u017cliwo\u015b\u0107 sensoryczna\" href=\"https:\/\/epedagog.edu.pl\/aktualnosci\/neuroanatomia-a-nadwrazliwosc-sensoryczna\"> <span style=\"font-weight: 400;\">Neuroanatomia a nadwra\u017cliwo\u015b\u0107 sensoryczna<\/span><\/a><span style=\"font-weight: 400;\">.<\/span><\/p>\n<h2><span class=\"ez-toc-section\" id=\"Zaburzenia_integracji_sensorycznej_u_doroslych_%E2%80%93_czy_wystepuja_w_tej_grupie_wiekowej\"><\/span><span style=\"font-weight: 400;\">Zaburzenia integracji sensorycznej u doros\u0142ych \u2013 czy wyst\u0119puj\u0105 w tej grupie wiekowej?<\/span><span class=\"ez-toc-section-end\"><\/span><\/h2>\n<p><b>Zjawisko to nie dotyczy wy\u0142\u0105cznie dzieci, poniewa\u017c wyst\u0119puj\u0105 tak\u017ce zaburzenia integracji sensorycznej u doros\u0142ych<\/b><span style=\"font-weight: 400;\">. Cz\u0119sto jest tak, \u017ce osoby te nie by\u0142y wcze\u015bniej diagnozowane pod tym k\u0105tem i nie s\u0105 \u015bwiadome tego, \u017ce nad nadwra\u017cliwo\u015bci\u0105 sensoryczn\u0105 mo\u017cna pracowa\u0107. Zatem prawid\u0142owa diagnoza m\u0142odej osoby oraz podj\u0119cie terapii SI ma znaczenie dla jej p\u00f3\u017aniejszego \u017cycia.\u00a0<\/span><\/p>\n<p><img loading=\"lazy\" decoding=\"async\" class=\"alignnone size-full wp-image-1053\" src=\"https:\/\/epedagog.edu.pl\/aktualnosci\/wp-content\/uploads\/2023\/08\/terapia-SI-scaled.jpg\" alt=\"terapia SI\" width=\"2560\" height=\"1130\" srcset=\"https:\/\/epedagog.edu.pl\/aktualnosci\/wp-content\/uploads\/2023\/08\/terapia-SI-scaled.jpg 2560w, https:\/\/epedagog.edu.pl\/aktualnosci\/wp-content\/uploads\/2023\/08\/terapia-SI-300x132.jpg 300w, https:\/\/epedagog.edu.pl\/aktualnosci\/wp-content\/uploads\/2023\/08\/terapia-SI-1024x452.jpg 1024w, https:\/\/epedagog.edu.pl\/aktualnosci\/wp-content\/uploads\/2023\/08\/terapia-SI-768x339.jpg 768w, https:\/\/epedagog.edu.pl\/aktualnosci\/wp-content\/uploads\/2023\/08\/terapia-SI-1536x678.jpg 1536w, https:\/\/epedagog.edu.pl\/aktualnosci\/wp-content\/uploads\/2023\/08\/terapia-SI-2048x904.jpg 2048w, https:\/\/epedagog.edu.pl\/aktualnosci\/wp-content\/uploads\/2023\/08\/terapia-SI-696x307.jpg 696w, https:\/\/epedagog.edu.pl\/aktualnosci\/wp-content\/uploads\/2023\/08\/terapia-SI-1068x471.jpg 1068w, https:\/\/epedagog.edu.pl\/aktualnosci\/wp-content\/uploads\/2023\/08\/terapia-SI-951x420.jpg 951w, https:\/\/epedagog.edu.pl\/aktualnosci\/wp-content\/uploads\/2023\/08\/terapia-SI-1920x848.jpg 1920w\" sizes=\"auto, (max-width: 2560px) 100vw, 2560px\" \/><\/p>\n<p><span style=\"font-weight: 400;\">W zwi\u0105zku z tym bardzo <\/span><b>wa\u017cna jest obserwacja uczni\u00f3w przez nauczycieli oraz rodzic\u00f3w<\/b><span style=\"font-weight: 400;\">, a tak\u017ce \u015bwiadomo\u015b\u0107, \u017ce zaburzenia<\/span><a title=\"Kurs Kwalifikacyjny z zakresu integracji sensorycznej\" href=\"https:\/\/epedagog.edu.pl\/oferta\/kursy\/kurs-kwalifikacyjny-z-zakresu-integracji-sensorycznej\"> <span style=\"font-weight: 400;\">integracji sensorycznej objawy<\/span><\/a><span style=\"font-weight: 400;\"> mog\u0105 mie\u0107 niepozorne. Zdarza si\u0119, \u017ce dzieci z nadwra\u017cliwo\u015bci\u0105 sensoryczn\u0105 bywaj\u0105 niezrozumiane przez otoczenie, a ich zachowanie klasyfikuje si\u0119 jako \u201cniegrzeczne\u201d.\u00a0<\/span><\/p>\n<h2><span class=\"ez-toc-section\" id=\"Dlaczego_warto_przystapic_na_kurs_integracji_sensorycznej\"><\/span><span style=\"font-weight: 400;\">Dlaczego warto przyst\u0105pi\u0107 na kurs integracji sensorycznej?<\/span><span class=\"ez-toc-section-end\"><\/span><\/h2>\n<p><span style=\"font-weight: 400;\">Kursy integracji sensorycznej przyczyniaj\u0105 si\u0119 do propagowania wiedzy na temat r\u00f3\u017cnego typu zaburze\u0144 SI, w tym nadwra\u017cliwo\u015bci na bod\u017ace. Dzi\u0119ki temu rodzice mog\u0105 dowiedzie\u0107 si\u0119, na co zwraca\u0107 uwag\u0119 u swoich dzieci i w razie potrzeby zg\u0142osi\u0107 si\u0119 do specjalisty. Z kolei dla nauczycieli jest to szansa na rozw\u00f3j pedagogiczny.<\/span><\/p>\n<h3><span class=\"ez-toc-section\" id=\"Po_pierwsze_specjalistyczna_wiedza\"><\/span><span style=\"font-weight: 400;\">Po pierwsze: specjalistyczna wiedza<\/span><span class=\"ez-toc-section-end\"><\/span><\/h3>\n<p><span style=\"font-weight: 400;\">Podczas oferowanego przez nas \u201cKursu Kwalifikacyjnego z zakresu integracji sensorycznej\u201d <\/span><b>s\u0142uchacze uzyskuj\u0105 wszechstronn\u0105 wiedz\u0119 i umiej\u0119tno\u015bci <\/b><span style=\"font-weight: 400;\">na temat pracy z osobami z zaburzeniami integracji sensorycznej. Program tego szkolenia zawiera tematy dotycz\u0105ce m.in.: klasyfikowania, diagnozowania i prowadzenia terapii SI na podstawie indywidualnego planu rewalidacji.<\/span><\/p>\n<p><a href=\"https:\/\/epedagog.edu.pl\/oferta\/kursy\/kurs-kwalifikacyjny-z-zakresu-integracji-sensorycznej\"><img loading=\"lazy\" decoding=\"async\" class=\"alignnone size-full wp-image-613\" src=\"https:\/\/epedagog.edu.pl\/aktualnosci\/wp-content\/uploads\/2022\/03\/baner_linkuj\u0105cy.png\" alt=\"baner: terapia SI\" width=\"694\" height=\"151\" srcset=\"https:\/\/epedagog.edu.pl\/aktualnosci\/wp-content\/uploads\/2022\/03\/baner_linkuj\u0105cy.png 694w, https:\/\/epedagog.edu.pl\/aktualnosci\/wp-content\/uploads\/2022\/03\/baner_linkuj\u0105cy-300x65.png 300w\" sizes=\"auto, (max-width: 694px) 100vw, 694px\" \/><\/a><\/p>\n<h3><span class=\"ez-toc-section\" id=\"Po_drugie_nowoczesna_i_wygodna_forma_ksztalcenia\"><\/span><span style=\"font-weight: 400;\">Po drugie: nowoczesna i wygodna forma kszta\u0142cenia<\/span><span class=\"ez-toc-section-end\"><\/span><\/h3>\n<p><span style=\"font-weight: 400;\">\u201cKurs Kwalifikacyjny z zakresu integracji sensorycznej\u201d umo\u017cliwia <\/span><b>korzystanie z materia\u0142\u00f3w dydaktycznych<\/b><b> w ka\u017cdym miejscu<\/b><span style=\"font-weight: 400;\">, nale\u017cy jedynie mie\u0107 urz\u0105dzenie mobilne z dost\u0119pem do internetu. Kursant samodzielnie decyduje r\u00f3wnie\u017c o tym, ile czasu dziennie po\u015bwi\u0119ci na kszta\u0142cenie, dlatego mo\u017ce dostosowa\u0107 tempo nauki do w\u0142asnych potrzeb i mo\u017cliwo\u015bci. Z tym \u017ce nale\u017cy podkre\u015bli\u0107, \u017ce obowi\u0105zuje go 270h dydaktycznych.<\/span><\/p>\n<h3><span class=\"ez-toc-section\" id=\"Po_trzecie_potwierdzenie_nabytych_umiejetnosci\"><\/span><span style=\"font-weight: 400;\">Po trzecie: potwierdzenie nabytych umiej\u0119tno\u015bci<\/span><span class=\"ez-toc-section-end\"><\/span><\/h3>\n<p><span style=\"font-weight: 400;\">Nasze kursy zosta\u0142y przygotowane zgodnie z wytycznymi Ministerstwa Edukacji i Nauki, dlatego te\u017c kursanci zdobywaj\u0105 kwalifikacje oraz wiedz\u0119 i umiej\u0119tno\u015bci specjalistyczne, kt\u00f3re mog\u0105 przyda\u0107 si\u0119 do pracy terapeuty SI w systemie o\u015bwiaty i poza ni\u0105. Absolwenci \u201cKursu Kwalifikacyjnego z zakresu integracji sensorycznej\u201d otrzymuj\u0105 <\/span><b>dokumentacj\u0119 zgodn\u0105 z rozporz\u0105dzeniem MEN<\/b><span style=\"font-weight: 400;\">.<\/span><\/p>\n","protected":false},"excerpt":{"rendered":"<p>Dzia\u0142anie zmys\u0142\u00f3w i ich wsp\u00f3lna integracja wp\u0142ywa na percepcj\u0119 rzeczywisto\u015bci przez cz\u0142owieka, a nast\u0119pnie odpowiedniego interpretowania. Niekt\u00f3rzy jednak mierz\u0105 si\u0119 z zaburzeniami, kt\u00f3re powoduj\u0105 nieprawid\u0142owe odbieranie bod\u017ac\u00f3w sensorycznych wp\u0142ywaj\u0105cych na niew\u0142a\u015bciwe reakcje. Wi\u0119cej na ten temat om\u00f3wimy w dalszej cz\u0119\u015bci artyku\u0142u na przyk\u0142adzie nadwra\u017cliwo\u015bci sensorycznej. Jak rozpozna\u0107 nadwra\u017cliwo\u015b\u0107 sensoryczn\u0105? Nadwra\u017cliwo\u015b\u0107 sensoryczn\u0105 rozpoznaje si\u0119, gdy pr\u00f3g [&hellip;]<\/p>\n","protected":false},"author":12,"featured_media":1052,"comment_status":"closed","ping_status":"closed","sticky":false,"template":"","format":"standard","meta":{"_lmt_disableupdate":"no","_lmt_disable":"no","footnotes":""},"categories":[1271],"tags":[],"class_list":["post-1051","post","type-post","status-publish","format-standard","has-post-thumbnail","hentry","category-socjoterapia"],"modified_by":"digital","_links":{"self":[{"href":"https:\/\/epedagog.edu.pl\/aktualnosci\/wp-json\/wp\/v2\/posts\/1051","targetHints":{"allow":["GET"]}}],"collection":[{"href":"https:\/\/epedagog.edu.pl\/aktualnosci\/wp-json\/wp\/v2\/posts"}],"about":[{"href":"https:\/\/epedagog.edu.pl\/aktualnosci\/wp-json\/wp\/v2\/types\/post"}],"author":[{"embeddable":true,"href":"https:\/\/epedagog.edu.pl\/aktualnosci\/wp-json\/wp\/v2\/users\/12"}],"replies":[{"embeddable":true,"href":"https:\/\/epedagog.edu.pl\/aktualnosci\/wp-json\/wp\/v2\/comments?post=1051"}],"version-history":[{"count":1,"href":"https:\/\/epedagog.edu.pl\/aktualnosci\/wp-json\/wp\/v2\/posts\/1051\/revisions"}],"predecessor-version":[{"id":1054,"href":"https:\/\/epedagog.edu.pl\/aktualnosci\/wp-json\/wp\/v2\/posts\/1051\/revisions\/1054"}],"wp:featuredmedia":[{"embeddable":true,"href":"https:\/\/epedagog.edu.pl\/aktualnosci\/wp-json\/wp\/v2\/media\/1052"}],"wp:attachment":[{"href":"https:\/\/epedagog.edu.pl\/aktualnosci\/wp-json\/wp\/v2\/media?parent=1051"}],"wp:term":[{"taxonomy":"category","embeddable":true,"href":"https:\/\/epedagog.edu.pl\/aktualnosci\/wp-json\/wp\/v2\/categories?post=1051"},{"taxonomy":"post_tag","embeddable":true,"href":"https:\/\/epedagog.edu.pl\/aktualnosci\/wp-json\/wp\/v2\/tags?post=1051"}],"curies":[{"name":"wp","href":"https:\/\/api.w.org\/{rel}","templated":true}]}}