{"id":1032,"date":"2023-06-30T08:31:03","date_gmt":"2023-06-30T06:31:03","guid":{"rendered":"https:\/\/epedagog.edu.pl\/aktualnosci\/?p=1032"},"modified":"2024-11-25T08:09:34","modified_gmt":"2024-11-25T07:09:34","slug":"wczesniejsze-emerytury-nauczycieli-2023-rok-bedzie-decydujacy","status":"publish","type":"post","link":"https:\/\/epedagog.edu.pl\/aktualnosci\/wczesniejsze-emerytury-nauczycieli-2023-rok-bedzie-decydujacy\/","title":{"rendered":"Wcze\u015bniejsze emerytury nauczycieli \u2013 2023 rok b\u0119dzie decyduj\u0105cy?"},"content":{"rendered":"<p><span style=\"font-weight: 400;\">W wyniku dzia\u0142alno\u015bci Zwi\u0105zku Nauczycielstwa Polskiego rozpocz\u0119to prace maj\u0105ce na celu przywr\u00f3cenie wcze\u015bniejszej emerytury nauczycieli. ZNP prowadzi dzia\u0142ania w celu godno\u015bci zawodu nauczycieli i pracownik\u00f3w o\u015bwiaty, a tak\u017ce zadbania o odpowiednie warunki pracy i p\u0142acy, dlatego te\u017c podj\u0119\u0142o czynno\u015bci wp\u0142ywaj\u0105ce na to, czy wr\u00f3c\u0105 wcze\u015bniejsze emerytury dla nauczycieli. Wi\u0119cej na ten temat, a tak\u017ce decyzji Sejmu b\u0119dziemy pisali w dalszej cz\u0119\u015bci artyku\u0142u.<\/span><\/p>\n<div id=\"ez-toc-container\" class=\"ez-toc-v2_0_76 counter-hierarchy ez-toc-counter ez-toc-custom ez-toc-container-direction\">\n<div class=\"ez-toc-title-container\">\n<p class=\"ez-toc-title\" style=\"cursor:inherit\">Spis tre\u015bci<\/p>\n<span class=\"ez-toc-title-toggle\"><a href=\"#\" class=\"ez-toc-pull-right ez-toc-btn ez-toc-btn-xs ez-toc-btn-default ez-toc-toggle\" aria-label=\"Prze\u0142\u0105cznik Spisu Tre\u015bci\"><span class=\"ez-toc-js-icon-con\"><span class=\"\"><span class=\"eztoc-hide\" style=\"display:none;\">Toggle<\/span><span class=\"ez-toc-icon-toggle-span\"><svg style=\"fill: #999;color:#999\" xmlns=\"http:\/\/www.w3.org\/2000\/svg\" class=\"list-377408\" width=\"20px\" height=\"20px\" viewBox=\"0 0 24 24\" fill=\"none\"><path d=\"M6 6H4v2h2V6zm14 0H8v2h12V6zM4 11h2v2H4v-2zm16 0H8v2h12v-2zM4 16h2v2H4v-2zm16 0H8v2h12v-2z\" fill=\"currentColor\"><\/path><\/svg><svg style=\"fill: #999;color:#999\" class=\"arrow-unsorted-368013\" xmlns=\"http:\/\/www.w3.org\/2000\/svg\" width=\"10px\" height=\"10px\" viewBox=\"0 0 24 24\" version=\"1.2\" baseProfile=\"tiny\"><path d=\"M18.2 9.3l-6.2-6.3-6.2 6.3c-.2.2-.3.4-.3.7s.1.5.3.7c.2.2.4.3.7.3h11c.3 0 .5-.1.7-.3.2-.2.3-.5.3-.7s-.1-.5-.3-.7zM5.8 14.7l6.2 6.3 6.2-6.3c.2-.2.3-.5.3-.7s-.1-.5-.3-.7c-.2-.2-.4-.3-.7-.3h-11c-.3 0-.5.1-.7.3-.2.2-.3.5-.3.7s.1.5.3.7z\"\/><\/svg><\/span><\/span><\/span><\/a><\/span><\/div>\n<nav><ul class='ez-toc-list ez-toc-list-level-1 ' ><li class='ez-toc-page-1 ez-toc-heading-level-2'><a class=\"ez-toc-link ez-toc-heading-1\" href=\"https:\/\/epedagog.edu.pl\/aktualnosci\/wczesniejsze-emerytury-nauczycieli-2023-rok-bedzie-decydujacy\/#Emerytury_nauczycieli_2023_r\" >Emerytury nauczycieli 2023 r.<\/a><\/li><li class='ez-toc-page-1 ez-toc-heading-level-2'><a class=\"ez-toc-link ez-toc-heading-2\" href=\"https:\/\/epedagog.edu.pl\/aktualnosci\/wczesniejsze-emerytury-nauczycieli-2023-rok-bedzie-decydujacy\/#Czy_wroca_wczesniejsze_emerytury_dla_nauczycieli\" >Czy wr\u00f3c\u0105 wcze\u015bniejsze emerytury dla nauczycieli?<\/a><\/li><li class='ez-toc-page-1 ez-toc-heading-level-2'><a class=\"ez-toc-link ez-toc-heading-3\" href=\"https:\/\/epedagog.edu.pl\/aktualnosci\/wczesniejsze-emerytury-nauczycieli-2023-rok-bedzie-decydujacy\/#Ustawa_wobec_wczesniejszej_emerytury_nauczyciel\" >Ustawa wobec wcze\u015bniejszej emerytury nauczyciel<\/a><\/li><\/ul><\/nav><\/div>\n<h2><span class=\"ez-toc-section\" id=\"Emerytury_nauczycieli_2023_r\"><\/span><span style=\"font-weight: 400;\">Emerytury nauczycieli 2023 r.<\/span><span class=\"ez-toc-section-end\"><\/span><\/h2>\n<p><b>Mo\u017cna okre\u015bli\u0107, \u017ce w sprawach emerytury nauczycieli 2023 r. jest decyduj\u0105cy<\/b><span style=\"font-weight: 400;\">, poniewa\u017c to w\u0142a\u015bnie w bie\u017c\u0105cym roku pracowano nad projektem dotycz\u0105cym wieku emerytalnego nauczycieli, a dok\u0142adnie tego, czy wr\u00f3c\u0105 dla tego grupy zawodowej wcze\u015bniejsze emerytury. Zwi\u0105zek Nauczycieli Polskich od miesi\u0119cy stara\u0142o si\u0119 o wprowadzenie zmian w tej kwestii i ustalenia warunk\u00f3w nabywania i wyliczania tych \u015bwiadcze\u0144.\u00a0<\/span><\/p>\n<p><span style=\"font-weight: 400;\">Wi\u0119cej na temat tego projektu pisali\u015bmy w artykule:<\/span><a title=\"Wcze\u015bniejsze emerytury dla nauczycieli \u2013 wst\u0119pny plan resortu edukacji\" href=\"https:\/\/epedagog.edu.pl\/aktualnosci\/wczesniejsze-emerytury-dla-nauczycieli-wstepny-plan-resortu-edukacji\/\"> <span style=\"font-weight: 400;\">Wcze\u015bniejsze emerytury dla nauczycieli \u2013 wst\u0119pny plan resortu edukacji<\/span><\/a><span style=\"font-weight: 400;\">.<\/span><\/p>\n<h2><span class=\"ez-toc-section\" id=\"Czy_wroca_wczesniejsze_emerytury_dla_nauczycieli\"><\/span><span style=\"font-weight: 400;\">Czy wr\u00f3c\u0105 wcze\u015bniejsze emerytury dla nauczycieli?<\/span><span class=\"ez-toc-section-end\"><\/span><\/h2>\n<p><span style=\"font-weight: 400;\">16 czerwca odby\u0142o si\u0119 g\u0142osowanie nad tym projektem w Sejmie, kt\u00f3ry uchwali\u0142 nowelizacj\u0119 wieku emerytalnego nauczycieli. Nast\u0119pnie 20 czerwca ustaw\u0119 przekazano Prezydentowi i Marsza\u0142kowi Senatu. Oznacza to, \u017ce <\/span><b>powr\u00f3ci mo\u017cliwo\u015b\u0107 przej\u015bcia na wcze\u015bniejsz\u0105 emerytur\u0119 dla nauczycieli<\/b><span style=\"font-weight: 400;\">.<\/span><\/p>\n<p><img loading=\"lazy\" decoding=\"async\" class=\"alignnone size-full wp-image-1033\" src=\"https:\/\/epedagog.edu.pl\/aktualnosci\/wp-content\/uploads\/2023\/07\/emerytury-nauczycieli-2023-scaled.jpg\" alt=\"emerytury nauczycieli 2023\" width=\"2560\" height=\"1371\" srcset=\"https:\/\/epedagog.edu.pl\/aktualnosci\/wp-content\/uploads\/2023\/07\/emerytury-nauczycieli-2023-scaled.jpg 2560w, https:\/\/epedagog.edu.pl\/aktualnosci\/wp-content\/uploads\/2023\/07\/emerytury-nauczycieli-2023-300x161.jpg 300w, https:\/\/epedagog.edu.pl\/aktualnosci\/wp-content\/uploads\/2023\/07\/emerytury-nauczycieli-2023-1024x549.jpg 1024w, https:\/\/epedagog.edu.pl\/aktualnosci\/wp-content\/uploads\/2023\/07\/emerytury-nauczycieli-2023-768x411.jpg 768w, https:\/\/epedagog.edu.pl\/aktualnosci\/wp-content\/uploads\/2023\/07\/emerytury-nauczycieli-2023-1536x823.jpg 1536w, https:\/\/epedagog.edu.pl\/aktualnosci\/wp-content\/uploads\/2023\/07\/emerytury-nauczycieli-2023-2048x1097.jpg 2048w, https:\/\/epedagog.edu.pl\/aktualnosci\/wp-content\/uploads\/2023\/07\/emerytury-nauczycieli-2023-696x373.jpg 696w, https:\/\/epedagog.edu.pl\/aktualnosci\/wp-content\/uploads\/2023\/07\/emerytury-nauczycieli-2023-1068x572.jpg 1068w, https:\/\/epedagog.edu.pl\/aktualnosci\/wp-content\/uploads\/2023\/07\/emerytury-nauczycieli-2023-784x420.jpg 784w, https:\/\/epedagog.edu.pl\/aktualnosci\/wp-content\/uploads\/2023\/07\/emerytury-nauczycieli-2023-1920x1028.jpg 1920w\" sizes=\"auto, (max-width: 2560px) 100vw, 2560px\" \/><\/p>\n<h2><span class=\"ez-toc-section\" id=\"Ustawa_wobec_wczesniejszej_emerytury_nauczyciel\"><\/span><span style=\"font-weight: 400;\">Ustawa wobec wcze\u015bniejszej emerytury nauczyciel<\/span><span class=\"ez-toc-section-end\"><\/span><\/h2>\n<p><b>Warunki, jakie musz\u0105 spe\u0142nia\u0107 nauczyciele pragn\u0105cy przej\u015b\u0107 na wcze\u015bniejsz\u0105 emerytur\u0119, okre\u015blono w dodanym w Ustawie z dnia 16 czerwca 2023 r. o zmianie ustawy \u2013 Karta Nauczyciela oraz niekt\u00f3rych innych ustaw art. 88a<\/b><span style=\"font-weight: 400;\">. Wed\u0142ug niego prawo to przys\u0142uguje pracownikom, kt\u00f3rzy:<\/span><\/p>\n<ul>\n<li style=\"font-weight: 400;\" aria-level=\"1\"><span style=\"font-weight: 400;\">rozpocz\u0119li przed dniem 1 stycznia 1999 r. faktyczne wykonywanie pracy na stanowisku nauczyciela, wychowawcy lub innego pracownika pedagogicznego w brzmieniu obowi\u0105zuj\u0105cym w dniu rozpocz\u0119cia pracy na tym stanowisku;<\/span><\/li>\n<li style=\"font-weight: 400;\" aria-level=\"1\"><span style=\"font-weight: 400;\">maj\u0105 okres sk\u0142adkowy wynosz\u0105cy co najmniej 30 lat, w tym co najmniej 20 lat faktycznego wykonywania pracy na stanowisku nauczyciela, wychowawcy lub innego pracownika pedagogicznego;\u00a0<\/span><\/li>\n<li style=\"font-weight: 400;\" aria-level=\"1\"><span style=\"font-weight: 400;\">nie przys\u0142uguje im prawo do przej\u015bcia na emerytur\u0119 bez wzgl\u0119du na wiek.<\/span><\/li>\n<\/ul>\n<p><span style=\"font-weight: 400;\">Ponadto okre\u015blono, \u017ce nauczyciele mog\u0105 przej\u015b\u0107 na wcze\u015bniejsz\u0105 emerytur\u0119, pocz\u0105wszy od dnia:\u00a0<\/span><\/p>\n<ul>\n<li style=\"font-weight: 400;\" aria-level=\"1\"><span style=\"font-weight: 400;\">1 wrze\u015bnia 2024 r. \u2013 nauczyciele urodzeni przed dniem 1 wrze\u015bnia 1966 r.;\u00a0<\/span><\/li>\n<li style=\"font-weight: 400;\" aria-level=\"1\"><span style=\"font-weight: 400;\">1 wrze\u015bnia 2025 r. \u2013 nauczyciele urodzeni po dniu 31 sierpnia 1966 r. a przed dniem 1 wrze\u015bnia 1969 r.;<\/span><\/li>\n<li style=\"font-weight: 400;\" aria-level=\"1\"><span style=\"font-weight: 400;\">1 wrze\u015bnia 2026 r. \u2013 nauczyciele urodzeni po dniu 31 sierpnia 1969 r.\u00a0<\/span><\/li>\n<\/ul>\n<p><span style=\"font-weight: 400;\">Okre\u015blono tak\u017ce, \u017ce <\/span><b>wysoko\u015b\u0107 emerytury nie b\u0119dzie ni\u017csza ni\u017c kwota, o kt\u00f3rej mowa w art. 85 ust. 2<\/b><span style=\"font-weight: 400;\"> Ustawy z dnia 17 grudnia 1998 r. o emeryturach i rentach z Funduszu Ubezpiecze\u0144 Spo\u0142ecznych &#8211; wed\u0142ug niej kwota najni\u017cszej emerytury wynosi 1588,44 z\u0142 miesi\u0119cznie.<\/span><\/p>\n","protected":false},"excerpt":{"rendered":"<p>W wyniku dzia\u0142alno\u015bci Zwi\u0105zku Nauczycielstwa Polskiego rozpocz\u0119to prace maj\u0105ce na celu przywr\u00f3cenie wcze\u015bniejszej emerytury nauczycieli. ZNP prowadzi dzia\u0142ania w celu godno\u015bci zawodu nauczycieli i pracownik\u00f3w o\u015bwiaty, a tak\u017ce zadbania o odpowiednie warunki pracy i p\u0142acy, dlatego te\u017c podj\u0119\u0142o czynno\u015bci wp\u0142ywaj\u0105ce na to, czy wr\u00f3c\u0105 wcze\u015bniejsze emerytury dla nauczycieli. Wi\u0119cej na ten temat, a tak\u017ce decyzji [&hellip;]<\/p>\n","protected":false},"author":12,"featured_media":1034,"comment_status":"closed","ping_status":"closed","sticky":false,"template":"","format":"standard","meta":{"_lmt_disableupdate":"no","_lmt_disable":"no","footnotes":""},"categories":[1359],"tags":[],"class_list":["post-1032","post","type-post","status-publish","format-standard","has-post-thumbnail","hentry","category-porady-i-aktualnosci"],"modified_by":"digital","_links":{"self":[{"href":"https:\/\/epedagog.edu.pl\/aktualnosci\/wp-json\/wp\/v2\/posts\/1032","targetHints":{"allow":["GET"]}}],"collection":[{"href":"https:\/\/epedagog.edu.pl\/aktualnosci\/wp-json\/wp\/v2\/posts"}],"about":[{"href":"https:\/\/epedagog.edu.pl\/aktualnosci\/wp-json\/wp\/v2\/types\/post"}],"author":[{"embeddable":true,"href":"https:\/\/epedagog.edu.pl\/aktualnosci\/wp-json\/wp\/v2\/users\/12"}],"replies":[{"embeddable":true,"href":"https:\/\/epedagog.edu.pl\/aktualnosci\/wp-json\/wp\/v2\/comments?post=1032"}],"version-history":[{"count":1,"href":"https:\/\/epedagog.edu.pl\/aktualnosci\/wp-json\/wp\/v2\/posts\/1032\/revisions"}],"predecessor-version":[{"id":1035,"href":"https:\/\/epedagog.edu.pl\/aktualnosci\/wp-json\/wp\/v2\/posts\/1032\/revisions\/1035"}],"wp:featuredmedia":[{"embeddable":true,"href":"https:\/\/epedagog.edu.pl\/aktualnosci\/wp-json\/wp\/v2\/media\/1034"}],"wp:attachment":[{"href":"https:\/\/epedagog.edu.pl\/aktualnosci\/wp-json\/wp\/v2\/media?parent=1032"}],"wp:term":[{"taxonomy":"category","embeddable":true,"href":"https:\/\/epedagog.edu.pl\/aktualnosci\/wp-json\/wp\/v2\/categories?post=1032"},{"taxonomy":"post_tag","embeddable":true,"href":"https:\/\/epedagog.edu.pl\/aktualnosci\/wp-json\/wp\/v2\/tags?post=1032"}],"curies":[{"name":"wp","href":"https:\/\/api.w.org\/{rel}","templated":true}]}}