{"id":1028,"date":"2023-06-20T14:51:54","date_gmt":"2023-06-20T12:51:54","guid":{"rendered":"https:\/\/epedagog.edu.pl\/aktualnosci\/?p=1028"},"modified":"2024-11-25T08:05:49","modified_gmt":"2024-11-25T07:05:49","slug":"pedagogika-opiekunczo-wychowawcza-nowoczesne-podejscie-do-edukacji-specjalnej","status":"publish","type":"post","link":"https:\/\/epedagog.edu.pl\/aktualnosci\/pedagogika-opiekunczo-wychowawcza-nowoczesne-podejscie-do-edukacji-specjalnej\/","title":{"rendered":"Pedagogika opieku\u0144czo-wychowawcza: nowoczesne podej\u015bcie do edukacji specjalnej"},"content":{"rendered":"<p><span style=\"font-weight: 400;\">Plac\u00f3wki opieku\u0144czo-wychowawcze s\u0105 instytucjonaln\u0105 form\u0105 opieki udzielanej dziecku lub m\u0142odzie\u017cy z trudno\u015bciami wymagaj\u0105cej po\u0142\u0105czenia dzia\u0142a\u0144 interwencyjnych, socjalizacyjnych itd. W zwi\u0105zku z tym osoby, kt\u00f3re s\u0105 zatrudniane w tych miejscach, powinny by\u0107 odpowiednio przygotowane do r\u00f3\u017cnego typu wyzwa\u0144 zwi\u0105zanych z pedagogik\u0105 opieku\u0144czo-wychowawcz\u0105. Wi\u0119cej na ten temat b\u0119dziemy omawiali w dalszej cz\u0119\u015bci artyku\u0142u.<\/span><\/p>\n<div id=\"ez-toc-container\" class=\"ez-toc-v2_0_76 counter-hierarchy ez-toc-counter ez-toc-custom ez-toc-container-direction\">\n<div class=\"ez-toc-title-container\">\n<p class=\"ez-toc-title\" style=\"cursor:inherit\">Spis tre\u015bci<\/p>\n<span class=\"ez-toc-title-toggle\"><a href=\"#\" class=\"ez-toc-pull-right ez-toc-btn ez-toc-btn-xs ez-toc-btn-default ez-toc-toggle\" aria-label=\"Prze\u0142\u0105cznik Spisu Tre\u015bci\"><span class=\"ez-toc-js-icon-con\"><span class=\"\"><span class=\"eztoc-hide\" style=\"display:none;\">Toggle<\/span><span class=\"ez-toc-icon-toggle-span\"><svg style=\"fill: #999;color:#999\" xmlns=\"http:\/\/www.w3.org\/2000\/svg\" class=\"list-377408\" width=\"20px\" height=\"20px\" viewBox=\"0 0 24 24\" fill=\"none\"><path d=\"M6 6H4v2h2V6zm14 0H8v2h12V6zM4 11h2v2H4v-2zm16 0H8v2h12v-2zM4 16h2v2H4v-2zm16 0H8v2h12v-2z\" fill=\"currentColor\"><\/path><\/svg><svg style=\"fill: #999;color:#999\" class=\"arrow-unsorted-368013\" xmlns=\"http:\/\/www.w3.org\/2000\/svg\" width=\"10px\" height=\"10px\" viewBox=\"0 0 24 24\" version=\"1.2\" baseProfile=\"tiny\"><path d=\"M18.2 9.3l-6.2-6.3-6.2 6.3c-.2.2-.3.4-.3.7s.1.5.3.7c.2.2.4.3.7.3h11c.3 0 .5-.1.7-.3.2-.2.3-.5.3-.7s-.1-.5-.3-.7zM5.8 14.7l6.2 6.3 6.2-6.3c.2-.2.3-.5.3-.7s-.1-.5-.3-.7c-.2-.2-.4-.3-.7-.3h-11c-.3 0-.5.1-.7.3-.2.2-.3.5-.3.7s.1.5.3.7z\"\/><\/svg><\/span><\/span><\/span><\/a><\/span><\/div>\n<nav><ul class='ez-toc-list ez-toc-list-level-1 ' ><li class='ez-toc-page-1 ez-toc-heading-level-2'><a class=\"ez-toc-link ez-toc-heading-1\" href=\"https:\/\/epedagog.edu.pl\/aktualnosci\/pedagogika-opiekunczo-wychowawcza-nowoczesne-podejscie-do-edukacji-specjalnej\/#Pedagogika_opiekunczo-wychowawcza_jako_specjalizacja\" >Pedagogika opieku\u0144czo-wychowawcza jako specjalizacja\u00a0<\/a><\/li><li class='ez-toc-page-1 ez-toc-heading-level-2'><a class=\"ez-toc-link ez-toc-heading-2\" href=\"https:\/\/epedagog.edu.pl\/aktualnosci\/pedagogika-opiekunczo-wychowawcza-nowoczesne-podejscie-do-edukacji-specjalnej\/#Wyzwania_opiekuna-wychowawcy_w_kontekscie_pracy_z_dziecmi_i_mlodzieza\" >Wyzwania opiekuna-wychowawcy w kontek\u015bcie pracy z dzie\u0107mi i m\u0142odzie\u017c\u0105<\/a><\/li><li class='ez-toc-page-1 ez-toc-heading-level-2'><a class=\"ez-toc-link ez-toc-heading-3\" href=\"https:\/\/epedagog.edu.pl\/aktualnosci\/pedagogika-opiekunczo-wychowawcza-nowoczesne-podejscie-do-edukacji-specjalnej\/#Jak_przygotowac_sie_do_pracy_opiekuna-wychowawcy\" >Jak przygotowa\u0107 si\u0119 do pracy opiekuna-wychowawcy?<\/a><\/li><\/ul><\/nav><\/div>\n<h2><span class=\"ez-toc-section\" id=\"Pedagogika_opiekunczo-wychowawcza_jako_specjalizacja\"><\/span><span style=\"font-weight: 400;\">Pedagogika opieku\u0144czo-wychowawcza jako specjalizacja\u00a0<\/span><span class=\"ez-toc-section-end\"><\/span><\/h2>\n<p><span style=\"font-weight: 400;\"><img loading=\"lazy\" decoding=\"async\" class=\"size-medium wp-image-1030 alignleft\" src=\"https:\/\/epedagog.edu.pl\/aktualnosci\/wp-content\/uploads\/2023\/07\/wychowawca-w-domu-dziecka-wymagania-300x300.png\" alt=\"\" width=\"300\" height=\"300\" srcset=\"https:\/\/epedagog.edu.pl\/aktualnosci\/wp-content\/uploads\/2023\/07\/wychowawca-w-domu-dziecka-wymagania-300x300.png 300w, https:\/\/epedagog.edu.pl\/aktualnosci\/wp-content\/uploads\/2023\/07\/wychowawca-w-domu-dziecka-wymagania-1024x1024.png 1024w, https:\/\/epedagog.edu.pl\/aktualnosci\/wp-content\/uploads\/2023\/07\/wychowawca-w-domu-dziecka-wymagania-150x150.png 150w, https:\/\/epedagog.edu.pl\/aktualnosci\/wp-content\/uploads\/2023\/07\/wychowawca-w-domu-dziecka-wymagania-768x768.png 768w, https:\/\/epedagog.edu.pl\/aktualnosci\/wp-content\/uploads\/2023\/07\/wychowawca-w-domu-dziecka-wymagania-696x696.png 696w, https:\/\/epedagog.edu.pl\/aktualnosci\/wp-content\/uploads\/2023\/07\/wychowawca-w-domu-dziecka-wymagania-1068x1068.png 1068w, https:\/\/epedagog.edu.pl\/aktualnosci\/wp-content\/uploads\/2023\/07\/wychowawca-w-domu-dziecka-wymagania-420x420.png 420w, https:\/\/epedagog.edu.pl\/aktualnosci\/wp-content\/uploads\/2023\/07\/wychowawca-w-domu-dziecka-wymagania.png 1080w\" sizes=\"auto, (max-width: 300px) 100vw, 300px\" \/>Pedagogika opieku\u0144czo-wychowawcza powsta\u0142a na skutek po\u0142\u0105czenia zagadnie\u0144 pedagogiki szkolnej i pedagogiki opieku\u0144czej. Mo\u017cna j\u0105 wyodr\u0119bni\u0107 spo\u015br\u00f3d pedagogiki spo\u0142ecznej, ale nale\u017cy doda\u0107, \u017ce <\/span><b>jest ona szeroko rozumiana, gdy\u017c odnosi si\u0119 do wychowania, profilaktyki, a nawet terapii podopiecznych<\/b><span style=\"font-weight: 400;\">. Wi\u0119cej na ten temat mo\u017cesz przeczyta\u0107 w naszym artykule:<\/span><a title=\"Czym zajmuje si\u0119 pedagogika opieku\u0144czo-wychowawcza?\" href=\"https:\/\/epedagog.edu.pl\/aktualnosci\/czym-zajmuje-sie-pedagogika-opiekunczo-wychowawcza\/\"> <span style=\"font-weight: 400;\">Czym zajmuje si\u0119 pedagogika opieku\u0144czo-wychowawcza?<\/span><\/a><span style=\"font-weight: 400;\">\u00a0<\/span><\/p>\n<p><span style=\"font-weight: 400;\">Jest to specjalizacja pozwalaj\u0105ca zdoby\u0107 przygotowanie do pracy w plac\u00f3wkach o\u015bwiatowo-wychowawczych, np. pa\u0142acach m\u0142odzie\u017cy, mi\u0119dzyszkolnych o\u015brodkach sportowych, ogniskach pracy pozaszkolnej; pozaszkolnych plac\u00f3wkach specjalistycznych; o\u015brodkach adopcyjno-opieku\u0144czych. <\/span><b>Absolwenci tego kierunku mog\u0105 pracowa\u0107 jako opiekun-wychowawca<\/b><span style=\"font-weight: 400;\">, np. wychowawca w domu dziecka. Wymagania wobec tych os\u00f3b nak\u0142adaj\u0105 umiej\u0119tno\u015bci pracy z dzie\u0107mi i m\u0142odzie\u017c\u0105 trudn\u0105 i o specjalnych potrzebach edukacyjnych.<\/span><\/p>\n<h2><span class=\"ez-toc-section\" id=\"Wyzwania_opiekuna-wychowawcy_w_kontekscie_pracy_z_dziecmi_i_mlodzieza\"><\/span><span style=\"font-weight: 400;\">Wyzwania opiekuna-wychowawcy w kontek\u015bcie pracy z dzie\u0107mi i m\u0142odzie\u017c\u0105<\/span><span class=\"ez-toc-section-end\"><\/span><\/h2>\n<p><span style=\"font-weight: 400;\">Osoba zatrudniona na stanowisku opiekuna-wychowawcy musi mierzy\u0107 si\u0119 z wieloma wyzwaniami. Wynika to z tego, \u017ce wymaga od niego dostosowania metod pracy z uczniem do jego indywidualnych potrzeb. Nie zawsze jest to \u0142atwe, poniewa\u017c <\/span><b>wsp\u00f3\u0142pracuje on z dzie\u0107mi m\u0142odzie\u017c\u0105, kt\u00f3ra sprawia trudno\u015bci lub wymaga uwzgl\u0119dnienia specjalnych potrzeb edukacyjnych<\/b><span style=\"font-weight: 400;\">. To w\u0142a\u015bnie dlatego mo\u017cna odnale\u017a\u0107 podobie\u0144stwo w pedagogice opieku\u0144czo-wychowawczej oraz pedagogice specjalnej.<\/span><\/p>\n<blockquote><p><a title=\"Kurs Kwalifikacyjny z pedagogiki opieku\u0144czo-wychowawczej\" href=\"https:\/\/epedagog.edu.pl\/oferta\/kursy\/kurs-kwalifikacyjny-z-pedagogiki-opiekunczo-wychowawczej\"><span style=\"font-weight: 400;\">Poznaj metodyk\u0119 pracy jako opiekun-wychowawca podczas \u201cKursu Kwalifikacyjnego z pedagogiki opieku\u0144czo-wychowawczej\u201d\u00a0<\/span><\/a><\/p><\/blockquote>\n<p><span style=\"font-weight: 400;\">Opiekun-wychowawca ma za zadanie zbudowa\u0107 pozytywne relacje z uczniami oraz ich rodzinami, co pomaga w rozpoznawaniu i analizie potrzeb uczni\u00f3w. Na tej podstawie tworzy on odpowiednie programy wspieraj\u0105ce, a tak\u017ce realizuje dzia\u0142ania opieku\u0144czo-wychowawczych maj\u0105ce na celu stymulowanie rozwoju dzieci lub m\u0142odzie\u017cy.<\/span><\/p>\n<h2><span class=\"ez-toc-section\" id=\"Jak_przygotowac_sie_do_pracy_opiekuna-wychowawcy\"><\/span><span style=\"font-weight: 400;\">Jak przygotowa\u0107 si\u0119 do pracy opiekuna-wychowawcy?<\/span><span class=\"ez-toc-section-end\"><\/span><\/h2>\n<p><span style=\"font-weight: 400;\">Praca jako opiekun-wychowawca nie jest \u0142atwa, dlatego wymaga zdobycia dodatkowych kompetencji wychowawczych. Dzi\u0119ki nim prowadzenie zaj\u0119\u0107 mo\u017ce by\u0107 nie tylko efektywne, ale i mie\u0107 dzia\u0142anie terapeutyczne. Dlatego te\u017c w naszej ofercie znajduje <\/span><b>si\u0119 \u201c<\/b><a title=\"Kurs Kwalifikacyjny z pedagogiki opieku\u0144czo-wychowawczej\" href=\"https:\/\/epedagog.edu.pl\/oferta\/kursy\/kurs-kwalifikacyjny-z-pedagogiki-opiekunczo-wychowawczej\"><b>Kurs Kwalifikacyjny z pedagogiki opieku\u0144czo-wychowawczej<\/b><\/a><b>\u201d dedykowany dla pedagog\u00f3w i nauczycieli zatrudnionych lub pragn\u0105cych rozpocz\u0105\u0107 prac\u0119 w plac\u00f3wkach opieku\u0144czo-wychowawczych<\/b><span style=\"font-weight: 400;\">, kt\u00f3rzy posiadaj\u0105 kwalifikacje nauczyciela, ale nie posiadaj\u0105 jednak kwalifikacji do pracy opieku\u0144czo-wychowawczej, ale tak\u017ce dla ka\u017cdej osoby zainteresowanej tym tematem.\u00a0<\/span><\/p>\n<p><a href=\"https:\/\/epedagog.edu.pl\/oferta\/kursy\/kurs-kwalifikacyjny-z-pedagogiki-opiekunczo-wychowawczej\"><img loading=\"lazy\" decoding=\"async\" class=\"alignnone size-full wp-image-613\" src=\"https:\/\/epedagog.edu.pl\/aktualnosci\/wp-content\/uploads\/2022\/03\/baner_linkuj\u0105cy.png\" alt=\"baner: Kurs Kwalifikacyjny z pedagogiki opieku\u0144czo-wychowawczej\" width=\"694\" height=\"151\" srcset=\"https:\/\/epedagog.edu.pl\/aktualnosci\/wp-content\/uploads\/2022\/03\/baner_linkuj\u0105cy.png 694w, https:\/\/epedagog.edu.pl\/aktualnosci\/wp-content\/uploads\/2022\/03\/baner_linkuj\u0105cy-300x65.png 300w\" sizes=\"auto, (max-width: 694px) 100vw, 694px\" \/><\/a><\/p>\n<p><span style=\"font-weight: 400;\">W trakcie tego kursu uczestnicy poznaj\u0105 tematy zwi\u0105zane z:<\/span><\/p>\n<ul>\n<li style=\"font-weight: 400;\" aria-level=\"1\"><span style=\"font-weight: 400;\">psychospo\u0142ecznym uwarunkowaniem rozwoju dzieci i m\u0142odzie\u017cy;<\/span><\/li>\n<li style=\"font-weight: 400;\" aria-level=\"1\"><span style=\"font-weight: 400;\">metodyk\u0105 pracy jako opiekun-wychowawca (w tym z uczniami o specjalnych potrzebach edukacyjnych);<\/span><\/li>\n<li style=\"font-weight: 400;\" aria-level=\"1\"><span style=\"font-weight: 400;\">elementy pedagogiki opieku\u0144czej.<\/span><\/li>\n<\/ul>\n<p><span style=\"font-weight: 400;\">Ponadto podczas zaj\u0119\u0107 fakultatywnych kursanci omawiane s\u0105 wczesne problemy opieki i wychowania oraz terapii i profilaktyki uzale\u017cnie\u0144 r\u00f3\u017cnego rodzaju.\u00a0<\/span><\/p>\n<p><span style=\"font-weight: 400;\">Nale\u017cy podkre\u015bli\u0107, \u017ce absolwenci \u201cKursu Kwalifikacyjnego z pedagogiki opieku\u0144czo-wychowawczej\u201d zdobywaj\u0105 kwalifikacje, umiej\u0119tno\u015bci oraz wiedz\u0119 pedagogiczn\u0105 nadaj\u0105ce mo\u017cliwo\u015b\u0107 zatrudnienia si\u0119 na stanowisko opiekuna-wychowawcy, a <\/span><b>po uko\u0144czeniu szkolenia otrzymuj\u0105 dokumentacj\u0119 zgodn\u0105 z rozporz\u0105dzeniem MEN<\/b><span style=\"font-weight: 400;\">.<\/span><\/p>\n","protected":false},"excerpt":{"rendered":"<p>Plac\u00f3wki opieku\u0144czo-wychowawcze s\u0105 instytucjonaln\u0105 form\u0105 opieki udzielanej dziecku lub m\u0142odzie\u017cy z trudno\u015bciami wymagaj\u0105cej po\u0142\u0105czenia dzia\u0142a\u0144 interwencyjnych, socjalizacyjnych itd. W zwi\u0105zku z tym osoby, kt\u00f3re s\u0105 zatrudniane w tych miejscach, powinny by\u0107 odpowiednio przygotowane do r\u00f3\u017cnego typu wyzwa\u0144 zwi\u0105zanych z pedagogik\u0105 opieku\u0144czo-wychowawcz\u0105. Wi\u0119cej na ten temat b\u0119dziemy omawiali w dalszej cz\u0119\u015bci artyku\u0142u. Pedagogika opieku\u0144czo-wychowawcza jako specjalizacja\u00a0 [&hellip;]<\/p>\n","protected":false},"author":12,"featured_media":1029,"comment_status":"closed","ping_status":"closed","sticky":false,"template":"","format":"standard","meta":{"_lmt_disableupdate":"no","_lmt_disable":"no","footnotes":""},"categories":[1270],"tags":[],"class_list":["post-1028","post","type-post","status-publish","format-standard","has-post-thumbnail","hentry","category-pedagogika"],"modified_by":"digital","_links":{"self":[{"href":"https:\/\/epedagog.edu.pl\/aktualnosci\/wp-json\/wp\/v2\/posts\/1028","targetHints":{"allow":["GET"]}}],"collection":[{"href":"https:\/\/epedagog.edu.pl\/aktualnosci\/wp-json\/wp\/v2\/posts"}],"about":[{"href":"https:\/\/epedagog.edu.pl\/aktualnosci\/wp-json\/wp\/v2\/types\/post"}],"author":[{"embeddable":true,"href":"https:\/\/epedagog.edu.pl\/aktualnosci\/wp-json\/wp\/v2\/users\/12"}],"replies":[{"embeddable":true,"href":"https:\/\/epedagog.edu.pl\/aktualnosci\/wp-json\/wp\/v2\/comments?post=1028"}],"version-history":[{"count":3,"href":"https:\/\/epedagog.edu.pl\/aktualnosci\/wp-json\/wp\/v2\/posts\/1028\/revisions"}],"predecessor-version":[{"id":1388,"href":"https:\/\/epedagog.edu.pl\/aktualnosci\/wp-json\/wp\/v2\/posts\/1028\/revisions\/1388"}],"wp:featuredmedia":[{"embeddable":true,"href":"https:\/\/epedagog.edu.pl\/aktualnosci\/wp-json\/wp\/v2\/media\/1029"}],"wp:attachment":[{"href":"https:\/\/epedagog.edu.pl\/aktualnosci\/wp-json\/wp\/v2\/media?parent=1028"}],"wp:term":[{"taxonomy":"category","embeddable":true,"href":"https:\/\/epedagog.edu.pl\/aktualnosci\/wp-json\/wp\/v2\/categories?post=1028"},{"taxonomy":"post_tag","embeddable":true,"href":"https:\/\/epedagog.edu.pl\/aktualnosci\/wp-json\/wp\/v2\/tags?post=1028"}],"curies":[{"name":"wp","href":"https:\/\/api.w.org\/{rel}","templated":true}]}}