{"id":1007,"date":"2023-06-04T13:14:34","date_gmt":"2023-06-04T11:14:34","guid":{"rendered":"https:\/\/epedagog.edu.pl\/aktualnosci\/?p=1007"},"modified":"2024-11-25T08:02:50","modified_gmt":"2024-11-25T07:02:50","slug":"rewalidacja-niepelnosprawnosci-intelektualnej-w-stopniu-lekkim","status":"publish","type":"post","link":"https:\/\/epedagog.edu.pl\/aktualnosci\/rewalidacja-niepelnosprawnosci-intelektualnej-w-stopniu-lekkim\/","title":{"rendered":"Rewalidacja niepe\u0142nosprawno\u015bci intelektualnej w stopniu lekkim"},"content":{"rendered":"<p><span style=\"font-weight: 400;\">Zadaniem nauczyciela jest planowanie i organizacja proces\u00f3w edukacyjno-wychowawczych zgodnie z mo\u017cliwo\u015bciami uczni\u00f3w w taki spos\u00f3b, by mogli oni osi\u0105ga\u0107 za\u0142o\u017cone cele zwi\u0105zane z wykszta\u0142ceniem. Jest to szczeg\u00f3lnie wa\u017cne u os\u00f3b, kt\u00f3re maj\u0105 okre\u015blony znaczny, umiarkowany lub<\/span><a title=\"Kurs Kwalifikacyjny z zakresu oligofrenopedagogiki\" href=\"https:\/\/epedagog.edu.pl\/kursy\/112\"> <span style=\"font-weight: 400;\">lekki stopie\u0144 niepe\u0142nosprawno\u015bci. Rewalidacja<\/span><\/a><span style=\"font-weight: 400;\"> jest jednym ze sposob\u00f3w wspierania uczni\u00f3w, o czym b\u0119dziemy pisali w dalszej cz\u0119\u015bci artyku\u0142u.<\/span><\/p>\n<div id=\"ez-toc-container\" class=\"ez-toc-v2_0_76 counter-hierarchy ez-toc-counter ez-toc-custom ez-toc-container-direction\">\n<div class=\"ez-toc-title-container\">\n<p class=\"ez-toc-title\" style=\"cursor:inherit\">Spis tre\u015bci<\/p>\n<span class=\"ez-toc-title-toggle\"><a href=\"#\" class=\"ez-toc-pull-right ez-toc-btn ez-toc-btn-xs ez-toc-btn-default ez-toc-toggle\" aria-label=\"Prze\u0142\u0105cznik Spisu Tre\u015bci\"><span class=\"ez-toc-js-icon-con\"><span class=\"\"><span class=\"eztoc-hide\" style=\"display:none;\">Toggle<\/span><span class=\"ez-toc-icon-toggle-span\"><svg style=\"fill: #999;color:#999\" xmlns=\"http:\/\/www.w3.org\/2000\/svg\" class=\"list-377408\" width=\"20px\" height=\"20px\" viewBox=\"0 0 24 24\" fill=\"none\"><path d=\"M6 6H4v2h2V6zm14 0H8v2h12V6zM4 11h2v2H4v-2zm16 0H8v2h12v-2zM4 16h2v2H4v-2zm16 0H8v2h12v-2z\" fill=\"currentColor\"><\/path><\/svg><svg style=\"fill: #999;color:#999\" class=\"arrow-unsorted-368013\" xmlns=\"http:\/\/www.w3.org\/2000\/svg\" width=\"10px\" height=\"10px\" viewBox=\"0 0 24 24\" version=\"1.2\" baseProfile=\"tiny\"><path d=\"M18.2 9.3l-6.2-6.3-6.2 6.3c-.2.2-.3.4-.3.7s.1.5.3.7c.2.2.4.3.7.3h11c.3 0 .5-.1.7-.3.2-.2.3-.5.3-.7s-.1-.5-.3-.7zM5.8 14.7l6.2 6.3 6.2-6.3c.2-.2.3-.5.3-.7s-.1-.5-.3-.7c-.2-.2-.4-.3-.7-.3h-11c-.3 0-.5.1-.7.3-.2.2-.3.5-.3.7s.1.5.3.7z\"\/><\/svg><\/span><\/span><\/span><\/a><\/span><\/div>\n<nav><ul class='ez-toc-list ez-toc-list-level-1 ' ><li class='ez-toc-page-1 ez-toc-heading-level-2'><a class=\"ez-toc-link ez-toc-heading-1\" href=\"https:\/\/epedagog.edu.pl\/aktualnosci\/rewalidacja-niepelnosprawnosci-intelektualnej-w-stopniu-lekkim\/#Czym_jest_niepelnosprawnosc_intelektualna_w_stopniu_lekkim\" >Czym jest niepe\u0142nosprawno\u015b\u0107 intelektualna w stopniu lekkim?<\/a><\/li><li class='ez-toc-page-1 ez-toc-heading-level-2'><a class=\"ez-toc-link ez-toc-heading-2\" href=\"https:\/\/epedagog.edu.pl\/aktualnosci\/rewalidacja-niepelnosprawnosci-intelektualnej-w-stopniu-lekkim\/#Rewalidacja_%E2%80%93_co_to_jest\" >Rewalidacja \u2013 co to jest?\u00a0<\/a><\/li><li class='ez-toc-page-1 ez-toc-heading-level-2'><a class=\"ez-toc-link ez-toc-heading-3\" href=\"https:\/\/epedagog.edu.pl\/aktualnosci\/rewalidacja-niepelnosprawnosci-intelektualnej-w-stopniu-lekkim\/#Jaki_nauczyciel_zajmuje_sie_praca_z_osobami_o_lekkim_stopniu_niepelnosprawnosci\" >Jaki nauczyciel zajmuje si\u0119 prac\u0105 z osobami o lekkim stopniu niepe\u0142nosprawno\u015bci?<\/a><\/li><li class='ez-toc-page-1 ez-toc-heading-level-2'><a class=\"ez-toc-link ez-toc-heading-4\" href=\"https:\/\/epedagog.edu.pl\/aktualnosci\/rewalidacja-niepelnosprawnosci-intelektualnej-w-stopniu-lekkim\/#Rewalidacja_%E2%80%93_tematy_poruszane_na_kursie_dla_oligofrenopedagogow\" >Rewalidacja \u2013 tematy poruszane na kursie dla oligofrenopedagog\u00f3w<\/a><\/li><\/ul><\/nav><\/div>\n<h2><span class=\"ez-toc-section\" id=\"Czym_jest_niepelnosprawnosc_intelektualna_w_stopniu_lekkim\"><\/span><span style=\"font-weight: 400;\">Czym jest niepe\u0142nosprawno\u015b\u0107 intelektualna w stopniu lekkim?<\/span><span class=\"ez-toc-section-end\"><\/span><\/h2>\n<p><span style=\"font-weight: 400;\">Niepe\u0142nosprawno\u015b\u0107 intelektualna w stopniu lekkim to okre\u015blenie poziomu <\/span><b>ograniczenia w sprawno\u015bci organizmu, co wp\u0142ywa na funkcjonowanie intelektualne<\/b><span style=\"font-weight: 400;\">. Jest ono wpisywane na orzeczeniu i wskazuje na jeden z trzech poziom\u00f3w niepe\u0142nosprawno\u015bci: lekkiej, umiarkowanej, znacznej. Okre\u015bla si\u0119 go w celu po\u015bwiadczenia o trwa\u0142ej albo okresowej niezdolno\u015bci do pracy lub wype\u0142niania obowi\u0105zk\u00f3w edukacyjnych w taki sam spos\u00f3b jak ucze\u0144 zdrowy.<\/span><span style=\"font-weight: 400;\"><a href=\"https:\/\/epedagog.edu.pl\/oferta\/kursy\/kurs-kwalifikacyjny-z-zakresu-oligofrenopedagogiki\"><img loading=\"lazy\" decoding=\"async\" class=\"wp-image-613 size-full aligncenter\" src=\"https:\/\/epedagog.edu.pl\/aktualnosci\/wp-content\/uploads\/2022\/03\/baner_linkuj\u0105cy.png\" alt=\"baner: Kurs Kwalifikacyjny z zakresu oligofrenopedagogiki\" width=\"694\" height=\"151\" srcset=\"https:\/\/epedagog.edu.pl\/aktualnosci\/wp-content\/uploads\/2022\/03\/baner_linkuj\u0105cy.png 694w, https:\/\/epedagog.edu.pl\/aktualnosci\/wp-content\/uploads\/2022\/03\/baner_linkuj\u0105cy-300x65.png 300w\" sizes=\"auto, (max-width: 694px) 100vw, 694px\" \/><\/a><\/span><\/p>\n<h2><span class=\"ez-toc-section\" id=\"Rewalidacja_%E2%80%93_co_to_jest\"><\/span><span style=\"font-weight: 400;\">Rewalidacja \u2013 co to jest?<\/span><span style=\"font-weight: 400;\">\u00a0<\/span><span class=\"ez-toc-section-end\"><\/span><\/h2>\n<p><span style=\"font-weight: 400;\">Rewalidacja oznacza <\/span><b>proces przystosowania do \u017cycia w spo\u0142ecze\u0144stwie os\u00f3b z niepe\u0142nosprawno\u015bci\u0105<\/b><span style=\"font-weight: 400;\">, kt\u00f3re nie maj\u0105 pe\u0142nej sprawno\u015bci fizycznej lub psychicznej. Polega ona na wspieraniu wszechstronnego rozwoju, a tak\u017ce adaptacji osoby z niepe\u0142nosprawno\u015bci\u0105 i jej rodziny do prawid\u0142owego funkcjonowania. Rewalidacja odbywa si\u0119 za pomoc\u0105 r\u00f3\u017cnorodnych form psychopedagogicznych oraz medycznych. Wi\u0119cej na ten temat pisali\u015bmy w artykule:<\/span><a title=\"Czym jest rewalidacja indywidualna?\" href=\"https:\/\/epedagog.edu.pl\/aktualnosci\/czym-jest-rewalidacja-indywidualna\/\"> <span style=\"font-weight: 400;\">Czym jest rewalidacja indywidualna?<\/span><\/a><\/p>\n<h2><span class=\"ez-toc-section\" id=\"Jaki_nauczyciel_zajmuje_sie_praca_z_osobami_o_lekkim_stopniu_niepelnosprawnosci\"><\/span><span style=\"font-weight: 400;\">Jaki nauczyciel zajmuje si\u0119 prac\u0105 z osobami o lekkim stopniu niepe\u0142nosprawno\u015bci?<\/span><span class=\"ez-toc-section-end\"><\/span><\/h2>\n<p><b><img loading=\"lazy\" decoding=\"async\" class=\"size-medium wp-image-1009 alignleft\" src=\"https:\/\/epedagog.edu.pl\/aktualnosci\/wp-content\/uploads\/2023\/07\/rewalidacja-co-to-jest--300x300.png\" alt=\"rewalidacja co to jest\" width=\"300\" height=\"300\" srcset=\"https:\/\/epedagog.edu.pl\/aktualnosci\/wp-content\/uploads\/2023\/07\/rewalidacja-co-to-jest--300x300.png 300w, https:\/\/epedagog.edu.pl\/aktualnosci\/wp-content\/uploads\/2023\/07\/rewalidacja-co-to-jest--1024x1024.png 1024w, https:\/\/epedagog.edu.pl\/aktualnosci\/wp-content\/uploads\/2023\/07\/rewalidacja-co-to-jest--150x150.png 150w, https:\/\/epedagog.edu.pl\/aktualnosci\/wp-content\/uploads\/2023\/07\/rewalidacja-co-to-jest--768x768.png 768w, https:\/\/epedagog.edu.pl\/aktualnosci\/wp-content\/uploads\/2023\/07\/rewalidacja-co-to-jest--696x696.png 696w, https:\/\/epedagog.edu.pl\/aktualnosci\/wp-content\/uploads\/2023\/07\/rewalidacja-co-to-jest--1068x1068.png 1068w, https:\/\/epedagog.edu.pl\/aktualnosci\/wp-content\/uploads\/2023\/07\/rewalidacja-co-to-jest--420x420.png 420w, https:\/\/epedagog.edu.pl\/aktualnosci\/wp-content\/uploads\/2023\/07\/rewalidacja-co-to-jest-.png 1080w\" sizes=\"auto, (max-width: 300px) 100vw, 300px\" \/>Uczniowie z niepe\u0142nosprawno\u015bci\u0105 intelektualn\u0105 w stopniu lekkim wymagaj\u0105 opieki nauczyciela o specjalnej specjalizacji, jak\u0105 jest oligofrenopedagogika<\/b><span style=\"font-weight: 400;\">. Nauka ta koncentruje si\u0119 na przygotowywaniu kadry pedagogicznej do r\u00f3\u017cnorodnych wyzwa\u0144 zwi\u0105zanych z prowadzeniem zaj\u0119\u0107 dydaktyczno-wychowawczych oraz opieku\u0144czych z dzie\u0107mi i m\u0142odzie\u017c\u0105 o r\u00f3\u017cnym stopniu niepe\u0142nosprawno\u015bci intelektualnej.<\/span><\/p>\n<p>&nbsp;<\/p>\n<p><span style=\"font-weight: 400;\">Odpowiednie przygotowanie do tego typu lekcji ma szczeg\u00f3lne znaczenie, poniewa\u017c znajomo\u015b\u0107 odpowiednich technik i narz\u0119dzi pomaga w rehabilitacji i rewalidacji uczni\u00f3w o specjalnych potrzebach edukacyjnych.<\/span><\/p>\n<blockquote><p><a title=\"Kurs Kwalifikacyjny z zakresu oligofrenopedagogiki\" href=\"https:\/\/epedagog.edu.pl\/oferta\/kursy\/kurs-kwalifikacyjny-z-zakresu-oligofrenopedagogiki\"><span style=\"font-weight: 400;\">Zapisz si\u0119 na \u201cKurs Kwalifikacyjny z zakresu oligofrenopedagogiki\u201d i dowiedz si\u0119, jak pracowa\u0107 z osobami z niepe\u0142nosprawno\u015bci\u0105 intelektualn\u0105<\/span><\/a><\/p><\/blockquote>\n<h2><span class=\"ez-toc-section\" id=\"Rewalidacja_%E2%80%93_tematy_poruszane_na_kursie_dla_oligofrenopedagogow\"><\/span><span style=\"font-weight: 400;\">Rewalidacja \u2013 tematy poruszane na kursie dla oligofrenopedagog\u00f3w<\/span><span class=\"ez-toc-section-end\"><\/span><\/h2>\n<p><span style=\"font-weight: 400;\">Oferowany przez nas <\/span><b>\u201cKurs Kwalifikacyjny z zakresu oligofrenopedagogiki\u201d przygotowuje do prowadzenia specjalistycznych zaj\u0119\u0107 z dzie\u0107mi z niepe\u0142nosprawno\u015bci\u0105 intelektualn\u0105 w stopniu lekkim, umiarkowanym i znacznym<\/b><span style=\"font-weight: 400;\">. Szkolenie to przygotowuje nie tylko w zakresie rewalidacji. Tematy poruszane na kursie umo\u017cliwiaj\u0105 zdobycie wiedzy i kompetencje z zakresu pedagogiki specjalnej i oligofrenopedagogiki, a tak\u017ce metodyki nauczania i wychowania os\u00f3b o specjalnych potrzebach edukacyjnych.<\/span><\/p>\n<p><b>Zawarto\u015b\u0107 szkolenia zosta\u0142a przygotowana zgodnie z wytycznymi Ministerstwa Edukacji i Nauki<\/b><span style=\"font-weight: 400;\">. Dzi\u0119ki temu uczestnik mo\u017ce mie\u0107 pewno\u015b\u0107, \u017ce nasz kurs spe\u0142nia najwy\u017csze standardy edukacyjne. Warto doda\u0107, \u017ce <\/span><b>absolwent \u201cKursu Kwalifikacyjnego z zakresu oligofrenopedagogiki\u201d otrzymuje dokument zgodny z rozporz\u0105dzeniem Ministra Edukacji Narodowej<\/b><span style=\"font-weight: 400;\">.<\/span><\/p>\n","protected":false},"excerpt":{"rendered":"<p>Zadaniem nauczyciela jest planowanie i organizacja proces\u00f3w edukacyjno-wychowawczych zgodnie z mo\u017cliwo\u015bciami uczni\u00f3w w taki spos\u00f3b, by mogli oni osi\u0105ga\u0107 za\u0142o\u017cone cele zwi\u0105zane z wykszta\u0142ceniem. Jest to szczeg\u00f3lnie wa\u017cne u os\u00f3b, kt\u00f3re maj\u0105 okre\u015blony znaczny, umiarkowany lub lekki stopie\u0144 niepe\u0142nosprawno\u015bci. Rewalidacja jest jednym ze sposob\u00f3w wspierania uczni\u00f3w, o czym b\u0119dziemy pisali w dalszej cz\u0119\u015bci artyku\u0142u. Czym [&hellip;]<\/p>\n","protected":false},"author":12,"featured_media":1008,"comment_status":"closed","ping_status":"closed","sticky":false,"template":"","format":"standard","meta":{"_lmt_disableupdate":"no","_lmt_disable":"no","footnotes":""},"categories":[1271],"tags":[],"class_list":["post-1007","post","type-post","status-publish","format-standard","has-post-thumbnail","hentry","category-socjoterapia"],"modified_by":"digital","_links":{"self":[{"href":"https:\/\/epedagog.edu.pl\/aktualnosci\/wp-json\/wp\/v2\/posts\/1007","targetHints":{"allow":["GET"]}}],"collection":[{"href":"https:\/\/epedagog.edu.pl\/aktualnosci\/wp-json\/wp\/v2\/posts"}],"about":[{"href":"https:\/\/epedagog.edu.pl\/aktualnosci\/wp-json\/wp\/v2\/types\/post"}],"author":[{"embeddable":true,"href":"https:\/\/epedagog.edu.pl\/aktualnosci\/wp-json\/wp\/v2\/users\/12"}],"replies":[{"embeddable":true,"href":"https:\/\/epedagog.edu.pl\/aktualnosci\/wp-json\/wp\/v2\/comments?post=1007"}],"version-history":[{"count":1,"href":"https:\/\/epedagog.edu.pl\/aktualnosci\/wp-json\/wp\/v2\/posts\/1007\/revisions"}],"predecessor-version":[{"id":1010,"href":"https:\/\/epedagog.edu.pl\/aktualnosci\/wp-json\/wp\/v2\/posts\/1007\/revisions\/1010"}],"wp:featuredmedia":[{"embeddable":true,"href":"https:\/\/epedagog.edu.pl\/aktualnosci\/wp-json\/wp\/v2\/media\/1008"}],"wp:attachment":[{"href":"https:\/\/epedagog.edu.pl\/aktualnosci\/wp-json\/wp\/v2\/media?parent=1007"}],"wp:term":[{"taxonomy":"category","embeddable":true,"href":"https:\/\/epedagog.edu.pl\/aktualnosci\/wp-json\/wp\/v2\/categories?post=1007"},{"taxonomy":"post_tag","embeddable":true,"href":"https:\/\/epedagog.edu.pl\/aktualnosci\/wp-json\/wp\/v2\/tags?post=1007"}],"curies":[{"name":"wp","href":"https:\/\/api.w.org\/{rel}","templated":true}]}}